{"id":137919,"date":"2022-08-11T12:06:32","date_gmt":"2022-08-11T15:06:32","guid":{"rendered":"https:\/\/www.blogdopilako.com.br\/wp\/?p=137919"},"modified":"2022-08-11T18:17:33","modified_gmt":"2022-08-11T21:17:33","slug":"andre-de-paula-excomungado-na-terra-do-glorioso-santo-antao","status":"publish","type":"post","link":"http:\/\/www.blogdopilako.com.br\/wp\/2022\/08\/11\/andre-de-paula-excomungado-na-terra-do-glorioso-santo-antao\/","title":{"rendered":"Andr\u00e9 de Paula: &#8220;excomungado&#8221; na Terra do Glorioso Santo Ant\u00e3o!!!"},"content":{"rendered":"\n\t\t\t\t<div class=\"mr_social_sharing_wrapper\">\n\t\t\t\t<!-- Social Sharing Toolkit v2.2 --><span class=\"mr_social_sharing_top\"><span style=\"display: inline-block; width: 55px; height: 62px; overflow: hidden;\"><div class=\"fb-like\" data-href=\"http:\/\/www.blogdopilako.com.br\/wp\/2022\/08\/11\/andre-de-paula-excomungado-na-terra-do-glorioso-santo-antao\/\" data-send=\"false\" data-layout=\"box_count\" data-width=\"55\" data-show-faces=\"false\"><\/div><\/span><\/span><span class=\"mr_social_sharing_top\"><fb:share-button type=\"box_count\" href=\"http:\/\/www.blogdopilako.com.br\/wp\/2022\/08\/11\/andre-de-paula-excomungado-na-terra-do-glorioso-santo-antao\/\"><\/fb:share-button><\/span><span class=\"mr_social_sharing\"><a rel=\"nofollow\" class=\"linksalpha_button linksalpha_link\" href=\"\/\/www.linksalpha.com\/social\/mobile\" data-url=\"http:\/\/www.blogdopilako.com.br\/wp\/2022\/08\/11\/andre-de-paula-excomungado-na-terra-do-glorioso-santo-antao\/\" data-text=\"Andr\u00e9 de Paula: \u201cexcomungado\u201d na Terra do Glorioso Santo Ant\u00e3o!!!\" data-desc=\"Faltando poucos dias para come\u00e7ar oficialmente a campanha eleitoral \u00a0(2022), ocasi\u00e3o em que os postulantes estar\u00e3o se utilizando de todas as ferramentas dispon\u00edveis para pedir o voto do eleitor, sobretudo em movimentos de rua, observamos que at\u00e9 o presente momento nenhuma lideran\u00e7a politica\" data-image=\"http:\/\/www.blogdopilako.com.br\/wp\/wp-content\/uploads\/2022\/08\/4a0046cb-c023-409a-a949-cd1a998d55c4.jpg\" data-button=\"none\">\n\t\t\t\t\t<img src=\"\/\/www.linksalpha.com\/images\/social_share_button.png\" alt=\"Share\" class=\"linksalpha_image\" \/>\n\t\t\t\t\t<\/a><script type=\"text\/javascript\" src=\"\/\/www.linksalpha.com\/scripts\/loader_iconbox.js?v=2.4\"><\/script><\/span><\/div><p><img loading=\"lazy\" class=\"wp-image-137925 size-full alignright\" src=\"http:\/\/www.blogdopilako.com.br\/wp\/wp-content\/uploads\/2022\/08\/4a0046cb-c023-409a-a949-cd1a998d55c4.jpg\" alt=\"\" width=\"308\" height=\"317\" srcset=\"http:\/\/www.blogdopilako.com.br\/wp\/wp-content\/uploads\/2022\/08\/4a0046cb-c023-409a-a949-cd1a998d55c4.jpg 308w, http:\/\/www.blogdopilako.com.br\/wp\/wp-content\/uploads\/2022\/08\/4a0046cb-c023-409a-a949-cd1a998d55c4-291x300.jpg 291w\" sizes=\"(max-width: 308px) 100vw, 308px\" \/><\/p>\n<p style=\"text-align: justify;\"><strong>Faltando poucos dias para come\u00e7ar oficialmente a campanha eleitoral \u00a0(2022), ocasi\u00e3o em que os postulantes estar\u00e3o se utilizando de todas as ferramentas dispon\u00edveis para pedir o voto do eleitor, sobretudo em movimentos de rua, observamos que at\u00e9 o presente momento nenhuma lideran\u00e7a politica da terra de Jo\u00e3o Cleofas de Oliveira n\u00e3o declarou publicamente apoio \u00e0 candidatura ao senado do atual deputado federal \u00a0Andr\u00e9 de Paula.<\/strong><\/p>\n<p style=\"text-align: justify;\">Por uma quest\u00e3o de justi\u00e7a, \u00e9 \u00a0bom que se diga que de todas as candidaturas at\u00e9 agora postas\u00a0 para a \u00a0chamada \u201cCasa Alta\u201d, \u00a0a do \u00a0atual deputado federal Andr\u00e9 de Paula \u00a0\u2013 de longe \u2013\u00a0 se configura na mais robusta, \u00a0quando se coloca na balan\u00e7a\u00a0 requisitos importantes para o bom desempenho da fun\u00e7\u00e3o.<\/p>\n<p style=\"text-align: justify;\"><strong> Isto \u00e9:\u00a0 o mesmo \u00e9 um sujeito \u00a0equilibrado, tem \u00a0experi\u00eancia \u00a0na \u201cinsalubre\u201d atividade que exerce h\u00e1 mais 30 anos, \u00a0j\u00e1 ocupou \u00a0v\u00e1rias fun\u00e7\u00f5es na \u201cm\u00e1quina p\u00fablica\u201d \u00a0e tamb\u00e9m por conhecer os corredores e as\u00a0 encruzilhadas dos principais pr\u00e9dios da Capital Federal.<\/strong><\/p>\n<p style=\"text-align: justify;\"><strong>Antes, \u00a0\u00a0bem cotado para disputar o cargo (senador) \u00a0pela \u201cFrente Popular\u201d, Andr\u00e9 de Paula vivia \u00a0outra realidade, principalmente no que se refere \u00e0s \u201cjuras de amor\u201d dos pol\u00edticos antonenses.<\/strong><\/p>\n<p><img loading=\"lazy\" class=\"aligncenter wp-image-137926 size-full\" src=\"http:\/\/www.blogdopilako.com.br\/wp\/wp-content\/uploads\/2022\/08\/1_andre_de_paula_e_marilia_arraes-21026264.jpg\" alt=\"\" width=\"806\" height=\"443\" srcset=\"http:\/\/www.blogdopilako.com.br\/wp\/wp-content\/uploads\/2022\/08\/1_andre_de_paula_e_marilia_arraes-21026264.jpg 806w, http:\/\/www.blogdopilako.com.br\/wp\/wp-content\/uploads\/2022\/08\/1_andre_de_paula_e_marilia_arraes-21026264-300x165.jpg 300w, http:\/\/www.blogdopilako.com.br\/wp\/wp-content\/uploads\/2022\/08\/1_andre_de_paula_e_marilia_arraes-21026264-768x422.jpg 768w, http:\/\/www.blogdopilako.com.br\/wp\/wp-content\/uploads\/2022\/08\/1_andre_de_paula_e_marilia_arraes-21026264-500x275.jpg 500w\" sizes=\"(max-width: 806px) 100vw, 806px\" \/><\/p>\n<p style=\"text-align: justify;\"><strong>Atropelado pela agenda dos\u00a0 caciques estaduais e nacionais, Andr\u00e9 decidiu \u00a0levar seu projeto adiante e mudou para o palanque da\u00a0 ent\u00e3o pr\u00e9-candidata a governadora Marilia Arraes \u2013 vale salientar: principal desafeto do PSB pernambucano. Esse movimento de travessia, por assim dizer, foi o bastante para o deputado Andr\u00e9 de Paula virar uma esp\u00e9cie de \u00a0\u00a0\u201cexcomungado\u201d na Terra do Glorioso Santo Ant\u00e3o.<\/strong><\/p>\n<p><a href=\"http:\/\/www.blogdopilako.com.br\/wp\/wp-content\/uploads\/2022\/08\/Politicos-na-procissao-4.webp\"><img loading=\"lazy\" class=\"aligncenter wp-image-137927 size-full\" src=\"http:\/\/www.blogdopilako.com.br\/wp\/wp-content\/uploads\/2022\/08\/Politicos-na-procissao-4.webp\" alt=\"\" width=\"720\" height=\"373\" srcset=\"http:\/\/www.blogdopilako.com.br\/wp\/wp-content\/uploads\/2022\/08\/Politicos-na-procissao-4.webp 720w, http:\/\/www.blogdopilako.com.br\/wp\/wp-content\/uploads\/2022\/08\/Politicos-na-procissao-4-300x155.webp 300w, http:\/\/www.blogdopilako.com.br\/wp\/wp-content\/uploads\/2022\/08\/Politicos-na-procissao-4-500x259.webp 500w\" sizes=\"(max-width: 720px) 100vw, 720px\" \/><\/a>\u00c9 oportuno lembrar que os grupos pol\u00edticos locais \u2013 com assento na ALEPE \u2013, n\u00e3o obstante \u00a0nas elei\u00e7\u00f5es municipais vestirem \u00a0camisas \u00a0com cores \u00a0diferentes \u00a0\u2013 <strong>amarela, verde, vermelha, azul e etc<\/strong> -,\u00a0 os mesmos\u00a0 &#8211; a partir da vizinha cidade do Moreno em dire\u00e7\u00e3o ao Recife &#8211;\u00a0 integram um time s\u00f3, ou seja: <strong>O TIME DO GOVERNADOR PAULO C\u00c2MARA.<\/strong><\/p>\n<p><img loading=\"lazy\" class=\"aligncenter wp-image-137928 size-full\" src=\"http:\/\/www.blogdopilako.com.br\/wp\/wp-content\/uploads\/2022\/08\/IMG_0476-1024x683-1.jpg\" alt=\"\" width=\"1024\" height=\"683\" srcset=\"http:\/\/www.blogdopilako.com.br\/wp\/wp-content\/uploads\/2022\/08\/IMG_0476-1024x683-1.jpg 1024w, http:\/\/www.blogdopilako.com.br\/wp\/wp-content\/uploads\/2022\/08\/IMG_0476-1024x683-1-300x200.jpg 300w, http:\/\/www.blogdopilako.com.br\/wp\/wp-content\/uploads\/2022\/08\/IMG_0476-1024x683-1-768x512.jpg 768w, http:\/\/www.blogdopilako.com.br\/wp\/wp-content\/uploads\/2022\/08\/IMG_0476-1024x683-1-450x300.jpg 450w\" sizes=\"(max-width: 1024px) 100vw, 1024px\" \/><\/p>\n<p style=\"text-align: justify;\">Cada elei\u00e7\u00e3o tem suas caracter\u00edsticas e din\u00e2mica pr\u00f3pria. Por ocasi\u00e3o do anuncio da sua candidatura ao senado\u00a0 o Partido Progressista,\u00a0 \u00a0que no estado \u00e9 liderado pelo deputado federal Eduardo da Fonte,\u00a0 \u00a0fez at\u00e9 um \u201cH\u201d, no sentido do apoio.<\/p>\n<p style=\"text-align: justify;\">o referido gesto do PP, se at\u00e9 as conven\u00e7\u00f5es fosse concretizado, localmente daria ao grupo do deputado Henrique Queiroz uma outra possibilidade. <strong>Mas \u00e9 bom lembrar que \u201cDudu da Fonte\u201d, como tamb\u00e9m \u00e9 conhecido, tamb\u00e9m joga no \u201ctime\u201d do governador Paulo C\u00e2mara e, ao final, deixou\u00a0 o colega deputado federal,\u00a0 Andr\u00e9 de Paula,\u00a0 \u201cchupando o dedo e pendurado no pincel\u201d.<\/strong><\/p>\n<p style=\"text-align: justify;\"><strong>Desde sempre vinculados ao deputado Andr\u00e9 de Paula, \u201cos amarelos\u201d da nossa cidade, nesse pleito, por uma quest\u00e3o de \u201csobreviv\u00eancia pol\u00edtica\u201d do \u00a0deputado Joaquim Lira,\u00a0 \u00a0abandonaram completamente o antigo aliado Andr\u00e9 de Paula.<\/strong><\/p>\n<p style=\"text-align: justify;\"><strong>At\u00e9 o atual prefeito Paulo Roberto<\/strong> que, \u00a0segundo informa\u00e7\u00f5es de aliados do pr\u00f3prio gestor\u00a0 foi\u00a0 \u201cagraciado\u201d com algumas bases eleitorais do deputado federal Andr\u00e9 de Paula para encher o bal\u00e3o da postula\u00e7\u00e3o da sua filha,\u00a0 tamb\u00e9m, at\u00e9 agora,\u00a0 <strong>n\u00e3o se pronunciou publicamente\u00a0 \u00a0em rela\u00e7\u00e3o ao apoio \u00e0 postula\u00e7\u00e3o do amigo de longas datas,\u00a0 Andr\u00e9 de Paula.<\/strong> <strong>No Col\u00e9gio eleitoral antonense, ao que parece, o Andr\u00e9 e Paula ser\u00e1 literalmente abandonado pelos seus amigos e antigos aliados pol\u00edticos.<\/strong><\/p>\n<p style=\"text-align: justify;\">Para concluir gostaria de dizer que na liturgia pol\u00edtica n\u00e3o existe amizade antiga ou quaisquer outras considera\u00e7\u00f5es que resista \u00e0 conveni\u00eancia do momento. O que vale mesmo \u00e9 o interesse pontual e a manuten\u00e7\u00e3o do poder.<\/p>\n<p><img loading=\"lazy\" class=\"alignnone wp-image-137923 size-full\" src=\"http:\/\/www.blogdopilako.com.br\/wp\/wp-content\/uploads\/2022\/08\/2cf76eba-edc0-409a-b502-0fefddcd3ea2.jpg\" alt=\"\" width=\"640\" height=\"420\" srcset=\"http:\/\/www.blogdopilako.com.br\/wp\/wp-content\/uploads\/2022\/08\/2cf76eba-edc0-409a-b502-0fefddcd3ea2.jpg 640w, http:\/\/www.blogdopilako.com.br\/wp\/wp-content\/uploads\/2022\/08\/2cf76eba-edc0-409a-b502-0fefddcd3ea2-300x197.jpg 300w, http:\/\/www.blogdopilako.com.br\/wp\/wp-content\/uploads\/2022\/08\/2cf76eba-edc0-409a-b502-0fefddcd3ea2-457x300.jpg 457w\" sizes=\"(max-width: 640px) 100vw, 640px\" \/><\/p>\n<p style=\"text-align: justify;\">E para o eleitor comum da Vit\u00f3ria de Santo Ant\u00e3o, que \u201cmata e morre\u201d pelas cores locais,\u00a0 \u00a0imaginando\u00a0 que esse pol\u00edticos\u00a0 &#8211;\u00a0 com cores diferentes &#8211;\u00a0 s\u00e3o\u00a0 inimigos ou mesmo nem se falam, fica um recado:<\/p>\n<p style=\"text-align: justify;\"><strong>n\u00e3o brigue com seus familiares, vizinhos ou amigos por conta de pol\u00edtica, os &#8220;inimigos locais&#8221; est\u00e3o\u00a0 sempre combinando a pr\u00f3ximo jogada&#8230;..E, EM\u00a0 2022, O JOGO J\u00c1 EST\u00c1 POSTO: TODOS COM A\u00a0 CANDIDATA AO SENADO DO\u00a0 PT (Partido dos Trabalhadores), OU SEJA:\u00a0 \u00a0TEREZA LEIT\u00c3O. E PONTO FIANAL!!!<\/strong><\/p>\n<p style=\"text-align: justify;\"><img loading=\"lazy\" class=\"aligncenter wp-image-137922 size-large\" src=\"http:\/\/www.blogdopilako.com.br\/wp\/wp-content\/uploads\/2022\/08\/Pix-arte-final-2-30-1024x401.png\" alt=\"\" width=\"584\" height=\"229\" srcset=\"http:\/\/www.blogdopilako.com.br\/wp\/wp-content\/uploads\/2022\/08\/Pix-arte-final-2-30-1024x401.png 1024w, http:\/\/www.blogdopilako.com.br\/wp\/wp-content\/uploads\/2022\/08\/Pix-arte-final-2-30-300x117.png 300w, http:\/\/www.blogdopilako.com.br\/wp\/wp-content\/uploads\/2022\/08\/Pix-arte-final-2-30-768x301.png 768w, http:\/\/www.blogdopilako.com.br\/wp\/wp-content\/uploads\/2022\/08\/Pix-arte-final-2-30-1536x601.png 1536w, http:\/\/www.blogdopilako.com.br\/wp\/wp-content\/uploads\/2022\/08\/Pix-arte-final-2-30-2048x802.png 2048w, http:\/\/www.blogdopilako.com.br\/wp\/wp-content\/uploads\/2022\/08\/Pix-arte-final-2-30-500x196.png 500w\" sizes=\"(max-width: 584px) 100vw, 584px\" \/><\/p>\n\n\t\t\t\t<div class=\"mr_social_sharing_wrapper\">\n\t\t\t\t<!-- Social Sharing Toolkit v2.2 --><span class=\"mr_social_sharing_top\"><span style=\"display: inline-block; width: 55px; height: 62px; overflow: hidden;\"><div class=\"fb-like\" data-href=\"http:\/\/www.blogdopilako.com.br\/wp\/2022\/08\/11\/andre-de-paula-excomungado-na-terra-do-glorioso-santo-antao\/\" data-send=\"false\" data-layout=\"box_count\" data-width=\"55\" data-show-faces=\"false\"><\/div><\/span><\/span><span class=\"mr_social_sharing_top\"><fb:share-button type=\"box_count\" href=\"http:\/\/www.blogdopilako.com.br\/wp\/2022\/08\/11\/andre-de-paula-excomungado-na-terra-do-glorioso-santo-antao\/\"><\/fb:share-button><\/span><span class=\"mr_social_sharing\"><a rel=\"nofollow\" class=\"linksalpha_button linksalpha_link\" href=\"\/\/www.linksalpha.com\/social\/mobile\" data-url=\"http:\/\/www.blogdopilako.com.br\/wp\/2022\/08\/11\/andre-de-paula-excomungado-na-terra-do-glorioso-santo-antao\/\" data-text=\"Andr\u00e9 de Paula: \u201cexcomungado\u201d na Terra do Glorioso Santo Ant\u00e3o!!!\" data-desc=\"Faltando poucos dias para come\u00e7ar oficialmente a campanha eleitoral \u00a0(2022), ocasi\u00e3o em que os postulantes estar\u00e3o se utilizando de todas as ferramentas dispon\u00edveis para pedir o voto do eleitor, sobretudo em movimentos de rua, observamos que at\u00e9 o presente momento nenhuma lideran\u00e7a politica\" data-image=\"http:\/\/www.blogdopilako.com.br\/wp\/wp-content\/uploads\/2022\/08\/4a0046cb-c023-409a-a949-cd1a998d55c4.jpg\" data-button=\"none\">\n\t\t\t\t\t<img src=\"\/\/www.linksalpha.com\/images\/social_share_button.png\" alt=\"Share\" class=\"linksalpha_image\" \/>\n\t\t\t\t\t<\/a><script type=\"text\/javascript\" src=\"\/\/www.linksalpha.com\/scripts\/loader_iconbox.js?v=2.4\"><\/script><\/span><\/div>","protected":false},"excerpt":{"rendered":"\n\t\t\t\t<div class=\"mr_social_sharing_wrapper\">\n\t\t\t\t<!-- Social Sharing Toolkit v2.2 --><span class=\"mr_social_sharing_top\"><span style=\"display: inline-block; width: 55px; height: 62px; overflow: hidden;\"><div class=\"fb-like\" data-href=\"http:\/\/www.blogdopilako.com.br\/wp\/2022\/08\/11\/andre-de-paula-excomungado-na-terra-do-glorioso-santo-antao\/\" data-send=\"false\" data-layout=\"box_count\" data-width=\"55\" data-show-faces=\"false\"><\/div><\/span><\/span><span class=\"mr_social_sharing_top\"><fb:share-button type=\"box_count\" href=\"http:\/\/www.blogdopilako.com.br\/wp\/2022\/08\/11\/andre-de-paula-excomungado-na-terra-do-glorioso-santo-antao\/\"><\/fb:share-button><\/span><span class=\"mr_social_sharing\"><a rel=\"nofollow\" class=\"linksalpha_button linksalpha_link\" href=\"\/\/www.linksalpha.com\/social\/mobile\" data-url=\"http:\/\/www.blogdopilako.com.br\/wp\/2022\/08\/11\/andre-de-paula-excomungado-na-terra-do-glorioso-santo-antao\/\" data-text=\"Andr\u00e9 de Paula: \u201cexcomungado\u201d na Terra do Glorioso Santo Ant\u00e3o!!!\" data-desc=\"Faltando poucos dias para come\u00e7ar oficialmente a campanha eleitoral \u00a0(2022), ocasi\u00e3o em que os postulantes estar\u00e3o se utilizando de todas as ferramentas dispon\u00edveis para pedir o voto do eleitor, sobretudo em movimentos de rua, observamos que at\u00e9 o presente momento nenhuma lideran\u00e7a politica\" data-image=\"\" data-button=\"none\">\n\t\t\t\t\t<img src=\"\/\/www.linksalpha.com\/images\/social_share_button.png\" alt=\"Share\" class=\"linksalpha_image\" \/>\n\t\t\t\t\t<\/a><script type=\"text\/javascript\" src=\"\/\/www.linksalpha.com\/scripts\/loader_iconbox.js?v=2.4\"><\/script><\/span><\/div><p>Faltando poucos dias para come\u00e7ar oficialmente a campanha eleitoral \u00a0(2022), ocasi\u00e3o em que os postulantes estar\u00e3o se utilizando de todas as ferramentas dispon\u00edveis para pedir o voto do eleitor, sobretudo em movimentos de rua, observamos que at\u00e9 o presente momento &hellip; <a href=\"http:\/\/www.blogdopilako.com.br\/wp\/2022\/08\/11\/andre-de-paula-excomungado-na-terra-do-glorioso-santo-antao\/\">Continue lendo <span class=\"meta-nav\">&rarr;<\/span><\/a><\/p>\n\n\t\t\t\t<div class=\"mr_social_sharing_wrapper\">\n\t\t\t\t<!-- Social Sharing Toolkit v2.2 --><span class=\"mr_social_sharing_top\"><span style=\"display: inline-block; width: 55px; height: 62px; overflow: hidden;\"><div class=\"fb-like\" data-href=\"http:\/\/www.blogdopilako.com.br\/wp\/2022\/08\/11\/andre-de-paula-excomungado-na-terra-do-glorioso-santo-antao\/\" data-send=\"false\" data-layout=\"box_count\" data-width=\"55\" data-show-faces=\"false\"><\/div><\/span><\/span><span class=\"mr_social_sharing_top\"><fb:share-button type=\"box_count\" href=\"http:\/\/www.blogdopilako.com.br\/wp\/2022\/08\/11\/andre-de-paula-excomungado-na-terra-do-glorioso-santo-antao\/\"><\/fb:share-button><\/span><span class=\"mr_social_sharing\"><a rel=\"nofollow\" class=\"linksalpha_button linksalpha_link\" href=\"\/\/www.linksalpha.com\/social\/mobile\" data-url=\"http:\/\/www.blogdopilako.com.br\/wp\/2022\/08\/11\/andre-de-paula-excomungado-na-terra-do-glorioso-santo-antao\/\" data-text=\"Andr\u00e9 de Paula: \u201cexcomungado\u201d na Terra do Glorioso Santo Ant\u00e3o!!!\" data-desc=\"Faltando poucos dias para come\u00e7ar oficialmente a campanha eleitoral \u00a0(2022), ocasi\u00e3o em que os postulantes estar\u00e3o se utilizando de todas as ferramentas dispon\u00edveis para pedir o voto do eleitor, sobretudo em movimentos de rua, observamos que at\u00e9 o presente momento nenhuma lideran\u00e7a politica\" data-image=\"\" data-button=\"none\">\n\t\t\t\t\t<img src=\"\/\/www.linksalpha.com\/images\/social_share_button.png\" alt=\"Share\" class=\"linksalpha_image\" \/>\n\t\t\t\t\t<\/a><script type=\"text\/javascript\" src=\"\/\/www.linksalpha.com\/scripts\/loader_iconbox.js?v=2.4\"><\/script><\/span><\/div>","protected":false},"author":2,"featured_media":0,"comment_status":"open","ping_status":"open","sticky":false,"template":"","format":"standard","meta":[],"categories":[21],"tags":[],"_links":{"self":[{"href":"http:\/\/www.blogdopilako.com.br\/wp\/wp-json\/wp\/v2\/posts\/137919"}],"collection":[{"href":"http:\/\/www.blogdopilako.com.br\/wp\/wp-json\/wp\/v2\/posts"}],"about":[{"href":"http:\/\/www.blogdopilako.com.br\/wp\/wp-json\/wp\/v2\/types\/post"}],"author":[{"embeddable":true,"href":"http:\/\/www.blogdopilako.com.br\/wp\/wp-json\/wp\/v2\/users\/2"}],"replies":[{"embeddable":true,"href":"http:\/\/www.blogdopilako.com.br\/wp\/wp-json\/wp\/v2\/comments?post=137919"}],"version-history":[{"count":5,"href":"http:\/\/www.blogdopilako.com.br\/wp\/wp-json\/wp\/v2\/posts\/137919\/revisions"}],"predecessor-version":[{"id":137932,"href":"http:\/\/www.blogdopilako.com.br\/wp\/wp-json\/wp\/v2\/posts\/137919\/revisions\/137932"}],"wp:attachment":[{"href":"http:\/\/www.blogdopilako.com.br\/wp\/wp-json\/wp\/v2\/media?parent=137919"}],"wp:term":[{"taxonomy":"category","embeddable":true,"href":"http:\/\/www.blogdopilako.com.br\/wp\/wp-json\/wp\/v2\/categories?post=137919"},{"taxonomy":"post_tag","embeddable":true,"href":"http:\/\/www.blogdopilako.com.br\/wp\/wp-json\/wp\/v2\/tags?post=137919"}],"curies":[{"name":"wp","href":"https:\/\/api.w.org\/{rel}","templated":true}]}}