{"id":137763,"date":"2022-08-02T09:30:03","date_gmt":"2022-08-02T12:30:03","guid":{"rendered":"https:\/\/www.blogdopilako.com.br\/wp\/?p=137763"},"modified":"2022-08-02T14:42:52","modified_gmt":"2022-08-02T17:42:52","slug":"convite-instituto-historico-hohe","status":"publish","type":"post","link":"http:\/\/www.blogdopilako.com.br\/wp\/2022\/08\/02\/convite-instituto-historico-hohe\/","title":{"rendered":"CONVITE &#8211; Instituto Hist\u00f3rico &#8211; HOJE!!!"},"content":{"rendered":"\n\t\t\t\t<div class=\"mr_social_sharing_wrapper\">\n\t\t\t\t<!-- Social Sharing Toolkit v2.2 --><span class=\"mr_social_sharing_top\"><span style=\"display: inline-block; width: 55px; height: 62px; overflow: hidden;\"><div class=\"fb-like\" data-href=\"http:\/\/www.blogdopilako.com.br\/wp\/2022\/08\/02\/convite-instituto-historico-hohe\/\" data-send=\"false\" data-layout=\"box_count\" data-width=\"55\" data-show-faces=\"false\"><\/div><\/span><\/span><span class=\"mr_social_sharing_top\"><fb:share-button type=\"box_count\" href=\"http:\/\/www.blogdopilako.com.br\/wp\/2022\/08\/02\/convite-instituto-historico-hohe\/\"><\/fb:share-button><\/span><span class=\"mr_social_sharing\"><a rel=\"nofollow\" class=\"linksalpha_button linksalpha_link\" href=\"\/\/www.linksalpha.com\/social\/mobile\" data-url=\"http:\/\/www.blogdopilako.com.br\/wp\/2022\/08\/02\/convite-instituto-historico-hohe\/\" data-text=\"CONVITE \u2013 Instituto Hist\u00f3rico \u2013 HOJE!!!\" data-desc=\"Na pr\u00f3xima ter\u00e7a-feira (02), em comemora\u00e7\u00e3o aos 377 anos da Batalha das Tabocas, a serem completados no dia 03 de agosto, o IHGVSA convida toda a sociedade vitoriense para a solenidade festiva referente a data. Aproveitando a ocasi\u00e3o, o presidente do IHGVSA, o professor Pedro Ferrer, ir\u00e1\" data-image=\"http:\/\/www.blogdopilako.com.br\/wp\/wp-content\/uploads\/2022\/08\/4736986d-bc8c-495b-9a3c-d764837dccae-1536x928-1.jpg\" data-button=\"none\">\n\t\t\t\t\t<img src=\"\/\/www.linksalpha.com\/images\/social_share_button.png\" alt=\"Share\" class=\"linksalpha_image\" \/>\n\t\t\t\t\t<\/a><script type=\"text\/javascript\" src=\"\/\/www.linksalpha.com\/scripts\/loader_iconbox.js?v=2.4\"><\/script><\/span><\/div><p><img loading=\"lazy\" class=\"aligncenter wp-image-137764 size-full\" src=\"http:\/\/www.blogdopilako.com.br\/wp\/wp-content\/uploads\/2022\/08\/4736986d-bc8c-495b-9a3c-d764837dccae-1536x928-1.jpg\" alt=\"\" width=\"1536\" height=\"928\" srcset=\"http:\/\/www.blogdopilako.com.br\/wp\/wp-content\/uploads\/2022\/08\/4736986d-bc8c-495b-9a3c-d764837dccae-1536x928-1.jpg 1536w, http:\/\/www.blogdopilako.com.br\/wp\/wp-content\/uploads\/2022\/08\/4736986d-bc8c-495b-9a3c-d764837dccae-1536x928-1-300x181.jpg 300w, http:\/\/www.blogdopilako.com.br\/wp\/wp-content\/uploads\/2022\/08\/4736986d-bc8c-495b-9a3c-d764837dccae-1536x928-1-1024x619.jpg 1024w, http:\/\/www.blogdopilako.com.br\/wp\/wp-content\/uploads\/2022\/08\/4736986d-bc8c-495b-9a3c-d764837dccae-1536x928-1-768x464.jpg 768w, http:\/\/www.blogdopilako.com.br\/wp\/wp-content\/uploads\/2022\/08\/4736986d-bc8c-495b-9a3c-d764837dccae-1536x928-1-497x300.jpg 497w\" sizes=\"(max-width: 1536px) 100vw, 1536px\" \/><\/p>\n<p style=\"text-align: justify;\">Na pr\u00f3xima ter\u00e7a-feira (02), em comemora\u00e7\u00e3o aos 377 anos da Batalha das Tabocas, a serem completados no dia 03 de agosto, o IHGVSA convida toda a sociedade vitoriense para a solenidade festiva referente a data. Aproveitando a ocasi\u00e3o, o presidente do IHGVSA, o professor Pedro Ferrer, ir\u00e1 inaugurar a pra\u00e7a Eunice Xavier, que se encontra dentro do Instituto.<\/p>\n<p style=\"text-align: justify;\">A professora e ex-presidente do Instituto, Eunice de Vasconcelos Xavier, assumiu por quase duas d\u00e9cadas a Presid\u00eancia do Instituto Hist\u00f3rico. Sua gest\u00e3o destacou-se pela restaura\u00e7\u00e3o das instala\u00e7\u00f5es do Silogeu e da fachada do pr\u00e9dio do IHGVSA \u2013 na Rua Imperial. Trabalhou ativamente para melhoria do Museu Sacro, executou a cria\u00e7\u00e3o do Museu da Imprensa e climatiza\u00e7\u00e3o do Sal\u00e3o Nobre. Destacou-se tamb\u00e9m por sempre realizar e incentivar as comemora\u00e7\u00f5es da Batalha do Monte das Tabocas, no IHGVSA, bem como da data Magna do munic\u00edpio.<\/p>\n<p><iframe loading=\"lazy\" title=\"Blog do Pilako: INSTITUTO HIST\u00d3RICO - CONVITE - DIA 02 DE AGOSTO DE 2022\" width=\"584\" height=\"329\" src=\"https:\/\/www.youtube.com\/embed\/2DYhpsm7Op0?feature=oembed\" frameborder=\"0\" allow=\"accelerometer; autoplay; clipboard-write; encrypted-media; gyroscope; picture-in-picture\" allowfullscreen><\/iframe><\/p>\n<p><img loading=\"lazy\" class=\"aligncenter wp-image-137765 size-large\" src=\"http:\/\/www.blogdopilako.com.br\/wp\/wp-content\/uploads\/2022\/08\/Pix-arte-final-2-4-1024x401.png\" alt=\"\" width=\"584\" height=\"229\" srcset=\"http:\/\/www.blogdopilako.com.br\/wp\/wp-content\/uploads\/2022\/08\/Pix-arte-final-2-4-1024x401.png 1024w, http:\/\/www.blogdopilako.com.br\/wp\/wp-content\/uploads\/2022\/08\/Pix-arte-final-2-4-300x117.png 300w, http:\/\/www.blogdopilako.com.br\/wp\/wp-content\/uploads\/2022\/08\/Pix-arte-final-2-4-768x301.png 768w, http:\/\/www.blogdopilako.com.br\/wp\/wp-content\/uploads\/2022\/08\/Pix-arte-final-2-4-1536x601.png 1536w, http:\/\/www.blogdopilako.com.br\/wp\/wp-content\/uploads\/2022\/08\/Pix-arte-final-2-4-2048x802.png 2048w, http:\/\/www.blogdopilako.com.br\/wp\/wp-content\/uploads\/2022\/08\/Pix-arte-final-2-4-500x196.png 500w\" sizes=\"(max-width: 584px) 100vw, 584px\" \/><\/p>\n\n\t\t\t\t<div class=\"mr_social_sharing_wrapper\">\n\t\t\t\t<!-- Social Sharing Toolkit v2.2 --><span class=\"mr_social_sharing_top\"><span style=\"display: inline-block; width: 55px; height: 62px; overflow: hidden;\"><div class=\"fb-like\" data-href=\"http:\/\/www.blogdopilako.com.br\/wp\/2022\/08\/02\/convite-instituto-historico-hohe\/\" data-send=\"false\" data-layout=\"box_count\" data-width=\"55\" data-show-faces=\"false\"><\/div><\/span><\/span><span class=\"mr_social_sharing_top\"><fb:share-button type=\"box_count\" href=\"http:\/\/www.blogdopilako.com.br\/wp\/2022\/08\/02\/convite-instituto-historico-hohe\/\"><\/fb:share-button><\/span><span class=\"mr_social_sharing\"><a rel=\"nofollow\" class=\"linksalpha_button linksalpha_link\" href=\"\/\/www.linksalpha.com\/social\/mobile\" data-url=\"http:\/\/www.blogdopilako.com.br\/wp\/2022\/08\/02\/convite-instituto-historico-hohe\/\" data-text=\"CONVITE \u2013 Instituto Hist\u00f3rico \u2013 HOJE!!!\" data-desc=\"Na pr\u00f3xima ter\u00e7a-feira (02), em comemora\u00e7\u00e3o aos 377 anos da Batalha das Tabocas, a serem completados no dia 03 de agosto, o IHGVSA convida toda a sociedade vitoriense para a solenidade festiva referente a data. Aproveitando a ocasi\u00e3o, o presidente do IHGVSA, o professor Pedro Ferrer, ir\u00e1\" data-image=\"http:\/\/www.blogdopilako.com.br\/wp\/wp-content\/uploads\/2022\/08\/4736986d-bc8c-495b-9a3c-d764837dccae-1536x928-1.jpg\" data-button=\"none\">\n\t\t\t\t\t<img src=\"\/\/www.linksalpha.com\/images\/social_share_button.png\" alt=\"Share\" class=\"linksalpha_image\" \/>\n\t\t\t\t\t<\/a><script type=\"text\/javascript\" src=\"\/\/www.linksalpha.com\/scripts\/loader_iconbox.js?v=2.4\"><\/script><\/span><\/div>","protected":false},"excerpt":{"rendered":"\n\t\t\t\t<div class=\"mr_social_sharing_wrapper\">\n\t\t\t\t<!-- Social Sharing Toolkit v2.2 --><span class=\"mr_social_sharing_top\"><span style=\"display: inline-block; width: 55px; height: 62px; overflow: hidden;\"><div class=\"fb-like\" data-href=\"http:\/\/www.blogdopilako.com.br\/wp\/2022\/08\/02\/convite-instituto-historico-hohe\/\" data-send=\"false\" data-layout=\"box_count\" data-width=\"55\" data-show-faces=\"false\"><\/div><\/span><\/span><span class=\"mr_social_sharing_top\"><fb:share-button type=\"box_count\" href=\"http:\/\/www.blogdopilako.com.br\/wp\/2022\/08\/02\/convite-instituto-historico-hohe\/\"><\/fb:share-button><\/span><span class=\"mr_social_sharing\"><a rel=\"nofollow\" class=\"linksalpha_button linksalpha_link\" href=\"\/\/www.linksalpha.com\/social\/mobile\" data-url=\"http:\/\/www.blogdopilako.com.br\/wp\/2022\/08\/02\/convite-instituto-historico-hohe\/\" data-text=\"CONVITE \u2013 Instituto Hist\u00f3rico \u2013 HOJE!!!\" data-desc=\"Na pr\u00f3xima ter\u00e7a-feira (02), em comemora\u00e7\u00e3o aos 377 anos da Batalha das Tabocas, a serem completados no dia 03 de agosto, o IHGVSA convida toda a sociedade vitoriense para a solenidade festiva referente a data. Aproveitando a ocasi\u00e3o, o presidente do IHGVSA, o professor Pedro Ferrer, ir\u00e1\" data-image=\"\" data-button=\"none\">\n\t\t\t\t\t<img src=\"\/\/www.linksalpha.com\/images\/social_share_button.png\" alt=\"Share\" class=\"linksalpha_image\" \/>\n\t\t\t\t\t<\/a><script type=\"text\/javascript\" src=\"\/\/www.linksalpha.com\/scripts\/loader_iconbox.js?v=2.4\"><\/script><\/span><\/div><p>Na pr\u00f3xima ter\u00e7a-feira (02), em comemora\u00e7\u00e3o aos 377 anos da Batalha das Tabocas, a serem completados no dia 03 de agosto, o IHGVSA convida toda a sociedade vitoriense para a solenidade festiva referente a data. Aproveitando a ocasi\u00e3o, o presidente &hellip; <a href=\"http:\/\/www.blogdopilako.com.br\/wp\/2022\/08\/02\/convite-instituto-historico-hohe\/\">Continue lendo <span class=\"meta-nav\">&rarr;<\/span><\/a><\/p>\n\n\t\t\t\t<div class=\"mr_social_sharing_wrapper\">\n\t\t\t\t<!-- Social Sharing Toolkit v2.2 --><span class=\"mr_social_sharing_top\"><span style=\"display: inline-block; width: 55px; height: 62px; overflow: hidden;\"><div class=\"fb-like\" data-href=\"http:\/\/www.blogdopilako.com.br\/wp\/2022\/08\/02\/convite-instituto-historico-hohe\/\" data-send=\"false\" data-layout=\"box_count\" data-width=\"55\" data-show-faces=\"false\"><\/div><\/span><\/span><span class=\"mr_social_sharing_top\"><fb:share-button type=\"box_count\" href=\"http:\/\/www.blogdopilako.com.br\/wp\/2022\/08\/02\/convite-instituto-historico-hohe\/\"><\/fb:share-button><\/span><span class=\"mr_social_sharing\"><a rel=\"nofollow\" class=\"linksalpha_button linksalpha_link\" href=\"\/\/www.linksalpha.com\/social\/mobile\" data-url=\"http:\/\/www.blogdopilako.com.br\/wp\/2022\/08\/02\/convite-instituto-historico-hohe\/\" data-text=\"CONVITE \u2013 Instituto Hist\u00f3rico \u2013 HOJE!!!\" data-desc=\"Na pr\u00f3xima ter\u00e7a-feira (02), em comemora\u00e7\u00e3o aos 377 anos da Batalha das Tabocas, a serem completados no dia 03 de agosto, o IHGVSA convida toda a sociedade vitoriense para a solenidade festiva referente a data. Aproveitando a ocasi\u00e3o, o presidente do IHGVSA, o professor Pedro Ferrer, ir\u00e1\" data-image=\"\" data-button=\"none\">\n\t\t\t\t\t<img src=\"\/\/www.linksalpha.com\/images\/social_share_button.png\" alt=\"Share\" class=\"linksalpha_image\" \/>\n\t\t\t\t\t<\/a><script type=\"text\/javascript\" src=\"\/\/www.linksalpha.com\/scripts\/loader_iconbox.js?v=2.4\"><\/script><\/span><\/div>","protected":false},"author":2,"featured_media":0,"comment_status":"open","ping_status":"open","sticky":false,"template":"","format":"standard","meta":[],"categories":[21],"tags":[],"_links":{"self":[{"href":"http:\/\/www.blogdopilako.com.br\/wp\/wp-json\/wp\/v2\/posts\/137763"}],"collection":[{"href":"http:\/\/www.blogdopilako.com.br\/wp\/wp-json\/wp\/v2\/posts"}],"about":[{"href":"http:\/\/www.blogdopilako.com.br\/wp\/wp-json\/wp\/v2\/types\/post"}],"author":[{"embeddable":true,"href":"http:\/\/www.blogdopilako.com.br\/wp\/wp-json\/wp\/v2\/users\/2"}],"replies":[{"embeddable":true,"href":"http:\/\/www.blogdopilako.com.br\/wp\/wp-json\/wp\/v2\/comments?post=137763"}],"version-history":[{"count":2,"href":"http:\/\/www.blogdopilako.com.br\/wp\/wp-json\/wp\/v2\/posts\/137763\/revisions"}],"predecessor-version":[{"id":137781,"href":"http:\/\/www.blogdopilako.com.br\/wp\/wp-json\/wp\/v2\/posts\/137763\/revisions\/137781"}],"wp:attachment":[{"href":"http:\/\/www.blogdopilako.com.br\/wp\/wp-json\/wp\/v2\/media?parent=137763"}],"wp:term":[{"taxonomy":"category","embeddable":true,"href":"http:\/\/www.blogdopilako.com.br\/wp\/wp-json\/wp\/v2\/categories?post=137763"},{"taxonomy":"post_tag","embeddable":true,"href":"http:\/\/www.blogdopilako.com.br\/wp\/wp-json\/wp\/v2\/tags?post=137763"}],"curies":[{"name":"wp","href":"https:\/\/api.w.org\/{rel}","templated":true}]}}