{"id":137746,"date":"2022-08-01T10:19:55","date_gmt":"2022-08-01T13:19:55","guid":{"rendered":"https:\/\/www.blogdopilako.com.br\/wp\/?p=137746"},"modified":"2022-08-01T10:19:55","modified_gmt":"2022-08-01T13:19:55","slug":"aguas-do-rio-bug-por-marcus-prado","status":"publish","type":"post","link":"http:\/\/www.blogdopilako.com.br\/wp\/2022\/08\/01\/aguas-do-rio-bug-por-marcus-prado\/","title":{"rendered":"\u00c1guas do rio Bug &#8211; por Marcus Prado."},"content":{"rendered":"\n\t\t\t\t<div class=\"mr_social_sharing_wrapper\">\n\t\t\t\t<!-- Social Sharing Toolkit v2.2 --><span class=\"mr_social_sharing_top\"><span style=\"display: inline-block; width: 55px; height: 62px; overflow: hidden;\"><div class=\"fb-like\" data-href=\"http:\/\/www.blogdopilako.com.br\/wp\/2022\/08\/01\/aguas-do-rio-bug-por-marcus-prado\/\" data-send=\"false\" data-layout=\"box_count\" data-width=\"55\" data-show-faces=\"false\"><\/div><\/span><\/span><span class=\"mr_social_sharing_top\"><fb:share-button type=\"box_count\" href=\"http:\/\/www.blogdopilako.com.br\/wp\/2022\/08\/01\/aguas-do-rio-bug-por-marcus-prado\/\"><\/fb:share-button><\/span><span class=\"mr_social_sharing\"><a rel=\"nofollow\" class=\"linksalpha_button linksalpha_link\" href=\"\/\/www.linksalpha.com\/social\/mobile\" data-url=\"http:\/\/www.blogdopilako.com.br\/wp\/2022\/08\/01\/aguas-do-rio-bug-por-marcus-prado\/\" data-text=\"\u00c1guas do rio Bug \u2013 por Marcus Prado.\" data-desc=\"MUITOS POVOS LAVAM as crian\u00e7as rec\u00e9m-nascidas nos rios ou no mar. Quando nasceu, na Chechelnyk, uma pequena cidade da regi\u00e3o de Vinnytsia, Ucr\u00e2nia, a pequenina Clarice Lispector foi lavada por seu pai, Pinkhas Lispector, no primeiro banho, como era tradi\u00e7\u00e3o, nas \u00e1guas do rio Bug. Baug dos\" data-image=\"http:\/\/www.blogdopilako.com.br\/wp\/wp-content\/uploads\/2022\/08\/ee673497-4b94-4714-803a-43c8f09a3394-300x160.jpg\" data-button=\"none\">\n\t\t\t\t\t<img src=\"\/\/www.linksalpha.com\/images\/social_share_button.png\" alt=\"Share\" class=\"linksalpha_image\" \/>\n\t\t\t\t\t<\/a><script type=\"text\/javascript\" src=\"\/\/www.linksalpha.com\/scripts\/loader_iconbox.js?v=2.4\"><\/script><\/span><\/div><p><img loading=\"lazy\" class=\"size-medium wp-image-137748 alignleft\" src=\"http:\/\/www.blogdopilako.com.br\/wp\/wp-content\/uploads\/2022\/08\/ee673497-4b94-4714-803a-43c8f09a3394-300x160.jpg\" alt=\"\" width=\"300\" height=\"160\" srcset=\"http:\/\/www.blogdopilako.com.br\/wp\/wp-content\/uploads\/2022\/08\/ee673497-4b94-4714-803a-43c8f09a3394-300x160.jpg 300w, http:\/\/www.blogdopilako.com.br\/wp\/wp-content\/uploads\/2022\/08\/ee673497-4b94-4714-803a-43c8f09a3394-1024x546.jpg 1024w, http:\/\/www.blogdopilako.com.br\/wp\/wp-content\/uploads\/2022\/08\/ee673497-4b94-4714-803a-43c8f09a3394-768x410.jpg 768w, http:\/\/www.blogdopilako.com.br\/wp\/wp-content\/uploads\/2022\/08\/ee673497-4b94-4714-803a-43c8f09a3394-500x267.jpg 500w, http:\/\/www.blogdopilako.com.br\/wp\/wp-content\/uploads\/2022\/08\/ee673497-4b94-4714-803a-43c8f09a3394.jpg 1280w\" sizes=\"(max-width: 300px) 100vw, 300px\" \/><\/p>\n<p style=\"text-align: justify;\">MUITOS POVOS LAVAM as crian\u00e7as rec\u00e9m-nascidas nos rios ou no mar. Quando nasceu, na Chechelnyk, uma pequena cidade da regi\u00e3o de Vinnytsia, Ucr\u00e2nia, a pequenina Clarice Lispector foi lavada por seu pai, Pinkhas Lispector, no primeiro banho, como era tradi\u00e7\u00e3o, nas \u00e1guas do rio Bug. Baug dos godos, que antes viviam em grande n\u00famero perto desse rio.<\/p>\n<p style=\"text-align: justify;\">Anos depois, vindo morar no Recife, n\u00e3o era de estranhar o h\u00e1bito do pai de Clarice ao levar a crian\u00e7a e suas irm\u00e3s para banho de mar, n\u00e3o menos de duas vezes por semana, na praia olindense dos Milagres. Saiam da outra rua dos judeus, no bairro da Boa Vista, e iam de bonde para a praia olindense. A mesma praia e banhos de mar lembrados anos depois por Clarice em suas famosas cr\u00f4nicas. Os passeios dos anos mais felizes de sua vida. Isso era repetido sempre por ela.<br \/>\n<img loading=\"lazy\" class=\"size-medium wp-image-137749 alignright\" src=\"http:\/\/www.blogdopilako.com.br\/wp\/wp-content\/uploads\/2022\/08\/60f86534-7740-4795-9adf-4ead4b4bd251-300x167.jpg\" alt=\"\" width=\"300\" height=\"167\" srcset=\"http:\/\/www.blogdopilako.com.br\/wp\/wp-content\/uploads\/2022\/08\/60f86534-7740-4795-9adf-4ead4b4bd251-300x167.jpg 300w, http:\/\/www.blogdopilako.com.br\/wp\/wp-content\/uploads\/2022\/08\/60f86534-7740-4795-9adf-4ead4b4bd251-768x427.jpg 768w, http:\/\/www.blogdopilako.com.br\/wp\/wp-content\/uploads\/2022\/08\/60f86534-7740-4795-9adf-4ead4b4bd251-500x278.jpg 500w, http:\/\/www.blogdopilako.com.br\/wp\/wp-content\/uploads\/2022\/08\/60f86534-7740-4795-9adf-4ead4b4bd251.jpg 800w\" sizes=\"(max-width: 300px) 100vw, 300px\" \/><\/p>\n<p style=\"text-align: justify;\">PS: No meu tempo de menino, haviam em Vit\u00f3ria de Santo Ant\u00e3o duas divinas parteiras: a M\u00e3e Em\u00edlia e a M\u00e3e Edithe. A pedido das m\u00e3es, levavam para deitar sobre o rio Tapacur\u00e1 o umbigo dos seus rec\u00e9m-nascidos. Naquela \u00e9poca o Tapacur\u00e1 fazia gosto de pescar e tomar banho nele, n\u00e3o \u00e9 como hoje, com tamanha polui\u00e7\u00e3o.<\/p>\n<p style=\"text-align: justify;\"><strong>Marcus Prado &#8211; jornalista\u00a0<\/strong><\/p>\n<p><img loading=\"lazy\" class=\"alignnone wp-image-137744 size-large\" src=\"http:\/\/www.blogdopilako.com.br\/wp\/wp-content\/uploads\/2022\/08\/Pix-arte-final-2-1-1024x401.png\" alt=\"\" width=\"584\" height=\"229\" srcset=\"http:\/\/www.blogdopilako.com.br\/wp\/wp-content\/uploads\/2022\/08\/Pix-arte-final-2-1-1024x401.png 1024w, http:\/\/www.blogdopilako.com.br\/wp\/wp-content\/uploads\/2022\/08\/Pix-arte-final-2-1-300x117.png 300w, http:\/\/www.blogdopilako.com.br\/wp\/wp-content\/uploads\/2022\/08\/Pix-arte-final-2-1-768x301.png 768w, http:\/\/www.blogdopilako.com.br\/wp\/wp-content\/uploads\/2022\/08\/Pix-arte-final-2-1-1536x601.png 1536w, http:\/\/www.blogdopilako.com.br\/wp\/wp-content\/uploads\/2022\/08\/Pix-arte-final-2-1-2048x802.png 2048w, http:\/\/www.blogdopilako.com.br\/wp\/wp-content\/uploads\/2022\/08\/Pix-arte-final-2-1-500x196.png 500w\" sizes=\"(max-width: 584px) 100vw, 584px\" \/><\/p>\n\n\t\t\t\t<div class=\"mr_social_sharing_wrapper\">\n\t\t\t\t<!-- Social Sharing Toolkit v2.2 --><span class=\"mr_social_sharing_top\"><span style=\"display: inline-block; width: 55px; height: 62px; overflow: hidden;\"><div class=\"fb-like\" data-href=\"http:\/\/www.blogdopilako.com.br\/wp\/2022\/08\/01\/aguas-do-rio-bug-por-marcus-prado\/\" data-send=\"false\" data-layout=\"box_count\" data-width=\"55\" data-show-faces=\"false\"><\/div><\/span><\/span><span class=\"mr_social_sharing_top\"><fb:share-button type=\"box_count\" href=\"http:\/\/www.blogdopilako.com.br\/wp\/2022\/08\/01\/aguas-do-rio-bug-por-marcus-prado\/\"><\/fb:share-button><\/span><span class=\"mr_social_sharing\"><a rel=\"nofollow\" class=\"linksalpha_button linksalpha_link\" href=\"\/\/www.linksalpha.com\/social\/mobile\" data-url=\"http:\/\/www.blogdopilako.com.br\/wp\/2022\/08\/01\/aguas-do-rio-bug-por-marcus-prado\/\" data-text=\"\u00c1guas do rio Bug \u2013 por Marcus Prado.\" data-desc=\"MUITOS POVOS LAVAM as crian\u00e7as rec\u00e9m-nascidas nos rios ou no mar. Quando nasceu, na Chechelnyk, uma pequena cidade da regi\u00e3o de Vinnytsia, Ucr\u00e2nia, a pequenina Clarice Lispector foi lavada por seu pai, Pinkhas Lispector, no primeiro banho, como era tradi\u00e7\u00e3o, nas \u00e1guas do rio Bug. Baug dos\" data-image=\"http:\/\/www.blogdopilako.com.br\/wp\/wp-content\/uploads\/2022\/08\/ee673497-4b94-4714-803a-43c8f09a3394-300x160.jpg\" data-button=\"none\">\n\t\t\t\t\t<img src=\"\/\/www.linksalpha.com\/images\/social_share_button.png\" alt=\"Share\" class=\"linksalpha_image\" \/>\n\t\t\t\t\t<\/a><script type=\"text\/javascript\" src=\"\/\/www.linksalpha.com\/scripts\/loader_iconbox.js?v=2.4\"><\/script><\/span><\/div>","protected":false},"excerpt":{"rendered":"\n\t\t\t\t<div class=\"mr_social_sharing_wrapper\">\n\t\t\t\t<!-- Social Sharing Toolkit v2.2 --><span class=\"mr_social_sharing_top\"><span style=\"display: inline-block; width: 55px; height: 62px; overflow: hidden;\"><div class=\"fb-like\" data-href=\"http:\/\/www.blogdopilako.com.br\/wp\/2022\/08\/01\/aguas-do-rio-bug-por-marcus-prado\/\" data-send=\"false\" data-layout=\"box_count\" data-width=\"55\" data-show-faces=\"false\"><\/div><\/span><\/span><span class=\"mr_social_sharing_top\"><fb:share-button type=\"box_count\" href=\"http:\/\/www.blogdopilako.com.br\/wp\/2022\/08\/01\/aguas-do-rio-bug-por-marcus-prado\/\"><\/fb:share-button><\/span><span class=\"mr_social_sharing\"><a rel=\"nofollow\" class=\"linksalpha_button linksalpha_link\" href=\"\/\/www.linksalpha.com\/social\/mobile\" data-url=\"http:\/\/www.blogdopilako.com.br\/wp\/2022\/08\/01\/aguas-do-rio-bug-por-marcus-prado\/\" data-text=\"\u00c1guas do rio Bug \u2013 por Marcus Prado.\" data-desc=\"MUITOS POVOS LAVAM as crian\u00e7as rec\u00e9m-nascidas nos rios ou no mar. Quando nasceu, na Chechelnyk, uma pequena cidade da regi\u00e3o de Vinnytsia, Ucr\u00e2nia, a pequenina Clarice Lispector foi lavada por seu pai, Pinkhas Lispector, no primeiro banho, como era tradi\u00e7\u00e3o, nas \u00e1guas do rio Bug. Baug dos\" data-image=\"\" data-button=\"none\">\n\t\t\t\t\t<img src=\"\/\/www.linksalpha.com\/images\/social_share_button.png\" alt=\"Share\" class=\"linksalpha_image\" \/>\n\t\t\t\t\t<\/a><script type=\"text\/javascript\" src=\"\/\/www.linksalpha.com\/scripts\/loader_iconbox.js?v=2.4\"><\/script><\/span><\/div><p>MUITOS POVOS LAVAM as crian\u00e7as rec\u00e9m-nascidas nos rios ou no mar. Quando nasceu, na Chechelnyk, uma pequena cidade da regi\u00e3o de Vinnytsia, Ucr\u00e2nia, a pequenina Clarice Lispector foi lavada por seu pai, Pinkhas Lispector, no primeiro banho, como era tradi\u00e7\u00e3o, &hellip; <a href=\"http:\/\/www.blogdopilako.com.br\/wp\/2022\/08\/01\/aguas-do-rio-bug-por-marcus-prado\/\">Continue lendo <span class=\"meta-nav\">&rarr;<\/span><\/a><\/p>\n\n\t\t\t\t<div class=\"mr_social_sharing_wrapper\">\n\t\t\t\t<!-- Social Sharing Toolkit v2.2 --><span class=\"mr_social_sharing_top\"><span style=\"display: inline-block; width: 55px; height: 62px; overflow: hidden;\"><div class=\"fb-like\" data-href=\"http:\/\/www.blogdopilako.com.br\/wp\/2022\/08\/01\/aguas-do-rio-bug-por-marcus-prado\/\" data-send=\"false\" data-layout=\"box_count\" data-width=\"55\" data-show-faces=\"false\"><\/div><\/span><\/span><span class=\"mr_social_sharing_top\"><fb:share-button type=\"box_count\" href=\"http:\/\/www.blogdopilako.com.br\/wp\/2022\/08\/01\/aguas-do-rio-bug-por-marcus-prado\/\"><\/fb:share-button><\/span><span class=\"mr_social_sharing\"><a rel=\"nofollow\" class=\"linksalpha_button linksalpha_link\" href=\"\/\/www.linksalpha.com\/social\/mobile\" data-url=\"http:\/\/www.blogdopilako.com.br\/wp\/2022\/08\/01\/aguas-do-rio-bug-por-marcus-prado\/\" data-text=\"\u00c1guas do rio Bug \u2013 por Marcus Prado.\" data-desc=\"MUITOS POVOS LAVAM as crian\u00e7as rec\u00e9m-nascidas nos rios ou no mar. Quando nasceu, na Chechelnyk, uma pequena cidade da regi\u00e3o de Vinnytsia, Ucr\u00e2nia, a pequenina Clarice Lispector foi lavada por seu pai, Pinkhas Lispector, no primeiro banho, como era tradi\u00e7\u00e3o, nas \u00e1guas do rio Bug. Baug dos\" data-image=\"\" data-button=\"none\">\n\t\t\t\t\t<img src=\"\/\/www.linksalpha.com\/images\/social_share_button.png\" alt=\"Share\" class=\"linksalpha_image\" \/>\n\t\t\t\t\t<\/a><script type=\"text\/javascript\" src=\"\/\/www.linksalpha.com\/scripts\/loader_iconbox.js?v=2.4\"><\/script><\/span><\/div>","protected":false},"author":2,"featured_media":0,"comment_status":"open","ping_status":"open","sticky":false,"template":"","format":"standard","meta":[],"categories":[21],"tags":[],"_links":{"self":[{"href":"http:\/\/www.blogdopilako.com.br\/wp\/wp-json\/wp\/v2\/posts\/137746"}],"collection":[{"href":"http:\/\/www.blogdopilako.com.br\/wp\/wp-json\/wp\/v2\/posts"}],"about":[{"href":"http:\/\/www.blogdopilako.com.br\/wp\/wp-json\/wp\/v2\/types\/post"}],"author":[{"embeddable":true,"href":"http:\/\/www.blogdopilako.com.br\/wp\/wp-json\/wp\/v2\/users\/2"}],"replies":[{"embeddable":true,"href":"http:\/\/www.blogdopilako.com.br\/wp\/wp-json\/wp\/v2\/comments?post=137746"}],"version-history":[{"count":1,"href":"http:\/\/www.blogdopilako.com.br\/wp\/wp-json\/wp\/v2\/posts\/137746\/revisions"}],"predecessor-version":[{"id":137750,"href":"http:\/\/www.blogdopilako.com.br\/wp\/wp-json\/wp\/v2\/posts\/137746\/revisions\/137750"}],"wp:attachment":[{"href":"http:\/\/www.blogdopilako.com.br\/wp\/wp-json\/wp\/v2\/media?parent=137746"}],"wp:term":[{"taxonomy":"category","embeddable":true,"href":"http:\/\/www.blogdopilako.com.br\/wp\/wp-json\/wp\/v2\/categories?post=137746"},{"taxonomy":"post_tag","embeddable":true,"href":"http:\/\/www.blogdopilako.com.br\/wp\/wp-json\/wp\/v2\/tags?post=137746"}],"curies":[{"name":"wp","href":"https:\/\/api.w.org\/{rel}","templated":true}]}}