{"id":137738,"date":"2022-08-01T09:01:52","date_gmt":"2022-08-01T12:01:52","guid":{"rendered":"https:\/\/www.blogdopilako.com.br\/wp\/?p=137738"},"modified":"2022-08-01T09:01:52","modified_gmt":"2022-08-01T12:01:52","slug":"arraes-dominguinhos-e-a-democracia-por-historia_em_retalhos","status":"publish","type":"post","link":"http:\/\/www.blogdopilako.com.br\/wp\/2022\/08\/01\/arraes-dominguinhos-e-a-democracia-por-historia_em_retalhos\/","title":{"rendered":"Arraes, Dominguinhos e a democracia &#8211; por historia_em_retalhos"},"content":{"rendered":"\n\t\t\t\t<div class=\"mr_social_sharing_wrapper\">\n\t\t\t\t<!-- Social Sharing Toolkit v2.2 --><span class=\"mr_social_sharing_top\"><span style=\"display: inline-block; width: 55px; height: 62px; overflow: hidden;\"><div class=\"fb-like\" data-href=\"http:\/\/www.blogdopilako.com.br\/wp\/2022\/08\/01\/arraes-dominguinhos-e-a-democracia-por-historia_em_retalhos\/\" data-send=\"false\" data-layout=\"box_count\" data-width=\"55\" data-show-faces=\"false\"><\/div><\/span><\/span><span class=\"mr_social_sharing_top\"><fb:share-button type=\"box_count\" href=\"http:\/\/www.blogdopilako.com.br\/wp\/2022\/08\/01\/arraes-dominguinhos-e-a-democracia-por-historia_em_retalhos\/\"><\/fb:share-button><\/span><span class=\"mr_social_sharing\"><a rel=\"nofollow\" class=\"linksalpha_button linksalpha_link\" href=\"\/\/www.linksalpha.com\/social\/mobile\" data-url=\"http:\/\/www.blogdopilako.com.br\/wp\/2022\/08\/01\/arraes-dominguinhos-e-a-democracia-por-historia_em_retalhos\/\" data-text=\"Arraes, Dominguinhos e a democracia \u2013 por historia_em_retalhos\" data-desc=\"O ano era 1998. Naquele ano, o ent\u00e3o governador de Pernambuco Miguel Arraes era candidato \u00e0 reelei\u00e7\u00e3o. Em julho, aconteceria o Festival de Inverno de Garanhuns e o grande Dominguinhos cantaria, pela primeira vez, em sua terra natal. Um fato, por\u00e9m, agitou aquela escala\u00e7\u00e3o: antes do festival,\" data-image=\"http:\/\/www.blogdopilako.com.br\/wp\/wp-content\/uploads\/2022\/08\/download.jpg\" data-button=\"none\">\n\t\t\t\t\t<img src=\"\/\/www.linksalpha.com\/images\/social_share_button.png\" alt=\"Share\" class=\"linksalpha_image\" \/>\n\t\t\t\t\t<\/a><script type=\"text\/javascript\" src=\"\/\/www.linksalpha.com\/scripts\/loader_iconbox.js?v=2.4\"><\/script><\/span><\/div><p><img loading=\"lazy\" class=\"aligncenter wp-image-137740 size-full\" src=\"http:\/\/www.blogdopilako.com.br\/wp\/wp-content\/uploads\/2022\/08\/download.jpg\" alt=\"\" width=\"640\" height=\"640\" srcset=\"http:\/\/www.blogdopilako.com.br\/wp\/wp-content\/uploads\/2022\/08\/download.jpg 640w, http:\/\/www.blogdopilako.com.br\/wp\/wp-content\/uploads\/2022\/08\/download-300x300.jpg 300w, http:\/\/www.blogdopilako.com.br\/wp\/wp-content\/uploads\/2022\/08\/download-150x150.jpg 150w\" sizes=\"(max-width: 640px) 100vw, 640px\" \/><\/p>\n<p style=\"text-align: justify;\">O ano era 1998.<\/p>\n<p style=\"text-align: justify;\">Naquele ano, o ent\u00e3o governador de Pernambuco Miguel Arraes era candidato \u00e0 reelei\u00e7\u00e3o.<\/p>\n<p style=\"text-align: justify;\">Em julho, aconteceria o Festival de Inverno de Garanhuns e o grande Dominguinhos cantaria, pela primeira vez, em sua terra natal.<\/p>\n<p style=\"text-align: justify;\">Um fato, por\u00e9m, agitou aquela escala\u00e7\u00e3o: antes do festival, Dominguinhos declarou publicamente o seu apoio a Jarbas Vasconcelos, o advers\u00e1rio de Arraes naquele pleito que se avizinhava.<\/p>\n<p style=\"text-align: justify;\">Acredite se quiser, mas, em raz\u00e3o dessa declara\u00e7\u00e3o, come\u00e7aram a surgir rumores de que a Fundarpe estaria sendo pressionada a cancelar a contrata\u00e7\u00e3o de Dominguinhos, retirando-lhe o direito de cantar em sua terra natal, apenas por manifestar a sua op\u00e7\u00e3o pol\u00edtica.<\/p>\n<p style=\"text-align: justify;\">O assunto, ent\u00e3o, chegou ao conhecimento de Arraes, que afirmou o seguinte:<\/p>\n<p style=\"text-align: justify;\">&#8220;Ele vai se apresentar\u00a0e eu vou estar l\u00e1 pra assistir seu show pessoalmente.\u00a0N\u00e3o tem sentido fazer uma pessoa livre se ajoelhar. E n\u00e3o se aprisiona e nem se persegue um artista do povo por quest\u00f5es pol\u00edticas e eleitorais&#8221;.<\/p>\n<p style=\"text-align: justify;\">No dia do show, ao saber da presen\u00e7a de Arraes no camarote, o genial sanfoneiro disse-lhe de cima do palco:<\/p>\n<p style=\"text-align: justify;\">&#8220;Doutor Arraes, n\u00e3o vou votar no senhor, mas jamais esquecerei esse seu gesto comigo de me assegurar cantar neste festival pela primeira vez. Um sonho que eu acalentava e que a sua gest\u00e3o me proporcionou realizar. Deus o aben\u00e7oe&#8221;.<\/p>\n<p style=\"text-align: justify;\">Mais de 60 mil pessoas presentes na Pra\u00e7a Guadalajara aplaudiram os dois.<\/p>\n<p style=\"text-align: justify;\">Que bela li\u00e7\u00e3o de civilidade e democracia.<\/p>\n<p style=\"text-align: justify;\">\u00c9 disso que esse pa\u00eds precisa.<br \/>\n.<br \/>\n<strong>Siga: @historia_em_retalhos<\/strong><\/p>\n<p><a href=\"https:\/\/www.instagram.com\/p\/CgrDH0KOR74\/?igshid=MDJmNzVkMjY%3D\">https:\/\/www.instagram.com\/p\/CgrDH0KOR74\/?igshid=MDJmNzVkMjY%3D<\/a><\/p>\n<p><img loading=\"lazy\" class=\"aligncenter wp-image-137734 size-large\" src=\"http:\/\/www.blogdopilako.com.br\/wp\/wp-content\/uploads\/2022\/07\/Pix-arte-final-2-53-1024x401.png\" alt=\"\" width=\"584\" height=\"229\" srcset=\"http:\/\/www.blogdopilako.com.br\/wp\/wp-content\/uploads\/2022\/07\/Pix-arte-final-2-53-1024x401.png 1024w, http:\/\/www.blogdopilako.com.br\/wp\/wp-content\/uploads\/2022\/07\/Pix-arte-final-2-53-300x117.png 300w, http:\/\/www.blogdopilako.com.br\/wp\/wp-content\/uploads\/2022\/07\/Pix-arte-final-2-53-768x301.png 768w, http:\/\/www.blogdopilako.com.br\/wp\/wp-content\/uploads\/2022\/07\/Pix-arte-final-2-53-1536x601.png 1536w, http:\/\/www.blogdopilako.com.br\/wp\/wp-content\/uploads\/2022\/07\/Pix-arte-final-2-53-2048x802.png 2048w, http:\/\/www.blogdopilako.com.br\/wp\/wp-content\/uploads\/2022\/07\/Pix-arte-final-2-53-500x196.png 500w\" sizes=\"(max-width: 584px) 100vw, 584px\" \/><\/p>\n\n\t\t\t\t<div class=\"mr_social_sharing_wrapper\">\n\t\t\t\t<!-- Social Sharing Toolkit v2.2 --><span class=\"mr_social_sharing_top\"><span style=\"display: inline-block; width: 55px; height: 62px; overflow: hidden;\"><div class=\"fb-like\" data-href=\"http:\/\/www.blogdopilako.com.br\/wp\/2022\/08\/01\/arraes-dominguinhos-e-a-democracia-por-historia_em_retalhos\/\" data-send=\"false\" data-layout=\"box_count\" data-width=\"55\" data-show-faces=\"false\"><\/div><\/span><\/span><span class=\"mr_social_sharing_top\"><fb:share-button type=\"box_count\" href=\"http:\/\/www.blogdopilako.com.br\/wp\/2022\/08\/01\/arraes-dominguinhos-e-a-democracia-por-historia_em_retalhos\/\"><\/fb:share-button><\/span><span class=\"mr_social_sharing\"><a rel=\"nofollow\" class=\"linksalpha_button linksalpha_link\" href=\"\/\/www.linksalpha.com\/social\/mobile\" data-url=\"http:\/\/www.blogdopilako.com.br\/wp\/2022\/08\/01\/arraes-dominguinhos-e-a-democracia-por-historia_em_retalhos\/\" data-text=\"Arraes, Dominguinhos e a democracia \u2013 por historia_em_retalhos\" data-desc=\"O ano era 1998. Naquele ano, o ent\u00e3o governador de Pernambuco Miguel Arraes era candidato \u00e0 reelei\u00e7\u00e3o. Em julho, aconteceria o Festival de Inverno de Garanhuns e o grande Dominguinhos cantaria, pela primeira vez, em sua terra natal. Um fato, por\u00e9m, agitou aquela escala\u00e7\u00e3o: antes do festival,\" data-image=\"http:\/\/www.blogdopilako.com.br\/wp\/wp-content\/uploads\/2022\/08\/download.jpg\" data-button=\"none\">\n\t\t\t\t\t<img src=\"\/\/www.linksalpha.com\/images\/social_share_button.png\" alt=\"Share\" class=\"linksalpha_image\" \/>\n\t\t\t\t\t<\/a><script type=\"text\/javascript\" src=\"\/\/www.linksalpha.com\/scripts\/loader_iconbox.js?v=2.4\"><\/script><\/span><\/div>","protected":false},"excerpt":{"rendered":"\n\t\t\t\t<div class=\"mr_social_sharing_wrapper\">\n\t\t\t\t<!-- Social Sharing Toolkit v2.2 --><span class=\"mr_social_sharing_top\"><span style=\"display: inline-block; width: 55px; height: 62px; overflow: hidden;\"><div class=\"fb-like\" data-href=\"http:\/\/www.blogdopilako.com.br\/wp\/2022\/08\/01\/arraes-dominguinhos-e-a-democracia-por-historia_em_retalhos\/\" data-send=\"false\" data-layout=\"box_count\" data-width=\"55\" data-show-faces=\"false\"><\/div><\/span><\/span><span class=\"mr_social_sharing_top\"><fb:share-button type=\"box_count\" href=\"http:\/\/www.blogdopilako.com.br\/wp\/2022\/08\/01\/arraes-dominguinhos-e-a-democracia-por-historia_em_retalhos\/\"><\/fb:share-button><\/span><span class=\"mr_social_sharing\"><a rel=\"nofollow\" class=\"linksalpha_button linksalpha_link\" href=\"\/\/www.linksalpha.com\/social\/mobile\" data-url=\"http:\/\/www.blogdopilako.com.br\/wp\/2022\/08\/01\/arraes-dominguinhos-e-a-democracia-por-historia_em_retalhos\/\" data-text=\"Arraes, Dominguinhos e a democracia \u2013 por historia_em_retalhos\" data-desc=\"O ano era 1998. Naquele ano, o ent\u00e3o governador de Pernambuco Miguel Arraes era candidato \u00e0 reelei\u00e7\u00e3o. Em julho, aconteceria o Festival de Inverno de Garanhuns e o grande Dominguinhos cantaria, pela primeira vez, em sua terra natal. Um fato, por\u00e9m, agitou aquela escala\u00e7\u00e3o: antes do festival,\" data-image=\"\" data-button=\"none\">\n\t\t\t\t\t<img src=\"\/\/www.linksalpha.com\/images\/social_share_button.png\" alt=\"Share\" class=\"linksalpha_image\" \/>\n\t\t\t\t\t<\/a><script type=\"text\/javascript\" src=\"\/\/www.linksalpha.com\/scripts\/loader_iconbox.js?v=2.4\"><\/script><\/span><\/div><p>O ano era 1998. Naquele ano, o ent\u00e3o governador de Pernambuco Miguel Arraes era candidato \u00e0 reelei\u00e7\u00e3o. Em julho, aconteceria o Festival de Inverno de Garanhuns e o grande Dominguinhos cantaria, pela primeira vez, em sua terra natal. Um fato, &hellip; <a href=\"http:\/\/www.blogdopilako.com.br\/wp\/2022\/08\/01\/arraes-dominguinhos-e-a-democracia-por-historia_em_retalhos\/\">Continue lendo <span class=\"meta-nav\">&rarr;<\/span><\/a><\/p>\n\n\t\t\t\t<div class=\"mr_social_sharing_wrapper\">\n\t\t\t\t<!-- Social Sharing Toolkit v2.2 --><span class=\"mr_social_sharing_top\"><span style=\"display: inline-block; width: 55px; height: 62px; overflow: hidden;\"><div class=\"fb-like\" data-href=\"http:\/\/www.blogdopilako.com.br\/wp\/2022\/08\/01\/arraes-dominguinhos-e-a-democracia-por-historia_em_retalhos\/\" data-send=\"false\" data-layout=\"box_count\" data-width=\"55\" data-show-faces=\"false\"><\/div><\/span><\/span><span class=\"mr_social_sharing_top\"><fb:share-button type=\"box_count\" href=\"http:\/\/www.blogdopilako.com.br\/wp\/2022\/08\/01\/arraes-dominguinhos-e-a-democracia-por-historia_em_retalhos\/\"><\/fb:share-button><\/span><span class=\"mr_social_sharing\"><a rel=\"nofollow\" class=\"linksalpha_button linksalpha_link\" href=\"\/\/www.linksalpha.com\/social\/mobile\" data-url=\"http:\/\/www.blogdopilako.com.br\/wp\/2022\/08\/01\/arraes-dominguinhos-e-a-democracia-por-historia_em_retalhos\/\" data-text=\"Arraes, Dominguinhos e a democracia \u2013 por historia_em_retalhos\" data-desc=\"O ano era 1998. Naquele ano, o ent\u00e3o governador de Pernambuco Miguel Arraes era candidato \u00e0 reelei\u00e7\u00e3o. Em julho, aconteceria o Festival de Inverno de Garanhuns e o grande Dominguinhos cantaria, pela primeira vez, em sua terra natal. Um fato, por\u00e9m, agitou aquela escala\u00e7\u00e3o: antes do festival,\" data-image=\"\" data-button=\"none\">\n\t\t\t\t\t<img src=\"\/\/www.linksalpha.com\/images\/social_share_button.png\" alt=\"Share\" class=\"linksalpha_image\" \/>\n\t\t\t\t\t<\/a><script type=\"text\/javascript\" src=\"\/\/www.linksalpha.com\/scripts\/loader_iconbox.js?v=2.4\"><\/script><\/span><\/div>","protected":false},"author":2,"featured_media":0,"comment_status":"open","ping_status":"open","sticky":false,"template":"","format":"standard","meta":[],"categories":[21],"tags":[],"_links":{"self":[{"href":"http:\/\/www.blogdopilako.com.br\/wp\/wp-json\/wp\/v2\/posts\/137738"}],"collection":[{"href":"http:\/\/www.blogdopilako.com.br\/wp\/wp-json\/wp\/v2\/posts"}],"about":[{"href":"http:\/\/www.blogdopilako.com.br\/wp\/wp-json\/wp\/v2\/types\/post"}],"author":[{"embeddable":true,"href":"http:\/\/www.blogdopilako.com.br\/wp\/wp-json\/wp\/v2\/users\/2"}],"replies":[{"embeddable":true,"href":"http:\/\/www.blogdopilako.com.br\/wp\/wp-json\/wp\/v2\/comments?post=137738"}],"version-history":[{"count":1,"href":"http:\/\/www.blogdopilako.com.br\/wp\/wp-json\/wp\/v2\/posts\/137738\/revisions"}],"predecessor-version":[{"id":137741,"href":"http:\/\/www.blogdopilako.com.br\/wp\/wp-json\/wp\/v2\/posts\/137738\/revisions\/137741"}],"wp:attachment":[{"href":"http:\/\/www.blogdopilako.com.br\/wp\/wp-json\/wp\/v2\/media?parent=137738"}],"wp:term":[{"taxonomy":"category","embeddable":true,"href":"http:\/\/www.blogdopilako.com.br\/wp\/wp-json\/wp\/v2\/categories?post=137738"},{"taxonomy":"post_tag","embeddable":true,"href":"http:\/\/www.blogdopilako.com.br\/wp\/wp-json\/wp\/v2\/tags?post=137738"}],"curies":[{"name":"wp","href":"https:\/\/api.w.org\/{rel}","templated":true}]}}