{"id":137673,"date":"2022-07-22T10:50:14","date_gmt":"2022-07-22T13:50:14","guid":{"rendered":"https:\/\/www.blogdopilako.com.br\/wp\/?p=137673"},"modified":"2022-07-22T10:50:38","modified_gmt":"2022-07-22T13:50:38","slug":"tiro-de-guerra-na-rua","status":"publish","type":"post","link":"http:\/\/www.blogdopilako.com.br\/wp\/2022\/07\/22\/tiro-de-guerra-na-rua\/","title":{"rendered":"Tiro de Guerra em marcha&#8230;.."},"content":{"rendered":"\n\t\t\t\t<div class=\"mr_social_sharing_wrapper\">\n\t\t\t\t<!-- Social Sharing Toolkit v2.2 --><span class=\"mr_social_sharing_top\"><span style=\"display: inline-block; width: 55px; height: 62px; overflow: hidden;\"><div class=\"fb-like\" data-href=\"http:\/\/www.blogdopilako.com.br\/wp\/2022\/07\/22\/tiro-de-guerra-na-rua\/\" data-send=\"false\" data-layout=\"box_count\" data-width=\"55\" data-show-faces=\"false\"><\/div><\/span><\/span><span class=\"mr_social_sharing_top\"><fb:share-button type=\"box_count\" href=\"http:\/\/www.blogdopilako.com.br\/wp\/2022\/07\/22\/tiro-de-guerra-na-rua\/\"><\/fb:share-button><\/span><span class=\"mr_social_sharing\"><a rel=\"nofollow\" class=\"linksalpha_button linksalpha_link\" href=\"\/\/www.linksalpha.com\/social\/mobile\" data-url=\"http:\/\/www.blogdopilako.com.br\/wp\/2022\/07\/22\/tiro-de-guerra-na-rua\/\" data-text=\"Tiro de Guerra em marcha\u2026..\" data-desc=\"\u00a0 Por volta das 7:30h de hoje (22), ao trafegar pela Avenida Henrique de Holanda, ao testemunhar os atiradores do nosso Tiro de Guerra em uma miss\u00e3o externa - \u00a0de maneira autom\u00e1tica \u2013 lembran\u00e7as do \u201cmeu tempo\u201d (1986) \u00a0saltaram das prateleiras mem\u00f3ria. Na \u201cminha \u00e9poca\u201d, por\" data-image=\"http:\/\/www.blogdopilako.com.br\/wp\/wp-content\/uploads\/2022\/07\/1421ed5b-7efc-4be1-b3f3-79198101be2a.jpg\" data-button=\"none\">\n\t\t\t\t\t<img src=\"\/\/www.linksalpha.com\/images\/social_share_button.png\" alt=\"Share\" class=\"linksalpha_image\" \/>\n\t\t\t\t\t<\/a><script type=\"text\/javascript\" src=\"\/\/www.linksalpha.com\/scripts\/loader_iconbox.js?v=2.4\"><\/script><\/span><\/div><p><img loading=\"lazy\" class=\"aligncenter wp-image-137674 size-full\" src=\"http:\/\/www.blogdopilako.com.br\/wp\/wp-content\/uploads\/2022\/07\/1421ed5b-7efc-4be1-b3f3-79198101be2a.jpg\" alt=\"\" width=\"901\" height=\"371\" srcset=\"http:\/\/www.blogdopilako.com.br\/wp\/wp-content\/uploads\/2022\/07\/1421ed5b-7efc-4be1-b3f3-79198101be2a.jpg 901w, http:\/\/www.blogdopilako.com.br\/wp\/wp-content\/uploads\/2022\/07\/1421ed5b-7efc-4be1-b3f3-79198101be2a-300x124.jpg 300w, http:\/\/www.blogdopilako.com.br\/wp\/wp-content\/uploads\/2022\/07\/1421ed5b-7efc-4be1-b3f3-79198101be2a-768x316.jpg 768w, http:\/\/www.blogdopilako.com.br\/wp\/wp-content\/uploads\/2022\/07\/1421ed5b-7efc-4be1-b3f3-79198101be2a-500x206.jpg 500w\" sizes=\"(max-width: 901px) 100vw, 901px\" \/><\/p>\n<p><img loading=\"lazy\" class=\"alignnone size-medium wp-image-137676 alignleft\" src=\"http:\/\/www.blogdopilako.com.br\/wp\/wp-content\/uploads\/2022\/07\/eef5152a-abd0-48dc-953a-292d5e13acce-143x300.jpg\" alt=\"\" width=\"143\" height=\"300\" srcset=\"http:\/\/www.blogdopilako.com.br\/wp\/wp-content\/uploads\/2022\/07\/eef5152a-abd0-48dc-953a-292d5e13acce-143x300.jpg 143w, http:\/\/www.blogdopilako.com.br\/wp\/wp-content\/uploads\/2022\/07\/eef5152a-abd0-48dc-953a-292d5e13acce.jpg 167w\" sizes=\"(max-width: 143px) 100vw, 143px\" \/><\/p>\n<p>&nbsp;<\/p>\n<p style=\"text-align: justify;\">Por volta das 7:30h de hoje (22), ao trafegar pela Avenida Henrique de Holanda, ao testemunhar os atiradores do nosso Tiro de Guerra em uma miss\u00e3o externa &#8211; \u00a0de maneira autom\u00e1tica \u2013 lembran\u00e7as do \u201cmeu tempo\u201d (1986) \u00a0saltaram das prateleiras mem\u00f3ria.<\/p>\n<p style=\"text-align: justify;\">Na \u201cminha \u00e9poca\u201d, por assim dizer, o comandante da tropa era o ent\u00e3o <strong>Subtenente Eudes.<\/strong> Corridas matinais pelas as principais art\u00e9rias da cidade e marchas, cada vez mais longas, eram por n\u00f3s, atiradores, encaradas com todo entusiasmos e\u00a0 vibra\u00e7\u00e3o. Boas lembran\u00e7as&#8230;<\/p>\n<p>&nbsp;<\/p>\n<p><iframe loading=\"lazy\" title=\"Blog do Pilako: TIRO DE GUERRA - VIT\u00d3RIA DE SANTO ANT\u00c3O - 22 DE JULHO DE 2022.\" width=\"584\" height=\"329\" src=\"https:\/\/www.youtube.com\/embed\/kRgXiJ_wvmA?feature=oembed\" frameborder=\"0\" allow=\"accelerometer; autoplay; clipboard-write; encrypted-media; gyroscope; picture-in-picture\" allowfullscreen><\/iframe><\/p>\n<p><img loading=\"lazy\" class=\"aligncenter wp-image-137677 size-large\" src=\"http:\/\/www.blogdopilako.com.br\/wp\/wp-content\/uploads\/2022\/07\/Pix-arte-final-2-43-1024x401.png\" alt=\"\" width=\"584\" height=\"229\" srcset=\"http:\/\/www.blogdopilako.com.br\/wp\/wp-content\/uploads\/2022\/07\/Pix-arte-final-2-43-1024x401.png 1024w, http:\/\/www.blogdopilako.com.br\/wp\/wp-content\/uploads\/2022\/07\/Pix-arte-final-2-43-300x117.png 300w, http:\/\/www.blogdopilako.com.br\/wp\/wp-content\/uploads\/2022\/07\/Pix-arte-final-2-43-768x301.png 768w, http:\/\/www.blogdopilako.com.br\/wp\/wp-content\/uploads\/2022\/07\/Pix-arte-final-2-43-1536x601.png 1536w, http:\/\/www.blogdopilako.com.br\/wp\/wp-content\/uploads\/2022\/07\/Pix-arte-final-2-43-2048x802.png 2048w, http:\/\/www.blogdopilako.com.br\/wp\/wp-content\/uploads\/2022\/07\/Pix-arte-final-2-43-500x196.png 500w\" sizes=\"(max-width: 584px) 100vw, 584px\" \/><\/p>\n\n\t\t\t\t<div class=\"mr_social_sharing_wrapper\">\n\t\t\t\t<!-- Social Sharing Toolkit v2.2 --><span class=\"mr_social_sharing_top\"><span style=\"display: inline-block; width: 55px; height: 62px; overflow: hidden;\"><div class=\"fb-like\" data-href=\"http:\/\/www.blogdopilako.com.br\/wp\/2022\/07\/22\/tiro-de-guerra-na-rua\/\" data-send=\"false\" data-layout=\"box_count\" data-width=\"55\" data-show-faces=\"false\"><\/div><\/span><\/span><span class=\"mr_social_sharing_top\"><fb:share-button type=\"box_count\" href=\"http:\/\/www.blogdopilako.com.br\/wp\/2022\/07\/22\/tiro-de-guerra-na-rua\/\"><\/fb:share-button><\/span><span class=\"mr_social_sharing\"><a rel=\"nofollow\" class=\"linksalpha_button linksalpha_link\" href=\"\/\/www.linksalpha.com\/social\/mobile\" data-url=\"http:\/\/www.blogdopilako.com.br\/wp\/2022\/07\/22\/tiro-de-guerra-na-rua\/\" data-text=\"Tiro de Guerra em marcha\u2026..\" data-desc=\"\u00a0 Por volta das 7:30h de hoje (22), ao trafegar pela Avenida Henrique de Holanda, ao testemunhar os atiradores do nosso Tiro de Guerra em uma miss\u00e3o externa - \u00a0de maneira autom\u00e1tica \u2013 lembran\u00e7as do \u201cmeu tempo\u201d (1986) \u00a0saltaram das prateleiras mem\u00f3ria. Na \u201cminha \u00e9poca\u201d, por\" data-image=\"http:\/\/www.blogdopilako.com.br\/wp\/wp-content\/uploads\/2022\/07\/1421ed5b-7efc-4be1-b3f3-79198101be2a.jpg\" data-button=\"none\">\n\t\t\t\t\t<img src=\"\/\/www.linksalpha.com\/images\/social_share_button.png\" alt=\"Share\" class=\"linksalpha_image\" \/>\n\t\t\t\t\t<\/a><script type=\"text\/javascript\" src=\"\/\/www.linksalpha.com\/scripts\/loader_iconbox.js?v=2.4\"><\/script><\/span><\/div>","protected":false},"excerpt":{"rendered":"\n\t\t\t\t<div class=\"mr_social_sharing_wrapper\">\n\t\t\t\t<!-- Social Sharing Toolkit v2.2 --><span class=\"mr_social_sharing_top\"><span style=\"display: inline-block; width: 55px; height: 62px; overflow: hidden;\"><div class=\"fb-like\" data-href=\"http:\/\/www.blogdopilako.com.br\/wp\/2022\/07\/22\/tiro-de-guerra-na-rua\/\" data-send=\"false\" data-layout=\"box_count\" data-width=\"55\" data-show-faces=\"false\"><\/div><\/span><\/span><span class=\"mr_social_sharing_top\"><fb:share-button type=\"box_count\" href=\"http:\/\/www.blogdopilako.com.br\/wp\/2022\/07\/22\/tiro-de-guerra-na-rua\/\"><\/fb:share-button><\/span><span class=\"mr_social_sharing\"><a rel=\"nofollow\" class=\"linksalpha_button linksalpha_link\" href=\"\/\/www.linksalpha.com\/social\/mobile\" data-url=\"http:\/\/www.blogdopilako.com.br\/wp\/2022\/07\/22\/tiro-de-guerra-na-rua\/\" data-text=\"Tiro de Guerra em marcha\u2026..\" data-desc=\"\u00a0 Por volta das 7:30h de hoje (22), ao trafegar pela Avenida Henrique de Holanda, ao testemunhar os atiradores do nosso Tiro de Guerra em uma miss\u00e3o externa - \u00a0de maneira autom\u00e1tica \u2013 lembran\u00e7as do \u201cmeu tempo\u201d (1986) \u00a0saltaram das prateleiras mem\u00f3ria. Na \u201cminha \u00e9poca\u201d, por\" data-image=\"\" data-button=\"none\">\n\t\t\t\t\t<img src=\"\/\/www.linksalpha.com\/images\/social_share_button.png\" alt=\"Share\" class=\"linksalpha_image\" \/>\n\t\t\t\t\t<\/a><script type=\"text\/javascript\" src=\"\/\/www.linksalpha.com\/scripts\/loader_iconbox.js?v=2.4\"><\/script><\/span><\/div><p>&nbsp; Por volta das 7:30h de hoje (22), ao trafegar pela Avenida Henrique de Holanda, ao testemunhar os atiradores do nosso Tiro de Guerra em uma miss\u00e3o externa &#8211; \u00a0de maneira autom\u00e1tica \u2013 lembran\u00e7as do \u201cmeu tempo\u201d (1986) \u00a0saltaram das &hellip; <a href=\"http:\/\/www.blogdopilako.com.br\/wp\/2022\/07\/22\/tiro-de-guerra-na-rua\/\">Continue lendo <span class=\"meta-nav\">&rarr;<\/span><\/a><\/p>\n\n\t\t\t\t<div class=\"mr_social_sharing_wrapper\">\n\t\t\t\t<!-- Social Sharing Toolkit v2.2 --><span class=\"mr_social_sharing_top\"><span style=\"display: inline-block; width: 55px; height: 62px; overflow: hidden;\"><div class=\"fb-like\" data-href=\"http:\/\/www.blogdopilako.com.br\/wp\/2022\/07\/22\/tiro-de-guerra-na-rua\/\" data-send=\"false\" data-layout=\"box_count\" data-width=\"55\" data-show-faces=\"false\"><\/div><\/span><\/span><span class=\"mr_social_sharing_top\"><fb:share-button type=\"box_count\" href=\"http:\/\/www.blogdopilako.com.br\/wp\/2022\/07\/22\/tiro-de-guerra-na-rua\/\"><\/fb:share-button><\/span><span class=\"mr_social_sharing\"><a rel=\"nofollow\" class=\"linksalpha_button linksalpha_link\" href=\"\/\/www.linksalpha.com\/social\/mobile\" data-url=\"http:\/\/www.blogdopilako.com.br\/wp\/2022\/07\/22\/tiro-de-guerra-na-rua\/\" data-text=\"Tiro de Guerra em marcha\u2026..\" data-desc=\"\u00a0 Por volta das 7:30h de hoje (22), ao trafegar pela Avenida Henrique de Holanda, ao testemunhar os atiradores do nosso Tiro de Guerra em uma miss\u00e3o externa - \u00a0de maneira autom\u00e1tica \u2013 lembran\u00e7as do \u201cmeu tempo\u201d (1986) \u00a0saltaram das prateleiras mem\u00f3ria. Na \u201cminha \u00e9poca\u201d, por\" data-image=\"\" data-button=\"none\">\n\t\t\t\t\t<img src=\"\/\/www.linksalpha.com\/images\/social_share_button.png\" alt=\"Share\" class=\"linksalpha_image\" \/>\n\t\t\t\t\t<\/a><script type=\"text\/javascript\" src=\"\/\/www.linksalpha.com\/scripts\/loader_iconbox.js?v=2.4\"><\/script><\/span><\/div>","protected":false},"author":2,"featured_media":0,"comment_status":"open","ping_status":"open","sticky":false,"template":"","format":"standard","meta":[],"categories":[1],"tags":[],"_links":{"self":[{"href":"http:\/\/www.blogdopilako.com.br\/wp\/wp-json\/wp\/v2\/posts\/137673"}],"collection":[{"href":"http:\/\/www.blogdopilako.com.br\/wp\/wp-json\/wp\/v2\/posts"}],"about":[{"href":"http:\/\/www.blogdopilako.com.br\/wp\/wp-json\/wp\/v2\/types\/post"}],"author":[{"embeddable":true,"href":"http:\/\/www.blogdopilako.com.br\/wp\/wp-json\/wp\/v2\/users\/2"}],"replies":[{"embeddable":true,"href":"http:\/\/www.blogdopilako.com.br\/wp\/wp-json\/wp\/v2\/comments?post=137673"}],"version-history":[{"count":2,"href":"http:\/\/www.blogdopilako.com.br\/wp\/wp-json\/wp\/v2\/posts\/137673\/revisions"}],"predecessor-version":[{"id":137679,"href":"http:\/\/www.blogdopilako.com.br\/wp\/wp-json\/wp\/v2\/posts\/137673\/revisions\/137679"}],"wp:attachment":[{"href":"http:\/\/www.blogdopilako.com.br\/wp\/wp-json\/wp\/v2\/media?parent=137673"}],"wp:term":[{"taxonomy":"category","embeddable":true,"href":"http:\/\/www.blogdopilako.com.br\/wp\/wp-json\/wp\/v2\/categories?post=137673"},{"taxonomy":"post_tag","embeddable":true,"href":"http:\/\/www.blogdopilako.com.br\/wp\/wp-json\/wp\/v2\/tags?post=137673"}],"curies":[{"name":"wp","href":"https:\/\/api.w.org\/{rel}","templated":true}]}}