{"id":137451,"date":"2022-07-05T15:25:30","date_gmt":"2022-07-05T18:25:30","guid":{"rendered":"https:\/\/www.blogdopilako.com.br\/wp\/?p=137451"},"modified":"2022-07-05T15:25:30","modified_gmt":"2022-07-05T18:25:30","slug":"4-de-julho-o-dia-da-independencia-dos-eua-por-historia_em_retalhos","status":"publish","type":"post","link":"http:\/\/www.blogdopilako.com.br\/wp\/2022\/07\/05\/4-de-julho-o-dia-da-independencia-dos-eua-por-historia_em_retalhos\/","title":{"rendered":"4 de julho: o dia da independ\u00eancia dos EUA &#8211; por historia_em_retalhos."},"content":{"rendered":"\n\t\t\t\t<div class=\"mr_social_sharing_wrapper\">\n\t\t\t\t<!-- Social Sharing Toolkit v2.2 --><span class=\"mr_social_sharing_top\"><span style=\"display: inline-block; width: 55px; height: 62px; overflow: hidden;\"><div class=\"fb-like\" data-href=\"http:\/\/www.blogdopilako.com.br\/wp\/2022\/07\/05\/4-de-julho-o-dia-da-independencia-dos-eua-por-historia_em_retalhos\/\" data-send=\"false\" data-layout=\"box_count\" data-width=\"55\" data-show-faces=\"false\"><\/div><\/span><\/span><span class=\"mr_social_sharing_top\"><fb:share-button type=\"box_count\" href=\"http:\/\/www.blogdopilako.com.br\/wp\/2022\/07\/05\/4-de-julho-o-dia-da-independencia-dos-eua-por-historia_em_retalhos\/\"><\/fb:share-button><\/span><span class=\"mr_social_sharing\"><a rel=\"nofollow\" class=\"linksalpha_button linksalpha_link\" href=\"\/\/www.linksalpha.com\/social\/mobile\" data-url=\"http:\/\/www.blogdopilako.com.br\/wp\/2022\/07\/05\/4-de-julho-o-dia-da-independencia-dos-eua-por-historia_em_retalhos\/\" data-text=\"4 de julho: o dia da independ\u00eancia dos EUA \u2013 por historia_em_retalhos.\" data-desc=\"4 de julho: o dia da independ\u00eancia dos EUA ou o \"Independence Day\". \ud83c\uddfa\ud83c\uddf8 Como tudo aconteceu ? Em verdade, a insatisfa\u00e7\u00e3o das chamadas \"13 col\u00f4nias\" brit\u00e2nicas na Am\u00e9rica do Norte acentuou-se a partir da chamada \"Guerra dos 7 anos\", travada entre Inglaterra e Fran\u00e7a\" data-image=\"http:\/\/www.blogdopilako.com.br\/wp\/wp-content\/uploads\/2022\/07\/download-2.jpg\" data-button=\"none\">\n\t\t\t\t\t<img src=\"\/\/www.linksalpha.com\/images\/social_share_button.png\" alt=\"Share\" class=\"linksalpha_image\" \/>\n\t\t\t\t\t<\/a><script type=\"text\/javascript\" src=\"\/\/www.linksalpha.com\/scripts\/loader_iconbox.js?v=2.4\"><\/script><\/span><\/div><p><img loading=\"lazy\" class=\"alignnone wp-image-137453 size-full\" src=\"http:\/\/www.blogdopilako.com.br\/wp\/wp-content\/uploads\/2022\/07\/download-2.jpg\" alt=\"\" width=\"1080\" height=\"1080\" srcset=\"http:\/\/www.blogdopilako.com.br\/wp\/wp-content\/uploads\/2022\/07\/download-2.jpg 1080w, http:\/\/www.blogdopilako.com.br\/wp\/wp-content\/uploads\/2022\/07\/download-2-300x300.jpg 300w, http:\/\/www.blogdopilako.com.br\/wp\/wp-content\/uploads\/2022\/07\/download-2-1024x1024.jpg 1024w, http:\/\/www.blogdopilako.com.br\/wp\/wp-content\/uploads\/2022\/07\/download-2-150x150.jpg 150w, http:\/\/www.blogdopilako.com.br\/wp\/wp-content\/uploads\/2022\/07\/download-2-768x768.jpg 768w\" sizes=\"(max-width: 1080px) 100vw, 1080px\" \/><\/p>\n<p style=\"text-align: justify;\">4 de julho: o dia da independ\u00eancia dos EUA ou o &#8220;Independence Day&#8221;. &#x1f1fa;&#x1f1f8;<\/p>\n<p style=\"text-align: justify;\">Como tudo aconteceu ?<\/p>\n<p style=\"text-align: justify;\">Em verdade, a insatisfa\u00e7\u00e3o das chamadas &#8220;13 col\u00f4nias&#8221; brit\u00e2nicas na Am\u00e9rica do Norte acentuou-se a partir da chamada &#8220;Guerra dos 7 anos&#8221;, travada entre Inglaterra e Fran\u00e7a (1756\/1763).<\/p>\n<p style=\"text-align: justify;\">Vencedora, a metr\u00f3pole inglesa resolveu cobrar os preju\u00edzos dos colonos, aumentando, consideravelmente, as taxa\u00e7\u00f5es, al\u00e9m de criar leis que retiravam a liberdade dos norte-americanos.<\/p>\n<p style=\"text-align: justify;\">Por outro lado, a Inglaterra vivia a plenos pulm\u00f5es a Revolu\u00e7\u00e3o Industrial, enxergando em suas col\u00f4nias as fontes necess\u00e1rias para alimentar o seu processo de industrializa\u00e7\u00e3o.<\/p>\n<p style=\"text-align: justify;\">As queixas em desfavor da metr\u00f3pole, ent\u00e3o, s\u00f3 aumentavam, o que motivou a realiza\u00e7\u00e3o de duas important\u00edssimas reuni\u00f5es: o 1.\u00b0 e o 2.\u00b0 Congresso da Filad\u00e9lfia.<\/p>\n<p style=\"text-align: justify;\">Em 07.06.1776, no 2.\u00b0 congresso, o delegado da Virg\u00ednia, Richard Lee, apresentou uma mo\u00e7\u00e3o para as 13 col\u00f4nias declararem independ\u00eancia.<\/p>\n<p style=\"text-align: justify;\">O texto da declara\u00e7\u00e3o, cujo principal redator fora Thomas Jefferson (3.\u00b0 presidente dos EUA), foi aprovado e publicado em 4 de julho,\u00a0data que se tornou sin\u00f4nimo da independ\u00eancia americana.<\/p>\n<p style=\"text-align: justify;\">Um aspecto importante: ap\u00f3s a Batalha de Saragota, a Fran\u00e7a, rival da Inglaterra, aderiu ao conflito, em 1778.<\/p>\n<p style=\"text-align: justify;\">No ano seguinte, a\u00a0Espanha\u00a0tamb\u00e9m se aliou a franceses e a americanos, mas foi apenas em 1781,\u00a0na Batalha de Yorktown, em que as for\u00e7as rebeldes foram lideradas por\u00a0George Washington\u00a0(1.\u00b0 presidente) e pelo franc\u00eas Marqu\u00eas de La Fayette, que o conflito foi encerrado.<\/p>\n<p style=\"text-align: justify;\">A est\u00e1tua da liberdade foi um presente da Fran\u00e7a aos EUA!<\/p>\n<p style=\"text-align: justify;\">Representa a deusa romana Libertas, carregando uma tocha e uma t\u00e1bua, onde est\u00e1 inscrita a data da independ\u00eancia (04.07.1776).<\/p>\n<p style=\"text-align: justify;\">Os ideais iluministas da Independ\u00eancia Americana e da Revolu\u00e7\u00e3o Francesa reverberaram fortemente no Brasil, influenciando movimentos libert\u00e1rios, como a Inconfid\u00eancia Mineira, a Revolu\u00e7\u00e3o de 1817 e a Confedera\u00e7\u00e3o do Equador.<\/p>\n<p style=\"text-align: justify;\">Uma \u00faltima curiosidade: em 04 de julho de 1994, dia de festa nos EUA, com um gol hist\u00f3rico de Bebeto, a sele\u00e7\u00e3o canarinha vencia os donos da casa, partindo para a conquista do tetracampeonato.<br \/>\n.<br \/>\n<strong>Siga: @historia_em_retalhos<\/strong><\/p>\n<p><a href=\"https:\/\/www.instagram.com\/p\/CfmO21KOmGG\/?igshid=MDJmNzVkMjY=\">https:\/\/www.instagram.com\/p\/CfmO21KOmGG\/?igshid=MDJmNzVkMjY=<\/a><\/p>\n<p><img loading=\"lazy\" class=\"aligncenter wp-image-137452 size-large\" src=\"http:\/\/www.blogdopilako.com.br\/wp\/wp-content\/uploads\/2022\/07\/Pix-arte-final-2-7-1024x401.png\" alt=\"\" width=\"584\" height=\"229\" srcset=\"http:\/\/www.blogdopilako.com.br\/wp\/wp-content\/uploads\/2022\/07\/Pix-arte-final-2-7-1024x401.png 1024w, http:\/\/www.blogdopilako.com.br\/wp\/wp-content\/uploads\/2022\/07\/Pix-arte-final-2-7-300x117.png 300w, http:\/\/www.blogdopilako.com.br\/wp\/wp-content\/uploads\/2022\/07\/Pix-arte-final-2-7-768x301.png 768w, http:\/\/www.blogdopilako.com.br\/wp\/wp-content\/uploads\/2022\/07\/Pix-arte-final-2-7-1536x601.png 1536w, http:\/\/www.blogdopilako.com.br\/wp\/wp-content\/uploads\/2022\/07\/Pix-arte-final-2-7-2048x802.png 2048w, http:\/\/www.blogdopilako.com.br\/wp\/wp-content\/uploads\/2022\/07\/Pix-arte-final-2-7-500x196.png 500w\" sizes=\"(max-width: 584px) 100vw, 584px\" \/><\/p>\n\n\t\t\t\t<div class=\"mr_social_sharing_wrapper\">\n\t\t\t\t<!-- Social Sharing Toolkit v2.2 --><span class=\"mr_social_sharing_top\"><span style=\"display: inline-block; width: 55px; height: 62px; overflow: hidden;\"><div class=\"fb-like\" data-href=\"http:\/\/www.blogdopilako.com.br\/wp\/2022\/07\/05\/4-de-julho-o-dia-da-independencia-dos-eua-por-historia_em_retalhos\/\" data-send=\"false\" data-layout=\"box_count\" data-width=\"55\" data-show-faces=\"false\"><\/div><\/span><\/span><span class=\"mr_social_sharing_top\"><fb:share-button type=\"box_count\" href=\"http:\/\/www.blogdopilako.com.br\/wp\/2022\/07\/05\/4-de-julho-o-dia-da-independencia-dos-eua-por-historia_em_retalhos\/\"><\/fb:share-button><\/span><span class=\"mr_social_sharing\"><a rel=\"nofollow\" class=\"linksalpha_button linksalpha_link\" href=\"\/\/www.linksalpha.com\/social\/mobile\" data-url=\"http:\/\/www.blogdopilako.com.br\/wp\/2022\/07\/05\/4-de-julho-o-dia-da-independencia-dos-eua-por-historia_em_retalhos\/\" data-text=\"4 de julho: o dia da independ\u00eancia dos EUA \u2013 por historia_em_retalhos.\" data-desc=\"4 de julho: o dia da independ\u00eancia dos EUA ou o \"Independence Day\". \ud83c\uddfa\ud83c\uddf8 Como tudo aconteceu ? Em verdade, a insatisfa\u00e7\u00e3o das chamadas \"13 col\u00f4nias\" brit\u00e2nicas na Am\u00e9rica do Norte acentuou-se a partir da chamada \"Guerra dos 7 anos\", travada entre Inglaterra e Fran\u00e7a\" data-image=\"http:\/\/www.blogdopilako.com.br\/wp\/wp-content\/uploads\/2022\/07\/download-2.jpg\" data-button=\"none\">\n\t\t\t\t\t<img src=\"\/\/www.linksalpha.com\/images\/social_share_button.png\" alt=\"Share\" class=\"linksalpha_image\" \/>\n\t\t\t\t\t<\/a><script type=\"text\/javascript\" src=\"\/\/www.linksalpha.com\/scripts\/loader_iconbox.js?v=2.4\"><\/script><\/span><\/div>","protected":false},"excerpt":{"rendered":"\n\t\t\t\t<div class=\"mr_social_sharing_wrapper\">\n\t\t\t\t<!-- Social Sharing Toolkit v2.2 --><span class=\"mr_social_sharing_top\"><span style=\"display: inline-block; width: 55px; height: 62px; overflow: hidden;\"><div class=\"fb-like\" data-href=\"http:\/\/www.blogdopilako.com.br\/wp\/2022\/07\/05\/4-de-julho-o-dia-da-independencia-dos-eua-por-historia_em_retalhos\/\" data-send=\"false\" data-layout=\"box_count\" data-width=\"55\" data-show-faces=\"false\"><\/div><\/span><\/span><span class=\"mr_social_sharing_top\"><fb:share-button type=\"box_count\" href=\"http:\/\/www.blogdopilako.com.br\/wp\/2022\/07\/05\/4-de-julho-o-dia-da-independencia-dos-eua-por-historia_em_retalhos\/\"><\/fb:share-button><\/span><span class=\"mr_social_sharing\"><a rel=\"nofollow\" class=\"linksalpha_button linksalpha_link\" href=\"\/\/www.linksalpha.com\/social\/mobile\" data-url=\"http:\/\/www.blogdopilako.com.br\/wp\/2022\/07\/05\/4-de-julho-o-dia-da-independencia-dos-eua-por-historia_em_retalhos\/\" data-text=\"4 de julho: o dia da independ\u00eancia dos EUA \u2013 por historia_em_retalhos.\" data-desc=\"4 de julho: o dia da independ\u00eancia dos EUA ou o \"Independence Day\". \ud83c\uddfa\ud83c\uddf8 Como tudo aconteceu ? Em verdade, a insatisfa\u00e7\u00e3o das chamadas \"13 col\u00f4nias\" brit\u00e2nicas na Am\u00e9rica do Norte acentuou-se a partir da chamada \"Guerra dos 7 anos\", travada entre Inglaterra e Fran\u00e7a\" data-image=\"\" data-button=\"none\">\n\t\t\t\t\t<img src=\"\/\/www.linksalpha.com\/images\/social_share_button.png\" alt=\"Share\" class=\"linksalpha_image\" \/>\n\t\t\t\t\t<\/a><script type=\"text\/javascript\" src=\"\/\/www.linksalpha.com\/scripts\/loader_iconbox.js?v=2.4\"><\/script><\/span><\/div><p>4 de julho: o dia da independ\u00eancia dos EUA ou o &#8220;Independence Day&#8221;. &#x1f1fa;&#x1f1f8; Como tudo aconteceu ? Em verdade, a insatisfa\u00e7\u00e3o das chamadas &#8220;13 col\u00f4nias&#8221; brit\u00e2nicas na Am\u00e9rica do Norte acentuou-se a partir da chamada &#8220;Guerra dos 7 anos&#8221;, &hellip; <a href=\"http:\/\/www.blogdopilako.com.br\/wp\/2022\/07\/05\/4-de-julho-o-dia-da-independencia-dos-eua-por-historia_em_retalhos\/\">Continue lendo <span class=\"meta-nav\">&rarr;<\/span><\/a><\/p>\n\n\t\t\t\t<div class=\"mr_social_sharing_wrapper\">\n\t\t\t\t<!-- Social Sharing Toolkit v2.2 --><span class=\"mr_social_sharing_top\"><span style=\"display: inline-block; width: 55px; height: 62px; overflow: hidden;\"><div class=\"fb-like\" data-href=\"http:\/\/www.blogdopilako.com.br\/wp\/2022\/07\/05\/4-de-julho-o-dia-da-independencia-dos-eua-por-historia_em_retalhos\/\" data-send=\"false\" data-layout=\"box_count\" data-width=\"55\" data-show-faces=\"false\"><\/div><\/span><\/span><span class=\"mr_social_sharing_top\"><fb:share-button type=\"box_count\" href=\"http:\/\/www.blogdopilako.com.br\/wp\/2022\/07\/05\/4-de-julho-o-dia-da-independencia-dos-eua-por-historia_em_retalhos\/\"><\/fb:share-button><\/span><span class=\"mr_social_sharing\"><a rel=\"nofollow\" class=\"linksalpha_button linksalpha_link\" href=\"\/\/www.linksalpha.com\/social\/mobile\" data-url=\"http:\/\/www.blogdopilako.com.br\/wp\/2022\/07\/05\/4-de-julho-o-dia-da-independencia-dos-eua-por-historia_em_retalhos\/\" data-text=\"4 de julho: o dia da independ\u00eancia dos EUA \u2013 por historia_em_retalhos.\" data-desc=\"4 de julho: o dia da independ\u00eancia dos EUA ou o \"Independence Day\". \ud83c\uddfa\ud83c\uddf8 Como tudo aconteceu ? Em verdade, a insatisfa\u00e7\u00e3o das chamadas \"13 col\u00f4nias\" brit\u00e2nicas na Am\u00e9rica do Norte acentuou-se a partir da chamada \"Guerra dos 7 anos\", travada entre Inglaterra e Fran\u00e7a\" data-image=\"\" data-button=\"none\">\n\t\t\t\t\t<img src=\"\/\/www.linksalpha.com\/images\/social_share_button.png\" alt=\"Share\" class=\"linksalpha_image\" \/>\n\t\t\t\t\t<\/a><script type=\"text\/javascript\" src=\"\/\/www.linksalpha.com\/scripts\/loader_iconbox.js?v=2.4\"><\/script><\/span><\/div>","protected":false},"author":2,"featured_media":0,"comment_status":"open","ping_status":"open","sticky":false,"template":"","format":"standard","meta":[],"categories":[1],"tags":[],"_links":{"self":[{"href":"http:\/\/www.blogdopilako.com.br\/wp\/wp-json\/wp\/v2\/posts\/137451"}],"collection":[{"href":"http:\/\/www.blogdopilako.com.br\/wp\/wp-json\/wp\/v2\/posts"}],"about":[{"href":"http:\/\/www.blogdopilako.com.br\/wp\/wp-json\/wp\/v2\/types\/post"}],"author":[{"embeddable":true,"href":"http:\/\/www.blogdopilako.com.br\/wp\/wp-json\/wp\/v2\/users\/2"}],"replies":[{"embeddable":true,"href":"http:\/\/www.blogdopilako.com.br\/wp\/wp-json\/wp\/v2\/comments?post=137451"}],"version-history":[{"count":1,"href":"http:\/\/www.blogdopilako.com.br\/wp\/wp-json\/wp\/v2\/posts\/137451\/revisions"}],"predecessor-version":[{"id":137454,"href":"http:\/\/www.blogdopilako.com.br\/wp\/wp-json\/wp\/v2\/posts\/137451\/revisions\/137454"}],"wp:attachment":[{"href":"http:\/\/www.blogdopilako.com.br\/wp\/wp-json\/wp\/v2\/media?parent=137451"}],"wp:term":[{"taxonomy":"category","embeddable":true,"href":"http:\/\/www.blogdopilako.com.br\/wp\/wp-json\/wp\/v2\/categories?post=137451"},{"taxonomy":"post_tag","embeddable":true,"href":"http:\/\/www.blogdopilako.com.br\/wp\/wp-json\/wp\/v2\/tags?post=137451"}],"curies":[{"name":"wp","href":"https:\/\/api.w.org\/{rel}","templated":true}]}}