{"id":136980,"date":"2022-05-25T15:38:56","date_gmt":"2022-05-25T18:38:56","guid":{"rendered":"http:\/\/www.blogdopilako.com.br\/wp\/?p=136980"},"modified":"2022-05-25T15:39:05","modified_gmt":"2022-05-25T18:39:05","slug":"maio-antonense-os-210-anos-da-instalacao-da-vila-de-santo-antao-com-igor-cardoso-e-pedro-ferrer","status":"publish","type":"post","link":"http:\/\/www.blogdopilako.com.br\/wp\/2022\/05\/25\/maio-antonense-os-210-anos-da-instalacao-da-vila-de-santo-antao-com-igor-cardoso-e-pedro-ferrer\/","title":{"rendered":"\u201cMaio Antonense\u201d \u2013 \u201cOs 210 anos da instala\u00e7\u00e3o da Vila de Santo Ant\u00e3o\u201d\u2013 com Igor Cardoso e Pedro Ferrer."},"content":{"rendered":"\n\t\t\t\t<div class=\"mr_social_sharing_wrapper\">\n\t\t\t\t<!-- Social Sharing Toolkit v2.2 --><span class=\"mr_social_sharing_top\"><span style=\"display: inline-block; width: 55px; height: 62px; overflow: hidden;\"><div class=\"fb-like\" data-href=\"http:\/\/www.blogdopilako.com.br\/wp\/2022\/05\/25\/maio-antonense-os-210-anos-da-instalacao-da-vila-de-santo-antao-com-igor-cardoso-e-pedro-ferrer\/\" data-send=\"false\" data-layout=\"box_count\" data-width=\"55\" data-show-faces=\"false\"><\/div><\/span><\/span><span class=\"mr_social_sharing_top\"><fb:share-button type=\"box_count\" href=\"http:\/\/www.blogdopilako.com.br\/wp\/2022\/05\/25\/maio-antonense-os-210-anos-da-instalacao-da-vila-de-santo-antao-com-igor-cardoso-e-pedro-ferrer\/\"><\/fb:share-button><\/span><span class=\"mr_social_sharing\"><a rel=\"nofollow\" class=\"linksalpha_button linksalpha_link\" href=\"\/\/www.linksalpha.com\/social\/mobile\" data-url=\"http:\/\/www.blogdopilako.com.br\/wp\/2022\/05\/25\/maio-antonense-os-210-anos-da-instalacao-da-vila-de-santo-antao-com-igor-cardoso-e-pedro-ferrer\/\" data-text=\"\u201cMaio Antonense\u201d \u2013 \u201cOs 210 anos da instala\u00e7\u00e3o da Vila de Santo Ant\u00e3o\u201d\u2013 com Igor Cardoso e Pedro Ferrer.\" data-desc=\"A terceira e \u00faltima live da 2\u00aa edi\u00e7\u00e3o (2022) do\u00a0 Projeto \u201cMaio Antonense\u201d \u2013 o m\u00eas azul e branco -, acontecer\u00e1 amanh\u00e3, quinta-feira (26), \u00e0s 17h. Com o tema \u201cOs 210 anos da instala\u00e7\u00e3o da Vila de Santo Ant\u00e3o\u201d iremos construir um conte\u00fado real\u00e7ando, entre outros aspectos, \u00e0\" data-image=\"http:\/\/www.blogdopilako.com.br\/wp\/wp-content\/uploads\/2022\/05\/b9384dd0-aaa3-41d4-acf6-2c2bd488bd4e-300x294.jpg\" data-button=\"none\">\n\t\t\t\t\t<img src=\"\/\/www.linksalpha.com\/images\/social_share_button.png\" alt=\"Share\" class=\"linksalpha_image\" \/>\n\t\t\t\t\t<\/a><script type=\"text\/javascript\" src=\"\/\/www.linksalpha.com\/scripts\/loader_iconbox.js?v=2.4\"><\/script><\/span><\/div><p><img loading=\"lazy\" class=\"size-medium wp-image-136981 alignright\" src=\"http:\/\/www.blogdopilako.com.br\/wp\/wp-content\/uploads\/2022\/05\/b9384dd0-aaa3-41d4-acf6-2c2bd488bd4e-300x294.jpg\" alt=\"\" width=\"300\" height=\"294\" srcset=\"http:\/\/www.blogdopilako.com.br\/wp\/wp-content\/uploads\/2022\/05\/b9384dd0-aaa3-41d4-acf6-2c2bd488bd4e-300x294.jpg 300w, http:\/\/www.blogdopilako.com.br\/wp\/wp-content\/uploads\/2022\/05\/b9384dd0-aaa3-41d4-acf6-2c2bd488bd4e-306x300.jpg 306w, http:\/\/www.blogdopilako.com.br\/wp\/wp-content\/uploads\/2022\/05\/b9384dd0-aaa3-41d4-acf6-2c2bd488bd4e.jpg 640w\" sizes=\"(max-width: 300px) 100vw, 300px\" \/><\/p>\n<p style=\"text-align: justify;\">A terceira e \u00faltima live da 2\u00aa edi\u00e7\u00e3o (2022) do\u00a0 Projeto <strong>\u201cMaio Antonense\u201d \u2013 o m\u00eas azul e branco<\/strong> -, acontecer\u00e1 amanh\u00e3, quinta-feira (26), \u00e0s 17h.<\/p>\n<p style=\"text-align: justify;\">Com o tema \u201cOs 210 anos da instala\u00e7\u00e3o da Vila de Santo Ant\u00e3o\u201d<strong> iremos construir um conte\u00fado real\u00e7ando, entre outros aspectos, \u00e0 transforma\u00e7\u00e3o ocorrida no nosso lugar, assim como as diferen\u00e7as entre freguesia, vila e cidade.\u00a0\u00a0<\/strong><\/p>\n<p style=\"text-align: justify;\">Para dialogar conosco convidados o doutor Igor Cardoso, membro do Centro de Estudo de Hist\u00f3ria Municipal e do presidente do Instituto Hist\u00f3rico da Vit\u00f3ria, professor Pedro Ferrer. .<\/p>\n<p style=\"text-align: justify;\"><strong>LIVE \u2013 Maio Antonense \u2013 o m\u00eas azul e branco.<\/strong><\/p>\n<p style=\"text-align: justify;\"><strong>Tema: \u201cOs 210 anos da instala\u00e7\u00e3o da Vila de Santo Ant\u00e3o\u201d<\/strong><\/p>\n<p style=\"text-align: justify;\"><strong>Convidados:\u00a0 Igor Cardoso e Pedro Ferrer.\u00a0<\/strong><\/p>\n<p style=\"text-align: justify;\"><strong>Dia: quinta-feira, 26 de maio, \u00e0s 17h.<\/strong><\/p>\n<p style=\"text-align: justify;\"><strong>Transmiss\u00e3o: Blog do Pilako.<\/strong><\/p>\n<p>https:\/\/www.youtube.com\/shorts\/0gYwJI9fBU0<\/p>\n<p><img loading=\"lazy\" class=\"aligncenter wp-image-136982 size-large\" src=\"http:\/\/www.blogdopilako.com.br\/wp\/wp-content\/uploads\/2022\/05\/Pix-arte-final-2-50-1024x401.png\" alt=\"\" width=\"584\" height=\"229\" srcset=\"http:\/\/www.blogdopilako.com.br\/wp\/wp-content\/uploads\/2022\/05\/Pix-arte-final-2-50-1024x401.png 1024w, http:\/\/www.blogdopilako.com.br\/wp\/wp-content\/uploads\/2022\/05\/Pix-arte-final-2-50-300x117.png 300w, http:\/\/www.blogdopilako.com.br\/wp\/wp-content\/uploads\/2022\/05\/Pix-arte-final-2-50-768x301.png 768w, http:\/\/www.blogdopilako.com.br\/wp\/wp-content\/uploads\/2022\/05\/Pix-arte-final-2-50-1536x601.png 1536w, http:\/\/www.blogdopilako.com.br\/wp\/wp-content\/uploads\/2022\/05\/Pix-arte-final-2-50-2048x802.png 2048w, http:\/\/www.blogdopilako.com.br\/wp\/wp-content\/uploads\/2022\/05\/Pix-arte-final-2-50-500x196.png 500w\" sizes=\"(max-width: 584px) 100vw, 584px\" \/><\/p>\n<p style=\"text-align: justify;\">\n\n\t\t\t\t<div class=\"mr_social_sharing_wrapper\">\n\t\t\t\t<!-- Social Sharing Toolkit v2.2 --><span class=\"mr_social_sharing_top\"><span style=\"display: inline-block; width: 55px; height: 62px; overflow: hidden;\"><div class=\"fb-like\" data-href=\"http:\/\/www.blogdopilako.com.br\/wp\/2022\/05\/25\/maio-antonense-os-210-anos-da-instalacao-da-vila-de-santo-antao-com-igor-cardoso-e-pedro-ferrer\/\" data-send=\"false\" data-layout=\"box_count\" data-width=\"55\" data-show-faces=\"false\"><\/div><\/span><\/span><span class=\"mr_social_sharing_top\"><fb:share-button type=\"box_count\" href=\"http:\/\/www.blogdopilako.com.br\/wp\/2022\/05\/25\/maio-antonense-os-210-anos-da-instalacao-da-vila-de-santo-antao-com-igor-cardoso-e-pedro-ferrer\/\"><\/fb:share-button><\/span><span class=\"mr_social_sharing\"><a rel=\"nofollow\" class=\"linksalpha_button linksalpha_link\" href=\"\/\/www.linksalpha.com\/social\/mobile\" data-url=\"http:\/\/www.blogdopilako.com.br\/wp\/2022\/05\/25\/maio-antonense-os-210-anos-da-instalacao-da-vila-de-santo-antao-com-igor-cardoso-e-pedro-ferrer\/\" data-text=\"\u201cMaio Antonense\u201d \u2013 \u201cOs 210 anos da instala\u00e7\u00e3o da Vila de Santo Ant\u00e3o\u201d\u2013 com Igor Cardoso e Pedro Ferrer.\" data-desc=\"A terceira e \u00faltima live da 2\u00aa edi\u00e7\u00e3o (2022) do\u00a0 Projeto \u201cMaio Antonense\u201d \u2013 o m\u00eas azul e branco -, acontecer\u00e1 amanh\u00e3, quinta-feira (26), \u00e0s 17h. Com o tema \u201cOs 210 anos da instala\u00e7\u00e3o da Vila de Santo Ant\u00e3o\u201d iremos construir um conte\u00fado real\u00e7ando, entre outros aspectos, \u00e0\" data-image=\"http:\/\/www.blogdopilako.com.br\/wp\/wp-content\/uploads\/2022\/05\/b9384dd0-aaa3-41d4-acf6-2c2bd488bd4e-300x294.jpg\" data-button=\"none\">\n\t\t\t\t\t<img src=\"\/\/www.linksalpha.com\/images\/social_share_button.png\" alt=\"Share\" class=\"linksalpha_image\" \/>\n\t\t\t\t\t<\/a><script type=\"text\/javascript\" src=\"\/\/www.linksalpha.com\/scripts\/loader_iconbox.js?v=2.4\"><\/script><\/span><\/div>","protected":false},"excerpt":{"rendered":"\n\t\t\t\t<div class=\"mr_social_sharing_wrapper\">\n\t\t\t\t<!-- Social Sharing Toolkit v2.2 --><span class=\"mr_social_sharing_top\"><span style=\"display: inline-block; width: 55px; height: 62px; overflow: hidden;\"><div class=\"fb-like\" data-href=\"http:\/\/www.blogdopilako.com.br\/wp\/2022\/05\/25\/maio-antonense-os-210-anos-da-instalacao-da-vila-de-santo-antao-com-igor-cardoso-e-pedro-ferrer\/\" data-send=\"false\" data-layout=\"box_count\" data-width=\"55\" data-show-faces=\"false\"><\/div><\/span><\/span><span class=\"mr_social_sharing_top\"><fb:share-button type=\"box_count\" href=\"http:\/\/www.blogdopilako.com.br\/wp\/2022\/05\/25\/maio-antonense-os-210-anos-da-instalacao-da-vila-de-santo-antao-com-igor-cardoso-e-pedro-ferrer\/\"><\/fb:share-button><\/span><span class=\"mr_social_sharing\"><a rel=\"nofollow\" class=\"linksalpha_button linksalpha_link\" href=\"\/\/www.linksalpha.com\/social\/mobile\" data-url=\"http:\/\/www.blogdopilako.com.br\/wp\/2022\/05\/25\/maio-antonense-os-210-anos-da-instalacao-da-vila-de-santo-antao-com-igor-cardoso-e-pedro-ferrer\/\" data-text=\"\u201cMaio Antonense\u201d \u2013 \u201cOs 210 anos da instala\u00e7\u00e3o da Vila de Santo Ant\u00e3o\u201d\u2013 com Igor Cardoso e Pedro Ferrer.\" data-desc=\"A terceira e \u00faltima live da 2\u00aa edi\u00e7\u00e3o (2022) do\u00a0 Projeto \u201cMaio Antonense\u201d \u2013 o m\u00eas azul e branco -, acontecer\u00e1 amanh\u00e3, quinta-feira (26), \u00e0s 17h. Com o tema \u201cOs 210 anos da instala\u00e7\u00e3o da Vila de Santo Ant\u00e3o\u201d iremos construir um conte\u00fado real\u00e7ando, entre outros aspectos, \u00e0\" data-image=\"\" data-button=\"none\">\n\t\t\t\t\t<img src=\"\/\/www.linksalpha.com\/images\/social_share_button.png\" alt=\"Share\" class=\"linksalpha_image\" \/>\n\t\t\t\t\t<\/a><script type=\"text\/javascript\" src=\"\/\/www.linksalpha.com\/scripts\/loader_iconbox.js?v=2.4\"><\/script><\/span><\/div><p>A terceira e \u00faltima live da 2\u00aa edi\u00e7\u00e3o (2022) do\u00a0 Projeto \u201cMaio Antonense\u201d \u2013 o m\u00eas azul e branco -, acontecer\u00e1 amanh\u00e3, quinta-feira (26), \u00e0s 17h. Com o tema \u201cOs 210 anos da instala\u00e7\u00e3o da Vila de Santo Ant\u00e3o\u201d iremos &hellip; <a href=\"http:\/\/www.blogdopilako.com.br\/wp\/2022\/05\/25\/maio-antonense-os-210-anos-da-instalacao-da-vila-de-santo-antao-com-igor-cardoso-e-pedro-ferrer\/\">Continue lendo <span class=\"meta-nav\">&rarr;<\/span><\/a><\/p>\n\n\t\t\t\t<div class=\"mr_social_sharing_wrapper\">\n\t\t\t\t<!-- Social Sharing Toolkit v2.2 --><span class=\"mr_social_sharing_top\"><span style=\"display: inline-block; width: 55px; height: 62px; overflow: hidden;\"><div class=\"fb-like\" data-href=\"http:\/\/www.blogdopilako.com.br\/wp\/2022\/05\/25\/maio-antonense-os-210-anos-da-instalacao-da-vila-de-santo-antao-com-igor-cardoso-e-pedro-ferrer\/\" data-send=\"false\" data-layout=\"box_count\" data-width=\"55\" data-show-faces=\"false\"><\/div><\/span><\/span><span class=\"mr_social_sharing_top\"><fb:share-button type=\"box_count\" href=\"http:\/\/www.blogdopilako.com.br\/wp\/2022\/05\/25\/maio-antonense-os-210-anos-da-instalacao-da-vila-de-santo-antao-com-igor-cardoso-e-pedro-ferrer\/\"><\/fb:share-button><\/span><span class=\"mr_social_sharing\"><a rel=\"nofollow\" class=\"linksalpha_button linksalpha_link\" href=\"\/\/www.linksalpha.com\/social\/mobile\" data-url=\"http:\/\/www.blogdopilako.com.br\/wp\/2022\/05\/25\/maio-antonense-os-210-anos-da-instalacao-da-vila-de-santo-antao-com-igor-cardoso-e-pedro-ferrer\/\" data-text=\"\u201cMaio Antonense\u201d \u2013 \u201cOs 210 anos da instala\u00e7\u00e3o da Vila de Santo Ant\u00e3o\u201d\u2013 com Igor Cardoso e Pedro Ferrer.\" data-desc=\"A terceira e \u00faltima live da 2\u00aa edi\u00e7\u00e3o (2022) do\u00a0 Projeto \u201cMaio Antonense\u201d \u2013 o m\u00eas azul e branco -, acontecer\u00e1 amanh\u00e3, quinta-feira (26), \u00e0s 17h. Com o tema \u201cOs 210 anos da instala\u00e7\u00e3o da Vila de Santo Ant\u00e3o\u201d iremos construir um conte\u00fado real\u00e7ando, entre outros aspectos, \u00e0\" data-image=\"\" data-button=\"none\">\n\t\t\t\t\t<img src=\"\/\/www.linksalpha.com\/images\/social_share_button.png\" alt=\"Share\" class=\"linksalpha_image\" \/>\n\t\t\t\t\t<\/a><script type=\"text\/javascript\" src=\"\/\/www.linksalpha.com\/scripts\/loader_iconbox.js?v=2.4\"><\/script><\/span><\/div>","protected":false},"author":2,"featured_media":0,"comment_status":"open","ping_status":"open","sticky":false,"template":"","format":"standard","meta":[],"categories":[21],"tags":[],"_links":{"self":[{"href":"http:\/\/www.blogdopilako.com.br\/wp\/wp-json\/wp\/v2\/posts\/136980"}],"collection":[{"href":"http:\/\/www.blogdopilako.com.br\/wp\/wp-json\/wp\/v2\/posts"}],"about":[{"href":"http:\/\/www.blogdopilako.com.br\/wp\/wp-json\/wp\/v2\/types\/post"}],"author":[{"embeddable":true,"href":"http:\/\/www.blogdopilako.com.br\/wp\/wp-json\/wp\/v2\/users\/2"}],"replies":[{"embeddable":true,"href":"http:\/\/www.blogdopilako.com.br\/wp\/wp-json\/wp\/v2\/comments?post=136980"}],"version-history":[{"count":2,"href":"http:\/\/www.blogdopilako.com.br\/wp\/wp-json\/wp\/v2\/posts\/136980\/revisions"}],"predecessor-version":[{"id":136984,"href":"http:\/\/www.blogdopilako.com.br\/wp\/wp-json\/wp\/v2\/posts\/136980\/revisions\/136984"}],"wp:attachment":[{"href":"http:\/\/www.blogdopilako.com.br\/wp\/wp-json\/wp\/v2\/media?parent=136980"}],"wp:term":[{"taxonomy":"category","embeddable":true,"href":"http:\/\/www.blogdopilako.com.br\/wp\/wp-json\/wp\/v2\/categories?post=136980"},{"taxonomy":"post_tag","embeddable":true,"href":"http:\/\/www.blogdopilako.com.br\/wp\/wp-json\/wp\/v2\/tags?post=136980"}],"curies":[{"name":"wp","href":"https:\/\/api.w.org\/{rel}","templated":true}]}}