{"id":136967,"date":"2022-05-24T10:19:39","date_gmt":"2022-05-24T13:19:39","guid":{"rendered":"http:\/\/www.blogdopilako.com.br\/wp\/?p=136967"},"modified":"2022-05-27T09:38:20","modified_gmt":"2022-05-27T12:38:20","slug":"momento-instituto-historico-da-vitoria-artur-andrade","status":"publish","type":"post","link":"http:\/\/www.blogdopilako.com.br\/wp\/2022\/05\/24\/momento-instituto-historico-da-vitoria-artur-andrade\/","title":{"rendered":"Momento Instituto Hist\u00f3rico da Vit\u00f3ria &#8211; Artur Andrade."},"content":{"rendered":"\n\t\t\t\t<div class=\"mr_social_sharing_wrapper\">\n\t\t\t\t<!-- Social Sharing Toolkit v2.2 --><span class=\"mr_social_sharing_top\"><span style=\"display: inline-block; width: 55px; height: 62px; overflow: hidden;\"><div class=\"fb-like\" data-href=\"http:\/\/www.blogdopilako.com.br\/wp\/2022\/05\/24\/momento-instituto-historico-da-vitoria-artur-andrade\/\" data-send=\"false\" data-layout=\"box_count\" data-width=\"55\" data-show-faces=\"false\"><\/div><\/span><\/span><span class=\"mr_social_sharing_top\"><fb:share-button type=\"box_count\" href=\"http:\/\/www.blogdopilako.com.br\/wp\/2022\/05\/24\/momento-instituto-historico-da-vitoria-artur-andrade\/\"><\/fb:share-button><\/span><span class=\"mr_social_sharing\"><a rel=\"nofollow\" class=\"linksalpha_button linksalpha_link\" href=\"\/\/www.linksalpha.com\/social\/mobile\" data-url=\"http:\/\/www.blogdopilako.com.br\/wp\/2022\/05\/24\/momento-instituto-historico-da-vitoria-artur-andrade\/\" data-text=\"Momento Instituto Hist\u00f3rico da Vit\u00f3ria \u2013 Artur Andrade.\" data-desc=\"https:\/\/youtu.be\/8nVpzaHQSas O Engenheiro Civil Artur Andrade exalta a import\u00e2ncia do Instituto Hist\u00f3ria em elevar as pessoas que fizeram parte da hist\u00f3ria e que colaboraram direta ou indireta para a constru\u00e7\u00e3o do nosso munic\u00edpio, ressaltando a import\u00e2ncia dessa nova gera\u00e7\u00e3o em conhecer o\" data-image=\"http:\/\/www.blogdopilako.com.br\/wp\/wp-content\/uploads\/2022\/05\/Pix-arte-final-2-47-1024x401.png\" data-button=\"none\">\n\t\t\t\t\t<img src=\"\/\/www.linksalpha.com\/images\/social_share_button.png\" alt=\"Share\" class=\"linksalpha_image\" \/>\n\t\t\t\t\t<\/a><script type=\"text\/javascript\" src=\"\/\/www.linksalpha.com\/scripts\/loader_iconbox.js?v=2.4\"><\/script><\/span><\/div><p><iframe loading=\"lazy\" title=\"Blog do Pilako: INSTITUTO HIST\u00d3RICO DA VIT\u00d3RIA - ARTUR ANDRADE BARROS - 06\/05\/2022\" width=\"584\" height=\"329\" src=\"https:\/\/www.youtube.com\/embed\/8nVpzaHQSas?feature=oembed\" frameborder=\"0\" allow=\"accelerometer; autoplay; clipboard-write; encrypted-media; gyroscope; picture-in-picture\" allowfullscreen><\/iframe><\/p>\n<p style=\"text-align: justify;\"><strong>O Engenheiro Civil Artur Andrade exalta a import\u00e2ncia do Instituto Hist\u00f3ria em elevar as pessoas que fizeram parte da hist\u00f3ria e que colaboraram direta ou indireta para a constru\u00e7\u00e3o do nosso munic\u00edpio, ressaltando a import\u00e2ncia dessa nova gera\u00e7\u00e3o em conhecer o museu e descobrir as maravilhas representa em cada pe\u00e7a exposta.<\/strong><\/p>\n<p><strong>Instituto Hist\u00f3rico \u2013 assessoria.\u00a0<\/strong><\/p>\n<p><img loading=\"lazy\" class=\"aligncenter wp-image-136968 size-large\" src=\"http:\/\/www.blogdopilako.com.br\/wp\/wp-content\/uploads\/2022\/05\/Pix-arte-final-2-47-1024x401.png\" alt=\"\" width=\"584\" height=\"229\" srcset=\"http:\/\/www.blogdopilako.com.br\/wp\/wp-content\/uploads\/2022\/05\/Pix-arte-final-2-47-1024x401.png 1024w, http:\/\/www.blogdopilako.com.br\/wp\/wp-content\/uploads\/2022\/05\/Pix-arte-final-2-47-300x117.png 300w, http:\/\/www.blogdopilako.com.br\/wp\/wp-content\/uploads\/2022\/05\/Pix-arte-final-2-47-768x301.png 768w, http:\/\/www.blogdopilako.com.br\/wp\/wp-content\/uploads\/2022\/05\/Pix-arte-final-2-47-1536x601.png 1536w, http:\/\/www.blogdopilako.com.br\/wp\/wp-content\/uploads\/2022\/05\/Pix-arte-final-2-47-2048x802.png 2048w, http:\/\/www.blogdopilako.com.br\/wp\/wp-content\/uploads\/2022\/05\/Pix-arte-final-2-47-500x196.png 500w\" sizes=\"(max-width: 584px) 100vw, 584px\" \/><\/p>\n\n\t\t\t\t<div class=\"mr_social_sharing_wrapper\">\n\t\t\t\t<!-- Social Sharing Toolkit v2.2 --><span class=\"mr_social_sharing_top\"><span style=\"display: inline-block; width: 55px; height: 62px; overflow: hidden;\"><div class=\"fb-like\" data-href=\"http:\/\/www.blogdopilako.com.br\/wp\/2022\/05\/24\/momento-instituto-historico-da-vitoria-artur-andrade\/\" data-send=\"false\" data-layout=\"box_count\" data-width=\"55\" data-show-faces=\"false\"><\/div><\/span><\/span><span class=\"mr_social_sharing_top\"><fb:share-button type=\"box_count\" href=\"http:\/\/www.blogdopilako.com.br\/wp\/2022\/05\/24\/momento-instituto-historico-da-vitoria-artur-andrade\/\"><\/fb:share-button><\/span><span class=\"mr_social_sharing\"><a rel=\"nofollow\" class=\"linksalpha_button linksalpha_link\" href=\"\/\/www.linksalpha.com\/social\/mobile\" data-url=\"http:\/\/www.blogdopilako.com.br\/wp\/2022\/05\/24\/momento-instituto-historico-da-vitoria-artur-andrade\/\" data-text=\"Momento Instituto Hist\u00f3rico da Vit\u00f3ria \u2013 Artur Andrade.\" data-desc=\"https:\/\/youtu.be\/8nVpzaHQSas O Engenheiro Civil Artur Andrade exalta a import\u00e2ncia do Instituto Hist\u00f3ria em elevar as pessoas que fizeram parte da hist\u00f3ria e que colaboraram direta ou indireta para a constru\u00e7\u00e3o do nosso munic\u00edpio, ressaltando a import\u00e2ncia dessa nova gera\u00e7\u00e3o em conhecer o\" data-image=\"http:\/\/www.blogdopilako.com.br\/wp\/wp-content\/uploads\/2022\/05\/Pix-arte-final-2-47-1024x401.png\" data-button=\"none\">\n\t\t\t\t\t<img src=\"\/\/www.linksalpha.com\/images\/social_share_button.png\" alt=\"Share\" class=\"linksalpha_image\" \/>\n\t\t\t\t\t<\/a><script type=\"text\/javascript\" src=\"\/\/www.linksalpha.com\/scripts\/loader_iconbox.js?v=2.4\"><\/script><\/span><\/div>","protected":false},"excerpt":{"rendered":"\n\t\t\t\t<div class=\"mr_social_sharing_wrapper\">\n\t\t\t\t<!-- Social Sharing Toolkit v2.2 --><span class=\"mr_social_sharing_top\"><span style=\"display: inline-block; width: 55px; height: 62px; overflow: hidden;\"><div class=\"fb-like\" data-href=\"http:\/\/www.blogdopilako.com.br\/wp\/2022\/05\/24\/momento-instituto-historico-da-vitoria-artur-andrade\/\" data-send=\"false\" data-layout=\"box_count\" data-width=\"55\" data-show-faces=\"false\"><\/div><\/span><\/span><span class=\"mr_social_sharing_top\"><fb:share-button type=\"box_count\" href=\"http:\/\/www.blogdopilako.com.br\/wp\/2022\/05\/24\/momento-instituto-historico-da-vitoria-artur-andrade\/\"><\/fb:share-button><\/span><span class=\"mr_social_sharing\"><a rel=\"nofollow\" class=\"linksalpha_button linksalpha_link\" href=\"\/\/www.linksalpha.com\/social\/mobile\" data-url=\"http:\/\/www.blogdopilako.com.br\/wp\/2022\/05\/24\/momento-instituto-historico-da-vitoria-artur-andrade\/\" data-text=\"Momento Instituto Hist\u00f3rico da Vit\u00f3ria \u2013 Artur Andrade.\" data-desc=\"https:\/\/youtu.be\/8nVpzaHQSas O Engenheiro Civil Artur Andrade exalta a import\u00e2ncia do Instituto Hist\u00f3ria em elevar as pessoas que fizeram parte da hist\u00f3ria e que colaboraram direta ou indireta para a constru\u00e7\u00e3o do nosso munic\u00edpio, ressaltando a import\u00e2ncia dessa nova gera\u00e7\u00e3o em conhecer o\" data-image=\"\" data-button=\"none\">\n\t\t\t\t\t<img src=\"\/\/www.linksalpha.com\/images\/social_share_button.png\" alt=\"Share\" class=\"linksalpha_image\" \/>\n\t\t\t\t\t<\/a><script type=\"text\/javascript\" src=\"\/\/www.linksalpha.com\/scripts\/loader_iconbox.js?v=2.4\"><\/script><\/span><\/div><p>O Engenheiro Civil Artur Andrade exalta a import\u00e2ncia do Instituto Hist\u00f3ria em elevar as pessoas que fizeram parte da hist\u00f3ria e que colaboraram direta ou indireta para a constru\u00e7\u00e3o do nosso munic\u00edpio, ressaltando a import\u00e2ncia dessa nova gera\u00e7\u00e3o em conhecer &hellip; <a href=\"http:\/\/www.blogdopilako.com.br\/wp\/2022\/05\/24\/momento-instituto-historico-da-vitoria-artur-andrade\/\">Continue lendo <span class=\"meta-nav\">&rarr;<\/span><\/a><\/p>\n\n\t\t\t\t<div class=\"mr_social_sharing_wrapper\">\n\t\t\t\t<!-- Social Sharing Toolkit v2.2 --><span class=\"mr_social_sharing_top\"><span style=\"display: inline-block; width: 55px; height: 62px; overflow: hidden;\"><div class=\"fb-like\" data-href=\"http:\/\/www.blogdopilako.com.br\/wp\/2022\/05\/24\/momento-instituto-historico-da-vitoria-artur-andrade\/\" data-send=\"false\" data-layout=\"box_count\" data-width=\"55\" data-show-faces=\"false\"><\/div><\/span><\/span><span class=\"mr_social_sharing_top\"><fb:share-button type=\"box_count\" href=\"http:\/\/www.blogdopilako.com.br\/wp\/2022\/05\/24\/momento-instituto-historico-da-vitoria-artur-andrade\/\"><\/fb:share-button><\/span><span class=\"mr_social_sharing\"><a rel=\"nofollow\" class=\"linksalpha_button linksalpha_link\" href=\"\/\/www.linksalpha.com\/social\/mobile\" data-url=\"http:\/\/www.blogdopilako.com.br\/wp\/2022\/05\/24\/momento-instituto-historico-da-vitoria-artur-andrade\/\" data-text=\"Momento Instituto Hist\u00f3rico da Vit\u00f3ria \u2013 Artur Andrade.\" data-desc=\"https:\/\/youtu.be\/8nVpzaHQSas O Engenheiro Civil Artur Andrade exalta a import\u00e2ncia do Instituto Hist\u00f3ria em elevar as pessoas que fizeram parte da hist\u00f3ria e que colaboraram direta ou indireta para a constru\u00e7\u00e3o do nosso munic\u00edpio, ressaltando a import\u00e2ncia dessa nova gera\u00e7\u00e3o em conhecer o\" data-image=\"\" data-button=\"none\">\n\t\t\t\t\t<img src=\"\/\/www.linksalpha.com\/images\/social_share_button.png\" alt=\"Share\" class=\"linksalpha_image\" \/>\n\t\t\t\t\t<\/a><script type=\"text\/javascript\" src=\"\/\/www.linksalpha.com\/scripts\/loader_iconbox.js?v=2.4\"><\/script><\/span><\/div>","protected":false},"author":2,"featured_media":0,"comment_status":"open","ping_status":"open","sticky":false,"template":"","format":"standard","meta":[],"categories":[21],"tags":[],"_links":{"self":[{"href":"http:\/\/www.blogdopilako.com.br\/wp\/wp-json\/wp\/v2\/posts\/136967"}],"collection":[{"href":"http:\/\/www.blogdopilako.com.br\/wp\/wp-json\/wp\/v2\/posts"}],"about":[{"href":"http:\/\/www.blogdopilako.com.br\/wp\/wp-json\/wp\/v2\/types\/post"}],"author":[{"embeddable":true,"href":"http:\/\/www.blogdopilako.com.br\/wp\/wp-json\/wp\/v2\/users\/2"}],"replies":[{"embeddable":true,"href":"http:\/\/www.blogdopilako.com.br\/wp\/wp-json\/wp\/v2\/comments?post=136967"}],"version-history":[{"count":2,"href":"http:\/\/www.blogdopilako.com.br\/wp\/wp-json\/wp\/v2\/posts\/136967\/revisions"}],"predecessor-version":[{"id":137008,"href":"http:\/\/www.blogdopilako.com.br\/wp\/wp-json\/wp\/v2\/posts\/136967\/revisions\/137008"}],"wp:attachment":[{"href":"http:\/\/www.blogdopilako.com.br\/wp\/wp-json\/wp\/v2\/media?parent=136967"}],"wp:term":[{"taxonomy":"category","embeddable":true,"href":"http:\/\/www.blogdopilako.com.br\/wp\/wp-json\/wp\/v2\/categories?post=136967"},{"taxonomy":"post_tag","embeddable":true,"href":"http:\/\/www.blogdopilako.com.br\/wp\/wp-json\/wp\/v2\/tags?post=136967"}],"curies":[{"name":"wp","href":"https:\/\/api.w.org\/{rel}","templated":true}]}}