{"id":136724,"date":"2022-05-03T16:19:46","date_gmt":"2022-05-03T19:19:46","guid":{"rendered":"http:\/\/www.blogdopilako.com.br\/wp\/?p=136724"},"modified":"2022-05-03T16:19:46","modified_gmt":"2022-05-03T19:19:46","slug":"03-de-maio-dia-mundial-da-liberdade-de-imprensa-por-historia_em_retalhos","status":"publish","type":"post","link":"http:\/\/www.blogdopilako.com.br\/wp\/2022\/05\/03\/03-de-maio-dia-mundial-da-liberdade-de-imprensa-por-historia_em_retalhos\/","title":{"rendered":"03 de maio: Dia Mundial da Liberdade de Imprensa &#8211; por historia_em_retalhos."},"content":{"rendered":"\n\t\t\t\t<div class=\"mr_social_sharing_wrapper\">\n\t\t\t\t<!-- Social Sharing Toolkit v2.2 --><span class=\"mr_social_sharing_top\"><span style=\"display: inline-block; width: 55px; height: 62px; overflow: hidden;\"><div class=\"fb-like\" data-href=\"http:\/\/www.blogdopilako.com.br\/wp\/2022\/05\/03\/03-de-maio-dia-mundial-da-liberdade-de-imprensa-por-historia_em_retalhos\/\" data-send=\"false\" data-layout=\"box_count\" data-width=\"55\" data-show-faces=\"false\"><\/div><\/span><\/span><span class=\"mr_social_sharing_top\"><fb:share-button type=\"box_count\" href=\"http:\/\/www.blogdopilako.com.br\/wp\/2022\/05\/03\/03-de-maio-dia-mundial-da-liberdade-de-imprensa-por-historia_em_retalhos\/\"><\/fb:share-button><\/span><span class=\"mr_social_sharing\"><a rel=\"nofollow\" class=\"linksalpha_button linksalpha_link\" href=\"\/\/www.linksalpha.com\/social\/mobile\" data-url=\"http:\/\/www.blogdopilako.com.br\/wp\/2022\/05\/03\/03-de-maio-dia-mundial-da-liberdade-de-imprensa-por-historia_em_retalhos\/\" data-text=\"03 de maio: Dia Mundial da Liberdade de Imprensa \u2013 por historia_em_retalhos.\" data-desc=\"Em alus\u00e3o \u00e0 data, registramos, hoje, uma grande jornalista e pol\u00edtica brasileira: Maria Cristina de Lima Tavares Correia. Natural de Garanhuns\/PE, Cristina atuou em v\u00e1rios ve\u00edculos de informa\u00e7\u00e3o, como o\u00a0Jornal do Commercio,\u00a0o Diario de Pernambuco\u00a0e\u00a0o Correio Braziliense. Eleita deputada\" data-image=\"http:\/\/www.blogdopilako.com.br\/wp\/wp-content\/uploads\/2022\/05\/download-1.jpg\" data-button=\"none\">\n\t\t\t\t\t<img src=\"\/\/www.linksalpha.com\/images\/social_share_button.png\" alt=\"Share\" class=\"linksalpha_image\" \/>\n\t\t\t\t\t<\/a><script type=\"text\/javascript\" src=\"\/\/www.linksalpha.com\/scripts\/loader_iconbox.js?v=2.4\"><\/script><\/span><\/div><p><img loading=\"lazy\" class=\"aligncenter wp-image-136726 size-full\" src=\"http:\/\/www.blogdopilako.com.br\/wp\/wp-content\/uploads\/2022\/05\/download-1.jpg\" alt=\"\" width=\"522\" height=\"522\" srcset=\"http:\/\/www.blogdopilako.com.br\/wp\/wp-content\/uploads\/2022\/05\/download-1.jpg 522w, http:\/\/www.blogdopilako.com.br\/wp\/wp-content\/uploads\/2022\/05\/download-1-300x300.jpg 300w, http:\/\/www.blogdopilako.com.br\/wp\/wp-content\/uploads\/2022\/05\/download-1-150x150.jpg 150w\" sizes=\"(max-width: 522px) 100vw, 522px\" \/><\/p>\n<p style=\"text-align: justify;\">Em alus\u00e3o \u00e0 data, registramos, hoje, uma grande jornalista e pol\u00edtica brasileira:<strong> Maria Cristina de Lima Tavares Correia.<\/strong><\/p>\n<p style=\"text-align: justify;\">Natural de Garanhuns\/PE, Cristina atuou em v\u00e1rios ve\u00edculos de informa\u00e7\u00e3o, como o\u00a0Jornal do Commercio,\u00a0o Diario de Pernambuco\u00a0e\u00a0o Correio Braziliense.<\/p>\n<p style=\"text-align: justify;\">Eleita deputada federal pelo\u00a0MDB, em\u00a01978,\u00a0tornou-se a primeira pernambucana e a\u00a0terceira nordestina\u00a0a conseguir uma vaga na\u00a0C\u00e2mara dos Deputados, ap\u00f3s as baianas\u00a0Nita Costa\u00a0e\u00a0Necy Novaes.<\/p>\n<p style=\"text-align: justify;\">Depois, foi escolhida vice-l\u00edder do PMDB e, com as aus\u00eancias do titular, tornou-se a primeira mulher a liderar uma bancada na hist\u00f3ria do\u00a0parlamento brasileiro.<\/p>\n<p style=\"text-align: justify;\">Voz altiva e independente, lutou firmemente pela redemocratiza\u00e7\u00e3o do pa\u00eds, votando em\u00a0Tancredo Neves, no\u00a0Col\u00e9gio Eleitoral, em 1985.<\/p>\n<p style=\"text-align: justify;\">Defensora da \u00e1rea tecnol\u00f3gica, por acreditar ser este o caminho, ao lado da educa\u00e7\u00e3o, para o desenvolvimento do pa\u00eds, foi relatora da Subcomiss\u00e3o de Ci\u00eancia e Tecnologia e da Comunica\u00e7\u00e3o da\u00a0Assembleia Nacional Constituinte de 1987.<\/p>\n<p style=\"text-align: justify;\">Foi uma das fundadoras do PSDB, saindo, em seguida, por quest\u00f5es internas, para o PDT, n\u00e3o conseguindo o seu quarto mandado para a C\u00e2mara dos Deputados, em 1990.<\/p>\n<p style=\"text-align: justify;\">Em 1989, publicou &#8220;A \u00daltima C\u00e9lula: minha luta contra o c\u00e2ncer&#8221;.<\/p>\n<p style=\"text-align: justify;\">Cristina faleceu, precocemente, em 1992, nos EUA, aos 57 anos, de c\u00e2ncer de mama.<\/p>\n<p style=\"text-align: justify;\">Pioneira, abriu as portas para outras mulheres, que seguiram na sua luta pela liberdade de imprensa, pela democracia, pela resist\u00eancia ao machismo e pela participa\u00e7\u00e3o feminina na pol\u00edtica.<br \/>\n.<br \/>\n<strong>Siga: @historia_em_retalhos<\/strong><\/p>\n<p><a href=\"https:\/\/www.instagram.com\/accounts\/login\/?next=\/p\/CdGJ2iIOFoc\/\">https:\/\/www.instagram.com\/accounts\/login\/?next=\/p\/CdGJ2iIOFoc\/<\/a><\/p>\n<p><img loading=\"lazy\" class=\"aligncenter wp-image-136725 size-large\" src=\"http:\/\/www.blogdopilako.com.br\/wp\/wp-content\/uploads\/2022\/05\/Pix-arte-final-2-5-1024x401.png\" alt=\"\" width=\"584\" height=\"229\" srcset=\"http:\/\/www.blogdopilako.com.br\/wp\/wp-content\/uploads\/2022\/05\/Pix-arte-final-2-5-1024x401.png 1024w, http:\/\/www.blogdopilako.com.br\/wp\/wp-content\/uploads\/2022\/05\/Pix-arte-final-2-5-300x117.png 300w, http:\/\/www.blogdopilako.com.br\/wp\/wp-content\/uploads\/2022\/05\/Pix-arte-final-2-5-768x301.png 768w, http:\/\/www.blogdopilako.com.br\/wp\/wp-content\/uploads\/2022\/05\/Pix-arte-final-2-5-1536x601.png 1536w, http:\/\/www.blogdopilako.com.br\/wp\/wp-content\/uploads\/2022\/05\/Pix-arte-final-2-5-2048x802.png 2048w, http:\/\/www.blogdopilako.com.br\/wp\/wp-content\/uploads\/2022\/05\/Pix-arte-final-2-5-500x196.png 500w\" sizes=\"(max-width: 584px) 100vw, 584px\" \/><\/p>\n\n\t\t\t\t<div class=\"mr_social_sharing_wrapper\">\n\t\t\t\t<!-- Social Sharing Toolkit v2.2 --><span class=\"mr_social_sharing_top\"><span style=\"display: inline-block; width: 55px; height: 62px; overflow: hidden;\"><div class=\"fb-like\" data-href=\"http:\/\/www.blogdopilako.com.br\/wp\/2022\/05\/03\/03-de-maio-dia-mundial-da-liberdade-de-imprensa-por-historia_em_retalhos\/\" data-send=\"false\" data-layout=\"box_count\" data-width=\"55\" data-show-faces=\"false\"><\/div><\/span><\/span><span class=\"mr_social_sharing_top\"><fb:share-button type=\"box_count\" href=\"http:\/\/www.blogdopilako.com.br\/wp\/2022\/05\/03\/03-de-maio-dia-mundial-da-liberdade-de-imprensa-por-historia_em_retalhos\/\"><\/fb:share-button><\/span><span class=\"mr_social_sharing\"><a rel=\"nofollow\" class=\"linksalpha_button linksalpha_link\" href=\"\/\/www.linksalpha.com\/social\/mobile\" data-url=\"http:\/\/www.blogdopilako.com.br\/wp\/2022\/05\/03\/03-de-maio-dia-mundial-da-liberdade-de-imprensa-por-historia_em_retalhos\/\" data-text=\"03 de maio: Dia Mundial da Liberdade de Imprensa \u2013 por historia_em_retalhos.\" data-desc=\"Em alus\u00e3o \u00e0 data, registramos, hoje, uma grande jornalista e pol\u00edtica brasileira: Maria Cristina de Lima Tavares Correia. Natural de Garanhuns\/PE, Cristina atuou em v\u00e1rios ve\u00edculos de informa\u00e7\u00e3o, como o\u00a0Jornal do Commercio,\u00a0o Diario de Pernambuco\u00a0e\u00a0o Correio Braziliense. Eleita deputada\" data-image=\"http:\/\/www.blogdopilako.com.br\/wp\/wp-content\/uploads\/2022\/05\/download-1.jpg\" data-button=\"none\">\n\t\t\t\t\t<img src=\"\/\/www.linksalpha.com\/images\/social_share_button.png\" alt=\"Share\" class=\"linksalpha_image\" \/>\n\t\t\t\t\t<\/a><script type=\"text\/javascript\" src=\"\/\/www.linksalpha.com\/scripts\/loader_iconbox.js?v=2.4\"><\/script><\/span><\/div>","protected":false},"excerpt":{"rendered":"\n\t\t\t\t<div class=\"mr_social_sharing_wrapper\">\n\t\t\t\t<!-- Social Sharing Toolkit v2.2 --><span class=\"mr_social_sharing_top\"><span style=\"display: inline-block; width: 55px; height: 62px; overflow: hidden;\"><div class=\"fb-like\" data-href=\"http:\/\/www.blogdopilako.com.br\/wp\/2022\/05\/03\/03-de-maio-dia-mundial-da-liberdade-de-imprensa-por-historia_em_retalhos\/\" data-send=\"false\" data-layout=\"box_count\" data-width=\"55\" data-show-faces=\"false\"><\/div><\/span><\/span><span class=\"mr_social_sharing_top\"><fb:share-button type=\"box_count\" href=\"http:\/\/www.blogdopilako.com.br\/wp\/2022\/05\/03\/03-de-maio-dia-mundial-da-liberdade-de-imprensa-por-historia_em_retalhos\/\"><\/fb:share-button><\/span><span class=\"mr_social_sharing\"><a rel=\"nofollow\" class=\"linksalpha_button linksalpha_link\" href=\"\/\/www.linksalpha.com\/social\/mobile\" data-url=\"http:\/\/www.blogdopilako.com.br\/wp\/2022\/05\/03\/03-de-maio-dia-mundial-da-liberdade-de-imprensa-por-historia_em_retalhos\/\" data-text=\"03 de maio: Dia Mundial da Liberdade de Imprensa \u2013 por historia_em_retalhos.\" data-desc=\"Em alus\u00e3o \u00e0 data, registramos, hoje, uma grande jornalista e pol\u00edtica brasileira: Maria Cristina de Lima Tavares Correia. Natural de Garanhuns\/PE, Cristina atuou em v\u00e1rios ve\u00edculos de informa\u00e7\u00e3o, como o\u00a0Jornal do Commercio,\u00a0o Diario de Pernambuco\u00a0e\u00a0o Correio Braziliense. Eleita deputada\" data-image=\"\" data-button=\"none\">\n\t\t\t\t\t<img src=\"\/\/www.linksalpha.com\/images\/social_share_button.png\" alt=\"Share\" class=\"linksalpha_image\" \/>\n\t\t\t\t\t<\/a><script type=\"text\/javascript\" src=\"\/\/www.linksalpha.com\/scripts\/loader_iconbox.js?v=2.4\"><\/script><\/span><\/div><p>Em alus\u00e3o \u00e0 data, registramos, hoje, uma grande jornalista e pol\u00edtica brasileira: Maria Cristina de Lima Tavares Correia. Natural de Garanhuns\/PE, Cristina atuou em v\u00e1rios ve\u00edculos de informa\u00e7\u00e3o, como o\u00a0Jornal do Commercio,\u00a0o Diario de Pernambuco\u00a0e\u00a0o Correio Braziliense. Eleita deputada federal &hellip; <a href=\"http:\/\/www.blogdopilako.com.br\/wp\/2022\/05\/03\/03-de-maio-dia-mundial-da-liberdade-de-imprensa-por-historia_em_retalhos\/\">Continue lendo <span class=\"meta-nav\">&rarr;<\/span><\/a><\/p>\n\n\t\t\t\t<div class=\"mr_social_sharing_wrapper\">\n\t\t\t\t<!-- Social Sharing Toolkit v2.2 --><span class=\"mr_social_sharing_top\"><span style=\"display: inline-block; width: 55px; height: 62px; overflow: hidden;\"><div class=\"fb-like\" data-href=\"http:\/\/www.blogdopilako.com.br\/wp\/2022\/05\/03\/03-de-maio-dia-mundial-da-liberdade-de-imprensa-por-historia_em_retalhos\/\" data-send=\"false\" data-layout=\"box_count\" data-width=\"55\" data-show-faces=\"false\"><\/div><\/span><\/span><span class=\"mr_social_sharing_top\"><fb:share-button type=\"box_count\" href=\"http:\/\/www.blogdopilako.com.br\/wp\/2022\/05\/03\/03-de-maio-dia-mundial-da-liberdade-de-imprensa-por-historia_em_retalhos\/\"><\/fb:share-button><\/span><span class=\"mr_social_sharing\"><a rel=\"nofollow\" class=\"linksalpha_button linksalpha_link\" href=\"\/\/www.linksalpha.com\/social\/mobile\" data-url=\"http:\/\/www.blogdopilako.com.br\/wp\/2022\/05\/03\/03-de-maio-dia-mundial-da-liberdade-de-imprensa-por-historia_em_retalhos\/\" data-text=\"03 de maio: Dia Mundial da Liberdade de Imprensa \u2013 por historia_em_retalhos.\" data-desc=\"Em alus\u00e3o \u00e0 data, registramos, hoje, uma grande jornalista e pol\u00edtica brasileira: Maria Cristina de Lima Tavares Correia. Natural de Garanhuns\/PE, Cristina atuou em v\u00e1rios ve\u00edculos de informa\u00e7\u00e3o, como o\u00a0Jornal do Commercio,\u00a0o Diario de Pernambuco\u00a0e\u00a0o Correio Braziliense. Eleita deputada\" data-image=\"\" data-button=\"none\">\n\t\t\t\t\t<img src=\"\/\/www.linksalpha.com\/images\/social_share_button.png\" alt=\"Share\" class=\"linksalpha_image\" \/>\n\t\t\t\t\t<\/a><script type=\"text\/javascript\" src=\"\/\/www.linksalpha.com\/scripts\/loader_iconbox.js?v=2.4\"><\/script><\/span><\/div>","protected":false},"author":2,"featured_media":0,"comment_status":"open","ping_status":"open","sticky":false,"template":"","format":"standard","meta":[],"categories":[21],"tags":[],"_links":{"self":[{"href":"http:\/\/www.blogdopilako.com.br\/wp\/wp-json\/wp\/v2\/posts\/136724"}],"collection":[{"href":"http:\/\/www.blogdopilako.com.br\/wp\/wp-json\/wp\/v2\/posts"}],"about":[{"href":"http:\/\/www.blogdopilako.com.br\/wp\/wp-json\/wp\/v2\/types\/post"}],"author":[{"embeddable":true,"href":"http:\/\/www.blogdopilako.com.br\/wp\/wp-json\/wp\/v2\/users\/2"}],"replies":[{"embeddable":true,"href":"http:\/\/www.blogdopilako.com.br\/wp\/wp-json\/wp\/v2\/comments?post=136724"}],"version-history":[{"count":1,"href":"http:\/\/www.blogdopilako.com.br\/wp\/wp-json\/wp\/v2\/posts\/136724\/revisions"}],"predecessor-version":[{"id":136727,"href":"http:\/\/www.blogdopilako.com.br\/wp\/wp-json\/wp\/v2\/posts\/136724\/revisions\/136727"}],"wp:attachment":[{"href":"http:\/\/www.blogdopilako.com.br\/wp\/wp-json\/wp\/v2\/media?parent=136724"}],"wp:term":[{"taxonomy":"category","embeddable":true,"href":"http:\/\/www.blogdopilako.com.br\/wp\/wp-json\/wp\/v2\/categories?post=136724"},{"taxonomy":"post_tag","embeddable":true,"href":"http:\/\/www.blogdopilako.com.br\/wp\/wp-json\/wp\/v2\/tags?post=136724"}],"curies":[{"name":"wp","href":"https:\/\/api.w.org\/{rel}","templated":true}]}}