{"id":136600,"date":"2022-04-22T11:25:11","date_gmt":"2022-04-22T14:25:11","guid":{"rendered":"http:\/\/www.blogdopilako.com.br\/wp\/?p=136600"},"modified":"2022-04-22T16:09:09","modified_gmt":"2022-04-22T19:09:09","slug":"interesse-e-manifestacoes-espontaneas-pelo-corrida-com-historia","status":"publish","type":"post","link":"http:\/\/www.blogdopilako.com.br\/wp\/2022\/04\/22\/interesse-e-manifestacoes-espontaneas-pelo-corrida-com-historia\/","title":{"rendered":"Interesse e manifesta\u00e7\u00f5es espont\u00e2neas pelo projeto Corrida Com Hist\u00f3ria!!!"},"content":{"rendered":"\n\t\t\t\t<div class=\"mr_social_sharing_wrapper\">\n\t\t\t\t<!-- Social Sharing Toolkit v2.2 --><span class=\"mr_social_sharing_top\"><span style=\"display: inline-block; width: 55px; height: 62px; overflow: hidden;\"><div class=\"fb-like\" data-href=\"http:\/\/www.blogdopilako.com.br\/wp\/2022\/04\/22\/interesse-e-manifestacoes-espontaneas-pelo-corrida-com-historia\/\" data-send=\"false\" data-layout=\"box_count\" data-width=\"55\" data-show-faces=\"false\"><\/div><\/span><\/span><span class=\"mr_social_sharing_top\"><fb:share-button type=\"box_count\" href=\"http:\/\/www.blogdopilako.com.br\/wp\/2022\/04\/22\/interesse-e-manifestacoes-espontaneas-pelo-corrida-com-historia\/\"><\/fb:share-button><\/span><span class=\"mr_social_sharing\"><a rel=\"nofollow\" class=\"linksalpha_button linksalpha_link\" href=\"\/\/www.linksalpha.com\/social\/mobile\" data-url=\"http:\/\/www.blogdopilako.com.br\/wp\/2022\/04\/22\/interesse-e-manifestacoes-espontaneas-pelo-corrida-com-historia\/\" data-text=\"Interesse e manifesta\u00e7\u00f5es espont\u00e2neas pelo projeto Corrida Com Hist\u00f3ria!!!\" data-desc=\"Aqui e acol\u00e1, pelo blog ou mesmo pela minha p\u00e1gina no Instagram - @pilakooficial \u2013 estamos postando manifesta\u00e7\u00f5es espont\u00e2neas da mais variadas pessoas que casualmente nos encontram nas ruas, no tocante ao\u00a0 projeto por n\u00f3s inventado e executado que atende pelo nome de \u201cCorrida Com\" data-image=\"http:\/\/www.blogdopilako.com.br\/wp\/wp-content\/uploads\/2022\/04\/f0bad24e-7434-4385-bb9d-9fa4af66b9fc-200x300.jpg\" data-button=\"none\">\n\t\t\t\t\t<img src=\"\/\/www.linksalpha.com\/images\/social_share_button.png\" alt=\"Share\" class=\"linksalpha_image\" \/>\n\t\t\t\t\t<\/a><script type=\"text\/javascript\" src=\"\/\/www.linksalpha.com\/scripts\/loader_iconbox.js?v=2.4\"><\/script><\/span><\/div><p><img loading=\"lazy\" class=\"wp-image-136601 size-medium alignright\" src=\"http:\/\/www.blogdopilako.com.br\/wp\/wp-content\/uploads\/2022\/04\/f0bad24e-7434-4385-bb9d-9fa4af66b9fc-200x300.jpg\" alt=\"\" width=\"200\" height=\"300\" srcset=\"http:\/\/www.blogdopilako.com.br\/wp\/wp-content\/uploads\/2022\/04\/f0bad24e-7434-4385-bb9d-9fa4af66b9fc-200x300.jpg 200w, http:\/\/www.blogdopilako.com.br\/wp\/wp-content\/uploads\/2022\/04\/f0bad24e-7434-4385-bb9d-9fa4af66b9fc.jpg 640w\" sizes=\"(max-width: 200px) 100vw, 200px\" \/><\/p>\n<p style=\"text-align: justify;\">Aqui e acol\u00e1, pelo blog ou mesmo pela minha p\u00e1gina no Instagram &#8211; @pilakooficial \u2013 estamos postando manifesta\u00e7\u00f5es espont\u00e2neas da mais variadas pessoas que casualmente nos encontram nas ruas, no tocante ao\u00a0 projeto por n\u00f3s inventado e executado que atende pelo nome de <strong>\u201cCorrida Com Hist\u00f3ria\u201d.<\/strong><\/p>\n<p style=\"text-align: justify;\">Com apelo eminentemente local, na medida do poss\u00edvel, procuramos real\u00e7ar datas, eventos, monumentos, vultos ou mesmo curiosidades atinentes \u00e0 historiografia antonense. De maneira clara e objetiva, \u00a0sempre ao final da nossa salutar atividade f\u00edsica, em v\u00eddeo de pouco mais de 50 segundos, compartilhamos conhecimentos constru\u00eddos \u00a0ao longo do tempo, adquiridos \u00a0atrav\u00e9s da leitura dos livros e jornais que contam a hist\u00f3ria dos nossos antepassados.<\/p>\n<p style=\"text-align: justify;\">Pois bem, recentemente, l\u00e1 na <strong>Oficina El\u00e9trica do amigo \u201cMutreta\u201d,<\/strong> ao adentrar no espa\u00e7o e me avistar sentado, o sempre falante\u00a0 Jos\u00e9 Carlos foi logo dizendo: <strong><em>\u201c corrida com hist\u00f3ria, Pilako&#8230;&#8230;.Z\u00e9 Ramalho j\u00e1 se apresentou em Vit\u00f3ria &#8230;&#8230;\u201d<\/em><\/strong> . Em seguida emendou uma can\u00e7\u00e3o do ex\u00f3tico e sempre atual Z\u00e9 Ramalho. Por coincid\u00eancia eu estive em um desses\u00a0 eventos, promovido pelo produtor Marcos Samurai, l\u00e1 no Restaurante Recanto Ga\u00facho (n\u00e3o lembro exatamente a data).<\/p>\n<p style=\"text-align: justify;\">Ao final, para marcar esse casual e interessante encontro, gravamos um r\u00e1pido v\u00eddeo. Ao que parece, o nosso quadro &#8211;\u00a0 <strong>\u201cCorrida Com Hist\u00f3ria\u201d<\/strong> &#8211;\u00a0 vem, no bom sentido da palavra, provocando nas\u00a0 pessoas\u00a0 das mais variadas classes sociais o interesse pelas coisas da terra, ou seja: <strong><em>aflorando o\u00a0 chamado sentimento de pertencimento&#8230;&#8230;E isso \u00e9 muito bom&#8230;.<\/em><\/strong><\/p>\n<p><img loading=\"lazy\" class=\"aligncenter wp-image-136602 size-large\" src=\"http:\/\/www.blogdopilako.com.br\/wp\/wp-content\/uploads\/2022\/04\/Pix-arte-final-2-39-1024x401.png\" alt=\"\" width=\"584\" height=\"229\" srcset=\"http:\/\/www.blogdopilako.com.br\/wp\/wp-content\/uploads\/2022\/04\/Pix-arte-final-2-39-1024x401.png 1024w, http:\/\/www.blogdopilako.com.br\/wp\/wp-content\/uploads\/2022\/04\/Pix-arte-final-2-39-300x117.png 300w, http:\/\/www.blogdopilako.com.br\/wp\/wp-content\/uploads\/2022\/04\/Pix-arte-final-2-39-768x301.png 768w, http:\/\/www.blogdopilako.com.br\/wp\/wp-content\/uploads\/2022\/04\/Pix-arte-final-2-39-1536x601.png 1536w, http:\/\/www.blogdopilako.com.br\/wp\/wp-content\/uploads\/2022\/04\/Pix-arte-final-2-39-2048x802.png 2048w, http:\/\/www.blogdopilako.com.br\/wp\/wp-content\/uploads\/2022\/04\/Pix-arte-final-2-39-500x196.png 500w\" sizes=\"(max-width: 584px) 100vw, 584px\" \/><\/p>\n<p>&nbsp;<\/p>\n\n\t\t\t\t<div class=\"mr_social_sharing_wrapper\">\n\t\t\t\t<!-- Social Sharing Toolkit v2.2 --><span class=\"mr_social_sharing_top\"><span style=\"display: inline-block; width: 55px; height: 62px; overflow: hidden;\"><div class=\"fb-like\" data-href=\"http:\/\/www.blogdopilako.com.br\/wp\/2022\/04\/22\/interesse-e-manifestacoes-espontaneas-pelo-corrida-com-historia\/\" data-send=\"false\" data-layout=\"box_count\" data-width=\"55\" data-show-faces=\"false\"><\/div><\/span><\/span><span class=\"mr_social_sharing_top\"><fb:share-button type=\"box_count\" href=\"http:\/\/www.blogdopilako.com.br\/wp\/2022\/04\/22\/interesse-e-manifestacoes-espontaneas-pelo-corrida-com-historia\/\"><\/fb:share-button><\/span><span class=\"mr_social_sharing\"><a rel=\"nofollow\" class=\"linksalpha_button linksalpha_link\" href=\"\/\/www.linksalpha.com\/social\/mobile\" data-url=\"http:\/\/www.blogdopilako.com.br\/wp\/2022\/04\/22\/interesse-e-manifestacoes-espontaneas-pelo-corrida-com-historia\/\" data-text=\"Interesse e manifesta\u00e7\u00f5es espont\u00e2neas pelo projeto Corrida Com Hist\u00f3ria!!!\" data-desc=\"Aqui e acol\u00e1, pelo blog ou mesmo pela minha p\u00e1gina no Instagram - @pilakooficial \u2013 estamos postando manifesta\u00e7\u00f5es espont\u00e2neas da mais variadas pessoas que casualmente nos encontram nas ruas, no tocante ao\u00a0 projeto por n\u00f3s inventado e executado que atende pelo nome de \u201cCorrida Com\" data-image=\"http:\/\/www.blogdopilako.com.br\/wp\/wp-content\/uploads\/2022\/04\/f0bad24e-7434-4385-bb9d-9fa4af66b9fc-200x300.jpg\" data-button=\"none\">\n\t\t\t\t\t<img src=\"\/\/www.linksalpha.com\/images\/social_share_button.png\" alt=\"Share\" class=\"linksalpha_image\" \/>\n\t\t\t\t\t<\/a><script type=\"text\/javascript\" src=\"\/\/www.linksalpha.com\/scripts\/loader_iconbox.js?v=2.4\"><\/script><\/span><\/div>","protected":false},"excerpt":{"rendered":"\n\t\t\t\t<div class=\"mr_social_sharing_wrapper\">\n\t\t\t\t<!-- Social Sharing Toolkit v2.2 --><span class=\"mr_social_sharing_top\"><span style=\"display: inline-block; width: 55px; height: 62px; overflow: hidden;\"><div class=\"fb-like\" data-href=\"http:\/\/www.blogdopilako.com.br\/wp\/2022\/04\/22\/interesse-e-manifestacoes-espontaneas-pelo-corrida-com-historia\/\" data-send=\"false\" data-layout=\"box_count\" data-width=\"55\" data-show-faces=\"false\"><\/div><\/span><\/span><span class=\"mr_social_sharing_top\"><fb:share-button type=\"box_count\" href=\"http:\/\/www.blogdopilako.com.br\/wp\/2022\/04\/22\/interesse-e-manifestacoes-espontaneas-pelo-corrida-com-historia\/\"><\/fb:share-button><\/span><span class=\"mr_social_sharing\"><a rel=\"nofollow\" class=\"linksalpha_button linksalpha_link\" href=\"\/\/www.linksalpha.com\/social\/mobile\" data-url=\"http:\/\/www.blogdopilako.com.br\/wp\/2022\/04\/22\/interesse-e-manifestacoes-espontaneas-pelo-corrida-com-historia\/\" data-text=\"Interesse e manifesta\u00e7\u00f5es espont\u00e2neas pelo projeto Corrida Com Hist\u00f3ria!!!\" data-desc=\"Aqui e acol\u00e1, pelo blog ou mesmo pela minha p\u00e1gina no Instagram - @pilakooficial \u2013 estamos postando manifesta\u00e7\u00f5es espont\u00e2neas da mais variadas pessoas que casualmente nos encontram nas ruas, no tocante ao\u00a0 projeto por n\u00f3s inventado e executado que atende pelo nome de \u201cCorrida Com\" data-image=\"\" data-button=\"none\">\n\t\t\t\t\t<img src=\"\/\/www.linksalpha.com\/images\/social_share_button.png\" alt=\"Share\" class=\"linksalpha_image\" \/>\n\t\t\t\t\t<\/a><script type=\"text\/javascript\" src=\"\/\/www.linksalpha.com\/scripts\/loader_iconbox.js?v=2.4\"><\/script><\/span><\/div><p>Aqui e acol\u00e1, pelo blog ou mesmo pela minha p\u00e1gina no Instagram &#8211; @pilakooficial \u2013 estamos postando manifesta\u00e7\u00f5es espont\u00e2neas da mais variadas pessoas que casualmente nos encontram nas ruas, no tocante ao\u00a0 projeto por n\u00f3s inventado e executado que atende &hellip; <a href=\"http:\/\/www.blogdopilako.com.br\/wp\/2022\/04\/22\/interesse-e-manifestacoes-espontaneas-pelo-corrida-com-historia\/\">Continue lendo <span class=\"meta-nav\">&rarr;<\/span><\/a><\/p>\n\n\t\t\t\t<div class=\"mr_social_sharing_wrapper\">\n\t\t\t\t<!-- Social Sharing Toolkit v2.2 --><span class=\"mr_social_sharing_top\"><span style=\"display: inline-block; width: 55px; height: 62px; overflow: hidden;\"><div class=\"fb-like\" data-href=\"http:\/\/www.blogdopilako.com.br\/wp\/2022\/04\/22\/interesse-e-manifestacoes-espontaneas-pelo-corrida-com-historia\/\" data-send=\"false\" data-layout=\"box_count\" data-width=\"55\" data-show-faces=\"false\"><\/div><\/span><\/span><span class=\"mr_social_sharing_top\"><fb:share-button type=\"box_count\" href=\"http:\/\/www.blogdopilako.com.br\/wp\/2022\/04\/22\/interesse-e-manifestacoes-espontaneas-pelo-corrida-com-historia\/\"><\/fb:share-button><\/span><span class=\"mr_social_sharing\"><a rel=\"nofollow\" class=\"linksalpha_button linksalpha_link\" href=\"\/\/www.linksalpha.com\/social\/mobile\" data-url=\"http:\/\/www.blogdopilako.com.br\/wp\/2022\/04\/22\/interesse-e-manifestacoes-espontaneas-pelo-corrida-com-historia\/\" data-text=\"Interesse e manifesta\u00e7\u00f5es espont\u00e2neas pelo projeto Corrida Com Hist\u00f3ria!!!\" data-desc=\"Aqui e acol\u00e1, pelo blog ou mesmo pela minha p\u00e1gina no Instagram - @pilakooficial \u2013 estamos postando manifesta\u00e7\u00f5es espont\u00e2neas da mais variadas pessoas que casualmente nos encontram nas ruas, no tocante ao\u00a0 projeto por n\u00f3s inventado e executado que atende pelo nome de \u201cCorrida Com\" data-image=\"\" data-button=\"none\">\n\t\t\t\t\t<img src=\"\/\/www.linksalpha.com\/images\/social_share_button.png\" alt=\"Share\" class=\"linksalpha_image\" \/>\n\t\t\t\t\t<\/a><script type=\"text\/javascript\" src=\"\/\/www.linksalpha.com\/scripts\/loader_iconbox.js?v=2.4\"><\/script><\/span><\/div>","protected":false},"author":2,"featured_media":0,"comment_status":"open","ping_status":"open","sticky":false,"template":"","format":"standard","meta":[],"categories":[21],"tags":[],"_links":{"self":[{"href":"http:\/\/www.blogdopilako.com.br\/wp\/wp-json\/wp\/v2\/posts\/136600"}],"collection":[{"href":"http:\/\/www.blogdopilako.com.br\/wp\/wp-json\/wp\/v2\/posts"}],"about":[{"href":"http:\/\/www.blogdopilako.com.br\/wp\/wp-json\/wp\/v2\/types\/post"}],"author":[{"embeddable":true,"href":"http:\/\/www.blogdopilako.com.br\/wp\/wp-json\/wp\/v2\/users\/2"}],"replies":[{"embeddable":true,"href":"http:\/\/www.blogdopilako.com.br\/wp\/wp-json\/wp\/v2\/comments?post=136600"}],"version-history":[{"count":2,"href":"http:\/\/www.blogdopilako.com.br\/wp\/wp-json\/wp\/v2\/posts\/136600\/revisions"}],"predecessor-version":[{"id":136604,"href":"http:\/\/www.blogdopilako.com.br\/wp\/wp-json\/wp\/v2\/posts\/136600\/revisions\/136604"}],"wp:attachment":[{"href":"http:\/\/www.blogdopilako.com.br\/wp\/wp-json\/wp\/v2\/media?parent=136600"}],"wp:term":[{"taxonomy":"category","embeddable":true,"href":"http:\/\/www.blogdopilako.com.br\/wp\/wp-json\/wp\/v2\/categories?post=136600"},{"taxonomy":"post_tag","embeddable":true,"href":"http:\/\/www.blogdopilako.com.br\/wp\/wp-json\/wp\/v2\/tags?post=136600"}],"curies":[{"name":"wp","href":"https:\/\/api.w.org\/{rel}","templated":true}]}}