{"id":136581,"date":"2022-04-20T10:54:12","date_gmt":"2022-04-20T13:54:12","guid":{"rendered":"http:\/\/www.blogdopilako.com.br\/wp\/?p=136581"},"modified":"2022-04-21T10:02:55","modified_gmt":"2022-04-21T13:02:55","slug":"antonio-freitas-eu-sou-cachorro-de-rua","status":"publish","type":"post","link":"http:\/\/www.blogdopilako.com.br\/wp\/2022\/04\/20\/antonio-freitas-eu-sou-cachorro-de-rua\/","title":{"rendered":"Antonio Freitas:  \u201ceu sou cachorro de rua\u201d&#8230;."},"content":{"rendered":"\n\t\t\t\t<div class=\"mr_social_sharing_wrapper\">\n\t\t\t\t<!-- Social Sharing Toolkit v2.2 --><span class=\"mr_social_sharing_top\"><span style=\"display: inline-block; width: 55px; height: 62px; overflow: hidden;\"><div class=\"fb-like\" data-href=\"http:\/\/www.blogdopilako.com.br\/wp\/2022\/04\/20\/antonio-freitas-eu-sou-cachorro-de-rua\/\" data-send=\"false\" data-layout=\"box_count\" data-width=\"55\" data-show-faces=\"false\"><\/div><\/span><\/span><span class=\"mr_social_sharing_top\"><fb:share-button type=\"box_count\" href=\"http:\/\/www.blogdopilako.com.br\/wp\/2022\/04\/20\/antonio-freitas-eu-sou-cachorro-de-rua\/\"><\/fb:share-button><\/span><span class=\"mr_social_sharing\"><a rel=\"nofollow\" class=\"linksalpha_button linksalpha_link\" href=\"\/\/www.linksalpha.com\/social\/mobile\" data-url=\"http:\/\/www.blogdopilako.com.br\/wp\/2022\/04\/20\/antonio-freitas-eu-sou-cachorro-de-rua\/\" data-text=\"Antonio Freitas: \u201ceu sou cachorro de rua\u201d\u2026.\" data-desc=\"\u201cMaria vai com as outras\u201d \u00e9 um jarg\u00e3o popular que, nas entrelinhas, faz\u00a0 refer\u00eancia \u00a0as pessoas que se deixam \u00a0levar \u00a0por \u00a0ideias alheias,\u00a0 ou seja: abre m\u00e3o facilmente dos seus princ\u00edpios e das suas convic\u00e7\u00f5es e experi\u00eancias. Ser radical numa sociedade fluida e mutante,\u00a0 em que\" data-image=\"http:\/\/www.blogdopilako.com.br\/wp\/wp-content\/uploads\/2022\/04\/images-4.jpg\" data-button=\"none\">\n\t\t\t\t\t<img src=\"\/\/www.linksalpha.com\/images\/social_share_button.png\" alt=\"Share\" class=\"linksalpha_image\" \/>\n\t\t\t\t\t<\/a><script type=\"text\/javascript\" src=\"\/\/www.linksalpha.com\/scripts\/loader_iconbox.js?v=2.4\"><\/script><\/span><\/div><p><img loading=\"lazy\" class=\"wp-image-136583 size-full alignright\" src=\"http:\/\/www.blogdopilako.com.br\/wp\/wp-content\/uploads\/2022\/04\/images-4.jpg\" alt=\"\" width=\"260\" height=\"194\" \/><\/p>\n<p style=\"text-align: justify;\">\u201cMaria vai com as outras\u201d \u00e9 um jarg\u00e3o popular que, nas entrelinhas, faz\u00a0 refer\u00eancia \u00a0as pessoas que se deixam \u00a0levar \u00a0por \u00a0ideias alheias,\u00a0 ou seja: abre m\u00e3o facilmente dos seus princ\u00edpios e das suas convic\u00e7\u00f5es e experi\u00eancias. Ser radical numa sociedade fluida e mutante,\u00a0 em que os conceitos s\u00e3o atualizados constantemente\u00a0 face ao\u00a0 mundo globalizado no sentido do dialogo on-line, em rede, convenhamos, n\u00e3o \u00e9 um ativo pessoal para ser exaltado, no entanto, para uma melhor analise,\u00a0 devemos separara e procurar entender \u00e0 forma\u00e7\u00e3o de cada sujeito no contexto do \u201cseu tempo\u201d.<\/p>\n<p style=\"text-align: justify;\">Pois bem, com mais de oito d\u00e9cadas de vida, o amigo <strong>Ant\u00f4nio Freitas<\/strong> n\u00e3o se cansa de repetir:<strong><em> \u201c eu sou cachorro de rua. N\u00e3o adianta! Eu n\u00e3o me afasto um cent\u00edmetro disso\u201d<\/em><\/strong>. Refere-se ele as suas ideias e conceitos, em meio \u201caos debates e conversas\u201d, sobretudo nos animados bate papos\u00a0 com os amigos nos bares da vida.<\/p>\n<p><img loading=\"lazy\" class=\"size-medium wp-image-136584 alignleft\" src=\"http:\/\/www.blogdopilako.com.br\/wp\/wp-content\/uploads\/2022\/04\/8e2bfd9c-acb9-468f-977e-715bb4d7f4dd-225x300.jpg\" alt=\"\" width=\"225\" height=\"300\" srcset=\"http:\/\/www.blogdopilako.com.br\/wp\/wp-content\/uploads\/2022\/04\/8e2bfd9c-acb9-468f-977e-715bb4d7f4dd-225x300.jpg 225w, http:\/\/www.blogdopilako.com.br\/wp\/wp-content\/uploads\/2022\/04\/8e2bfd9c-acb9-468f-977e-715bb4d7f4dd-768x1024.jpg 768w, http:\/\/www.blogdopilako.com.br\/wp\/wp-content\/uploads\/2022\/04\/8e2bfd9c-acb9-468f-977e-715bb4d7f4dd-1152x1536.jpg 1152w, http:\/\/www.blogdopilako.com.br\/wp\/wp-content\/uploads\/2022\/04\/8e2bfd9c-acb9-468f-977e-715bb4d7f4dd.jpg 1200w\" sizes=\"(max-width: 225px) 100vw, 225px\" \/><\/p>\n<p style=\"text-align: justify;\">Tonho, como \u00e9 chamado pelos mais pr\u00f3ximos, \u00e9 um observador do mundo e um profundo \u201ccontabilista\u201d das coisas que giram no seu entorno. Pratica diariamente a leitura e se exercita \u00a0na salutar tarefa da reflex\u00e3o, diante das mais simples coisas. Homem de f\u00e9, ainda\u00a0 traz \u00e0 ordem do dia todos os ensinamentos recebidos, na qualidade de ac\u00f3lito, \u00a0do austero e respeitado Padre Pita.<\/p>\n<p style=\"text-align: justify;\"><strong>No contexto da perseveran\u00e7a, junto com o filho, Everton, ir\u00e1 realizar no pr\u00f3ximo dia 30 de abril a 41\u00aa edi\u00e7\u00e3o do Forr\u00f3 do Coelho. A primeira ocorreu justamente em 30 de abril de 1982.<\/strong> Diga-se de passagem: \u00e9 o evento dan\u00e7ante (particular) mais tradicional da nossa cidade. \u00c9 algo relevante a ser analisado, sob o ponto de vista da hist\u00f3ria social da nossa \u201caldeia\u201d \u2013 Vit\u00f3ria de Santo Ant\u00e3o.<\/p>\n<p><img loading=\"lazy\" class=\"aligncenter wp-image-136585 size-full\" src=\"http:\/\/www.blogdopilako.com.br\/wp\/wp-content\/uploads\/2022\/04\/bb307a17-b120-4a33-bea6-426e1064697b.jpg\" alt=\"\" width=\"1600\" height=\"1091\" srcset=\"http:\/\/www.blogdopilako.com.br\/wp\/wp-content\/uploads\/2022\/04\/bb307a17-b120-4a33-bea6-426e1064697b.jpg 1600w, http:\/\/www.blogdopilako.com.br\/wp\/wp-content\/uploads\/2022\/04\/bb307a17-b120-4a33-bea6-426e1064697b-300x205.jpg 300w, http:\/\/www.blogdopilako.com.br\/wp\/wp-content\/uploads\/2022\/04\/bb307a17-b120-4a33-bea6-426e1064697b-1024x698.jpg 1024w, http:\/\/www.blogdopilako.com.br\/wp\/wp-content\/uploads\/2022\/04\/bb307a17-b120-4a33-bea6-426e1064697b-768x524.jpg 768w, http:\/\/www.blogdopilako.com.br\/wp\/wp-content\/uploads\/2022\/04\/bb307a17-b120-4a33-bea6-426e1064697b-1536x1047.jpg 1536w, http:\/\/www.blogdopilako.com.br\/wp\/wp-content\/uploads\/2022\/04\/bb307a17-b120-4a33-bea6-426e1064697b-440x300.jpg 440w\" sizes=\"(max-width: 1600px) 100vw, 1600px\" \/><\/p>\n<p style=\"text-align: justify;\">N\u00e3o fosse todos os temas acima sublinhados, sobre o <strong>\u201csujeito antonense Antonio Freitas\u201d,<\/strong> \u00a0confesso, \u00a0que a motiva\u00e7\u00e3o principal da constru\u00e7\u00e3o dessas linhas, real\u00e7ando alguns dos seus tra\u00e7os pessoais, ocorreu na manh\u00e3 do \u00faltimo s\u00e1bado, dia 16\/04\/2022.<\/p>\n<p style=\"text-align: justify;\">Pois bem, ap\u00f3s\u00a0 conclus\u00e3o de mais um treino de corrida, esse finalizado at\u00e9 a localidade de\u00a0 Bonan\u00e7a, como sempre fa\u00e7o, procurei uma condu\u00e7\u00e3o para voltar para casa. Sem nenhuma escolha pr\u00e9via adentrei na primeira que passou. \u00a0Do alto-falante ecoava o bom e tradicional\u00edssimo Frevo Pernambucano. Deliciei-me \u00a0com a sequ\u00eancia. E tome Frevo&#8230;&#8230;<\/p>\n<p><iframe loading=\"lazy\" title=\"Blog do Pilako: Tempo Voa V\u00eddeo: Adroaldo Barros, Ant\u00f4nio Freitas, Claudio Rocha e Seu Br\u00e1s.\" width=\"584\" height=\"329\" src=\"https:\/\/www.youtube.com\/embed\/cf2n3H9vd6A?feature=oembed\" frameborder=\"0\" allow=\"accelerometer; autoplay; clipboard-write; encrypted-media; gyroscope; picture-in-picture\" allowfullscreen><\/iframe><\/p>\n<p style=\"text-align: justify;\">Quando j\u00e1 estou quase chegando\u00a0 &#8211; passando pelo bairro de Reden\u00e7\u00e3o \u2013 o frevo cessa e entra as informa\u00e7\u00f5es da emissora: <strong>R\u00e1dio Atual FM<\/strong> e o patrocinador do programa de frevo \u00e9 a<strong> Loja Bem Me Quer,<\/strong> cujo propriet\u00e1rio \u00e9 o nosso Ant\u00f4nio Fernando de Freitas. <strong>Para concluir : Tonho \u00e9 Santo Ant\u00e3o, Forr\u00f3 do Coelho e Carnaval o Ano Inteiro&#8230;.Como ele diz : \u201cN\u00c3O ME AFASTO UM CENT\u00cdMETRO&#8230;.\u201d<\/strong><\/p>\n<p><img loading=\"lazy\" class=\"aligncenter wp-image-136582 size-large\" src=\"http:\/\/www.blogdopilako.com.br\/wp\/wp-content\/uploads\/2022\/04\/Pix-arte-final-2-36-1024x401.png\" alt=\"\" width=\"584\" height=\"229\" srcset=\"http:\/\/www.blogdopilako.com.br\/wp\/wp-content\/uploads\/2022\/04\/Pix-arte-final-2-36-1024x401.png 1024w, http:\/\/www.blogdopilako.com.br\/wp\/wp-content\/uploads\/2022\/04\/Pix-arte-final-2-36-300x117.png 300w, http:\/\/www.blogdopilako.com.br\/wp\/wp-content\/uploads\/2022\/04\/Pix-arte-final-2-36-768x301.png 768w, http:\/\/www.blogdopilako.com.br\/wp\/wp-content\/uploads\/2022\/04\/Pix-arte-final-2-36-1536x601.png 1536w, http:\/\/www.blogdopilako.com.br\/wp\/wp-content\/uploads\/2022\/04\/Pix-arte-final-2-36-2048x802.png 2048w, http:\/\/www.blogdopilako.com.br\/wp\/wp-content\/uploads\/2022\/04\/Pix-arte-final-2-36-500x196.png 500w\" sizes=\"(max-width: 584px) 100vw, 584px\" \/><\/p>\n\n\t\t\t\t<div class=\"mr_social_sharing_wrapper\">\n\t\t\t\t<!-- Social Sharing Toolkit v2.2 --><span class=\"mr_social_sharing_top\"><span style=\"display: inline-block; width: 55px; height: 62px; overflow: hidden;\"><div class=\"fb-like\" data-href=\"http:\/\/www.blogdopilako.com.br\/wp\/2022\/04\/20\/antonio-freitas-eu-sou-cachorro-de-rua\/\" data-send=\"false\" data-layout=\"box_count\" data-width=\"55\" data-show-faces=\"false\"><\/div><\/span><\/span><span class=\"mr_social_sharing_top\"><fb:share-button type=\"box_count\" href=\"http:\/\/www.blogdopilako.com.br\/wp\/2022\/04\/20\/antonio-freitas-eu-sou-cachorro-de-rua\/\"><\/fb:share-button><\/span><span class=\"mr_social_sharing\"><a rel=\"nofollow\" class=\"linksalpha_button linksalpha_link\" href=\"\/\/www.linksalpha.com\/social\/mobile\" data-url=\"http:\/\/www.blogdopilako.com.br\/wp\/2022\/04\/20\/antonio-freitas-eu-sou-cachorro-de-rua\/\" data-text=\"Antonio Freitas: \u201ceu sou cachorro de rua\u201d\u2026.\" data-desc=\"\u201cMaria vai com as outras\u201d \u00e9 um jarg\u00e3o popular que, nas entrelinhas, faz\u00a0 refer\u00eancia \u00a0as pessoas que se deixam \u00a0levar \u00a0por \u00a0ideias alheias,\u00a0 ou seja: abre m\u00e3o facilmente dos seus princ\u00edpios e das suas convic\u00e7\u00f5es e experi\u00eancias. Ser radical numa sociedade fluida e mutante,\u00a0 em que\" data-image=\"http:\/\/www.blogdopilako.com.br\/wp\/wp-content\/uploads\/2022\/04\/images-4.jpg\" data-button=\"none\">\n\t\t\t\t\t<img src=\"\/\/www.linksalpha.com\/images\/social_share_button.png\" alt=\"Share\" class=\"linksalpha_image\" \/>\n\t\t\t\t\t<\/a><script type=\"text\/javascript\" src=\"\/\/www.linksalpha.com\/scripts\/loader_iconbox.js?v=2.4\"><\/script><\/span><\/div>","protected":false},"excerpt":{"rendered":"\n\t\t\t\t<div class=\"mr_social_sharing_wrapper\">\n\t\t\t\t<!-- Social Sharing Toolkit v2.2 --><span class=\"mr_social_sharing_top\"><span style=\"display: inline-block; width: 55px; height: 62px; overflow: hidden;\"><div class=\"fb-like\" data-href=\"http:\/\/www.blogdopilako.com.br\/wp\/2022\/04\/20\/antonio-freitas-eu-sou-cachorro-de-rua\/\" data-send=\"false\" data-layout=\"box_count\" data-width=\"55\" data-show-faces=\"false\"><\/div><\/span><\/span><span class=\"mr_social_sharing_top\"><fb:share-button type=\"box_count\" href=\"http:\/\/www.blogdopilako.com.br\/wp\/2022\/04\/20\/antonio-freitas-eu-sou-cachorro-de-rua\/\"><\/fb:share-button><\/span><span class=\"mr_social_sharing\"><a rel=\"nofollow\" class=\"linksalpha_button linksalpha_link\" href=\"\/\/www.linksalpha.com\/social\/mobile\" data-url=\"http:\/\/www.blogdopilako.com.br\/wp\/2022\/04\/20\/antonio-freitas-eu-sou-cachorro-de-rua\/\" data-text=\"Antonio Freitas: \u201ceu sou cachorro de rua\u201d\u2026.\" data-desc=\"\u201cMaria vai com as outras\u201d \u00e9 um jarg\u00e3o popular que, nas entrelinhas, faz\u00a0 refer\u00eancia \u00a0as pessoas que se deixam \u00a0levar \u00a0por \u00a0ideias alheias,\u00a0 ou seja: abre m\u00e3o facilmente dos seus princ\u00edpios e das suas convic\u00e7\u00f5es e experi\u00eancias. Ser radical numa sociedade fluida e mutante,\u00a0 em que\" data-image=\"\" data-button=\"none\">\n\t\t\t\t\t<img src=\"\/\/www.linksalpha.com\/images\/social_share_button.png\" alt=\"Share\" class=\"linksalpha_image\" \/>\n\t\t\t\t\t<\/a><script type=\"text\/javascript\" src=\"\/\/www.linksalpha.com\/scripts\/loader_iconbox.js?v=2.4\"><\/script><\/span><\/div><p>\u201cMaria vai com as outras\u201d \u00e9 um jarg\u00e3o popular que, nas entrelinhas, faz\u00a0 refer\u00eancia \u00a0as pessoas que se deixam \u00a0levar \u00a0por \u00a0ideias alheias,\u00a0 ou seja: abre m\u00e3o facilmente dos seus princ\u00edpios e das suas convic\u00e7\u00f5es e experi\u00eancias. Ser radical numa &hellip; <a href=\"http:\/\/www.blogdopilako.com.br\/wp\/2022\/04\/20\/antonio-freitas-eu-sou-cachorro-de-rua\/\">Continue lendo <span class=\"meta-nav\">&rarr;<\/span><\/a><\/p>\n\n\t\t\t\t<div class=\"mr_social_sharing_wrapper\">\n\t\t\t\t<!-- Social Sharing Toolkit v2.2 --><span class=\"mr_social_sharing_top\"><span style=\"display: inline-block; width: 55px; height: 62px; overflow: hidden;\"><div class=\"fb-like\" data-href=\"http:\/\/www.blogdopilako.com.br\/wp\/2022\/04\/20\/antonio-freitas-eu-sou-cachorro-de-rua\/\" data-send=\"false\" data-layout=\"box_count\" data-width=\"55\" data-show-faces=\"false\"><\/div><\/span><\/span><span class=\"mr_social_sharing_top\"><fb:share-button type=\"box_count\" href=\"http:\/\/www.blogdopilako.com.br\/wp\/2022\/04\/20\/antonio-freitas-eu-sou-cachorro-de-rua\/\"><\/fb:share-button><\/span><span class=\"mr_social_sharing\"><a rel=\"nofollow\" class=\"linksalpha_button linksalpha_link\" href=\"\/\/www.linksalpha.com\/social\/mobile\" data-url=\"http:\/\/www.blogdopilako.com.br\/wp\/2022\/04\/20\/antonio-freitas-eu-sou-cachorro-de-rua\/\" data-text=\"Antonio Freitas: \u201ceu sou cachorro de rua\u201d\u2026.\" data-desc=\"\u201cMaria vai com as outras\u201d \u00e9 um jarg\u00e3o popular que, nas entrelinhas, faz\u00a0 refer\u00eancia \u00a0as pessoas que se deixam \u00a0levar \u00a0por \u00a0ideias alheias,\u00a0 ou seja: abre m\u00e3o facilmente dos seus princ\u00edpios e das suas convic\u00e7\u00f5es e experi\u00eancias. Ser radical numa sociedade fluida e mutante,\u00a0 em que\" data-image=\"\" data-button=\"none\">\n\t\t\t\t\t<img src=\"\/\/www.linksalpha.com\/images\/social_share_button.png\" alt=\"Share\" class=\"linksalpha_image\" \/>\n\t\t\t\t\t<\/a><script type=\"text\/javascript\" src=\"\/\/www.linksalpha.com\/scripts\/loader_iconbox.js?v=2.4\"><\/script><\/span><\/div>","protected":false},"author":2,"featured_media":0,"comment_status":"open","ping_status":"open","sticky":false,"template":"","format":"standard","meta":[],"categories":[21],"tags":[],"_links":{"self":[{"href":"http:\/\/www.blogdopilako.com.br\/wp\/wp-json\/wp\/v2\/posts\/136581"}],"collection":[{"href":"http:\/\/www.blogdopilako.com.br\/wp\/wp-json\/wp\/v2\/posts"}],"about":[{"href":"http:\/\/www.blogdopilako.com.br\/wp\/wp-json\/wp\/v2\/types\/post"}],"author":[{"embeddable":true,"href":"http:\/\/www.blogdopilako.com.br\/wp\/wp-json\/wp\/v2\/users\/2"}],"replies":[{"embeddable":true,"href":"http:\/\/www.blogdopilako.com.br\/wp\/wp-json\/wp\/v2\/comments?post=136581"}],"version-history":[{"count":3,"href":"http:\/\/www.blogdopilako.com.br\/wp\/wp-json\/wp\/v2\/posts\/136581\/revisions"}],"predecessor-version":[{"id":136588,"href":"http:\/\/www.blogdopilako.com.br\/wp\/wp-json\/wp\/v2\/posts\/136581\/revisions\/136588"}],"wp:attachment":[{"href":"http:\/\/www.blogdopilako.com.br\/wp\/wp-json\/wp\/v2\/media?parent=136581"}],"wp:term":[{"taxonomy":"category","embeddable":true,"href":"http:\/\/www.blogdopilako.com.br\/wp\/wp-json\/wp\/v2\/categories?post=136581"},{"taxonomy":"post_tag","embeddable":true,"href":"http:\/\/www.blogdopilako.com.br\/wp\/wp-json\/wp\/v2\/tags?post=136581"}],"curies":[{"name":"wp","href":"https:\/\/api.w.org\/{rel}","templated":true}]}}