{"id":136576,"date":"2022-04-20T09:33:35","date_gmt":"2022-04-20T12:33:35","guid":{"rendered":"http:\/\/www.blogdopilako.com.br\/wp\/?p=136576"},"modified":"2022-04-20T09:39:45","modified_gmt":"2022-04-20T12:39:45","slug":"ha-79-anos-nascia-a-universidade-catolica-de-pernambuco-por-historia_em_retalhos","status":"publish","type":"post","link":"http:\/\/www.blogdopilako.com.br\/wp\/2022\/04\/20\/ha-79-anos-nascia-a-universidade-catolica-de-pernambuco-por-historia_em_retalhos\/","title":{"rendered":"H\u00e1 79 anos, nascia a Universidade Cat\u00f3lica de Pernambuco &#8211; por historia_em_retalhos."},"content":{"rendered":"\n\t\t\t\t<div class=\"mr_social_sharing_wrapper\">\n\t\t\t\t<!-- Social Sharing Toolkit v2.2 --><span class=\"mr_social_sharing_top\"><span style=\"display: inline-block; width: 55px; height: 62px; overflow: hidden;\"><div class=\"fb-like\" data-href=\"http:\/\/www.blogdopilako.com.br\/wp\/2022\/04\/20\/ha-79-anos-nascia-a-universidade-catolica-de-pernambuco-por-historia_em_retalhos\/\" data-send=\"false\" data-layout=\"box_count\" data-width=\"55\" data-show-faces=\"false\"><\/div><\/span><\/span><span class=\"mr_social_sharing_top\"><fb:share-button type=\"box_count\" href=\"http:\/\/www.blogdopilako.com.br\/wp\/2022\/04\/20\/ha-79-anos-nascia-a-universidade-catolica-de-pernambuco-por-historia_em_retalhos\/\"><\/fb:share-button><\/span><span class=\"mr_social_sharing\"><a rel=\"nofollow\" class=\"linksalpha_button linksalpha_link\" href=\"\/\/www.linksalpha.com\/social\/mobile\" data-url=\"http:\/\/www.blogdopilako.com.br\/wp\/2022\/04\/20\/ha-79-anos-nascia-a-universidade-catolica-de-pernambuco-por-historia_em_retalhos\/\" data-text=\"H\u00e1 79 anos, nascia a Universidade Cat\u00f3lica de Pernambuco \u2013 por historia_em_retalhos.\" data-desc=\"Em 18 de abril de 1943, h\u00e1 79 anos, nascia a Universidade Cat\u00f3lica de Pernambuco, por iniciativa dos padres jesu\u00edtas, sendo considerada a primeira institui\u00e7\u00e3o de ensino superior totalmente cat\u00f3lica das regi\u00f5es Norte e Nordeste do Brasil. Por suas cadeiras, in\u00fameras gera\u00e7\u00f5es de estudantes\" data-image=\"http:\/\/www.blogdopilako.com.br\/wp\/wp-content\/uploads\/2022\/04\/download-13.jpg\" data-button=\"none\">\n\t\t\t\t\t<img src=\"\/\/www.linksalpha.com\/images\/social_share_button.png\" alt=\"Share\" class=\"linksalpha_image\" \/>\n\t\t\t\t\t<\/a><script type=\"text\/javascript\" src=\"\/\/www.linksalpha.com\/scripts\/loader_iconbox.js?v=2.4\"><\/script><\/span><\/div><p><img loading=\"lazy\" class=\"aligncenter wp-image-136577 size-full\" src=\"http:\/\/www.blogdopilako.com.br\/wp\/wp-content\/uploads\/2022\/04\/download-13.jpg\" alt=\"\" width=\"1080\" height=\"1080\" srcset=\"http:\/\/www.blogdopilako.com.br\/wp\/wp-content\/uploads\/2022\/04\/download-13.jpg 1080w, http:\/\/www.blogdopilako.com.br\/wp\/wp-content\/uploads\/2022\/04\/download-13-300x300.jpg 300w, http:\/\/www.blogdopilako.com.br\/wp\/wp-content\/uploads\/2022\/04\/download-13-1024x1024.jpg 1024w, http:\/\/www.blogdopilako.com.br\/wp\/wp-content\/uploads\/2022\/04\/download-13-150x150.jpg 150w, http:\/\/www.blogdopilako.com.br\/wp\/wp-content\/uploads\/2022\/04\/download-13-768x768.jpg 768w\" sizes=\"(max-width: 1080px) 100vw, 1080px\" \/><\/p>\n<p style=\"text-align: justify;\">Em 18 de abril de 1943, h\u00e1 79 anos, nascia a Universidade Cat\u00f3lica de Pernambuco, por iniciativa dos padres jesu\u00edtas, sendo considerada a primeira institui\u00e7\u00e3o de ensino superior totalmente cat\u00f3lica das regi\u00f5es Norte e Nordeste do Brasil.<\/p>\n<p style=\"text-align: justify;\">Por suas cadeiras, in\u00fameras gera\u00e7\u00f5es de estudantes j\u00e1 passaram, recebendo uma forma\u00e7\u00e3o superior pautada em um forte sentimento de humanismo.<\/p>\n<p style=\"text-align: justify;\">Parab\u00e9ns \u00e0 UNICAP e a todos os seus estudantes, professores e funcion\u00e1rios!<\/p>\n<p style=\"text-align: justify;\">Na foto , o &#8220;Monumento \u00e0 Juventude&#8221;, de Abelardo da Hora (1980).<\/p>\n<p style=\"text-align: justify;\">.<strong>Siga: @historia_em_retalhos<\/strong><\/p>\n<p><a href=\"https:\/\/www.instagram.com\/p\/CcfvZVaOUM9\/?igshid=MDJmNzVkMjY=\">https:\/\/www.instagram.com\/p\/CcfvZVaOUM9\/?igshid=MDJmNzVkMjY=<\/a><\/p>\n<p><img loading=\"lazy\" class=\"aligncenter wp-image-136578 size-large\" src=\"http:\/\/www.blogdopilako.com.br\/wp\/wp-content\/uploads\/2022\/04\/Pix-arte-final-2-35-1024x401.png\" alt=\"\" width=\"584\" height=\"229\" srcset=\"http:\/\/www.blogdopilako.com.br\/wp\/wp-content\/uploads\/2022\/04\/Pix-arte-final-2-35-1024x401.png 1024w, http:\/\/www.blogdopilako.com.br\/wp\/wp-content\/uploads\/2022\/04\/Pix-arte-final-2-35-300x117.png 300w, http:\/\/www.blogdopilako.com.br\/wp\/wp-content\/uploads\/2022\/04\/Pix-arte-final-2-35-768x301.png 768w, http:\/\/www.blogdopilako.com.br\/wp\/wp-content\/uploads\/2022\/04\/Pix-arte-final-2-35-1536x601.png 1536w, http:\/\/www.blogdopilako.com.br\/wp\/wp-content\/uploads\/2022\/04\/Pix-arte-final-2-35-2048x802.png 2048w, http:\/\/www.blogdopilako.com.br\/wp\/wp-content\/uploads\/2022\/04\/Pix-arte-final-2-35-500x196.png 500w\" sizes=\"(max-width: 584px) 100vw, 584px\" \/><\/p>\n<p>&nbsp;<\/p>\n\n\t\t\t\t<div class=\"mr_social_sharing_wrapper\">\n\t\t\t\t<!-- Social Sharing Toolkit v2.2 --><span class=\"mr_social_sharing_top\"><span style=\"display: inline-block; width: 55px; height: 62px; overflow: hidden;\"><div class=\"fb-like\" data-href=\"http:\/\/www.blogdopilako.com.br\/wp\/2022\/04\/20\/ha-79-anos-nascia-a-universidade-catolica-de-pernambuco-por-historia_em_retalhos\/\" data-send=\"false\" data-layout=\"box_count\" data-width=\"55\" data-show-faces=\"false\"><\/div><\/span><\/span><span class=\"mr_social_sharing_top\"><fb:share-button type=\"box_count\" href=\"http:\/\/www.blogdopilako.com.br\/wp\/2022\/04\/20\/ha-79-anos-nascia-a-universidade-catolica-de-pernambuco-por-historia_em_retalhos\/\"><\/fb:share-button><\/span><span class=\"mr_social_sharing\"><a rel=\"nofollow\" class=\"linksalpha_button linksalpha_link\" href=\"\/\/www.linksalpha.com\/social\/mobile\" data-url=\"http:\/\/www.blogdopilako.com.br\/wp\/2022\/04\/20\/ha-79-anos-nascia-a-universidade-catolica-de-pernambuco-por-historia_em_retalhos\/\" data-text=\"H\u00e1 79 anos, nascia a Universidade Cat\u00f3lica de Pernambuco \u2013 por historia_em_retalhos.\" data-desc=\"Em 18 de abril de 1943, h\u00e1 79 anos, nascia a Universidade Cat\u00f3lica de Pernambuco, por iniciativa dos padres jesu\u00edtas, sendo considerada a primeira institui\u00e7\u00e3o de ensino superior totalmente cat\u00f3lica das regi\u00f5es Norte e Nordeste do Brasil. Por suas cadeiras, in\u00fameras gera\u00e7\u00f5es de estudantes\" data-image=\"http:\/\/www.blogdopilako.com.br\/wp\/wp-content\/uploads\/2022\/04\/download-13.jpg\" data-button=\"none\">\n\t\t\t\t\t<img src=\"\/\/www.linksalpha.com\/images\/social_share_button.png\" alt=\"Share\" class=\"linksalpha_image\" \/>\n\t\t\t\t\t<\/a><script type=\"text\/javascript\" src=\"\/\/www.linksalpha.com\/scripts\/loader_iconbox.js?v=2.4\"><\/script><\/span><\/div>","protected":false},"excerpt":{"rendered":"\n\t\t\t\t<div class=\"mr_social_sharing_wrapper\">\n\t\t\t\t<!-- Social Sharing Toolkit v2.2 --><span class=\"mr_social_sharing_top\"><span style=\"display: inline-block; width: 55px; height: 62px; overflow: hidden;\"><div class=\"fb-like\" data-href=\"http:\/\/www.blogdopilako.com.br\/wp\/2022\/04\/20\/ha-79-anos-nascia-a-universidade-catolica-de-pernambuco-por-historia_em_retalhos\/\" data-send=\"false\" data-layout=\"box_count\" data-width=\"55\" data-show-faces=\"false\"><\/div><\/span><\/span><span class=\"mr_social_sharing_top\"><fb:share-button type=\"box_count\" href=\"http:\/\/www.blogdopilako.com.br\/wp\/2022\/04\/20\/ha-79-anos-nascia-a-universidade-catolica-de-pernambuco-por-historia_em_retalhos\/\"><\/fb:share-button><\/span><span class=\"mr_social_sharing\"><a rel=\"nofollow\" class=\"linksalpha_button linksalpha_link\" href=\"\/\/www.linksalpha.com\/social\/mobile\" data-url=\"http:\/\/www.blogdopilako.com.br\/wp\/2022\/04\/20\/ha-79-anos-nascia-a-universidade-catolica-de-pernambuco-por-historia_em_retalhos\/\" data-text=\"H\u00e1 79 anos, nascia a Universidade Cat\u00f3lica de Pernambuco \u2013 por historia_em_retalhos.\" data-desc=\"Em 18 de abril de 1943, h\u00e1 79 anos, nascia a Universidade Cat\u00f3lica de Pernambuco, por iniciativa dos padres jesu\u00edtas, sendo considerada a primeira institui\u00e7\u00e3o de ensino superior totalmente cat\u00f3lica das regi\u00f5es Norte e Nordeste do Brasil. Por suas cadeiras, in\u00fameras gera\u00e7\u00f5es de estudantes\" data-image=\"\" data-button=\"none\">\n\t\t\t\t\t<img src=\"\/\/www.linksalpha.com\/images\/social_share_button.png\" alt=\"Share\" class=\"linksalpha_image\" \/>\n\t\t\t\t\t<\/a><script type=\"text\/javascript\" src=\"\/\/www.linksalpha.com\/scripts\/loader_iconbox.js?v=2.4\"><\/script><\/span><\/div><p>Em 18 de abril de 1943, h\u00e1 79 anos, nascia a Universidade Cat\u00f3lica de Pernambuco, por iniciativa dos padres jesu\u00edtas, sendo considerada a primeira institui\u00e7\u00e3o de ensino superior totalmente cat\u00f3lica das regi\u00f5es Norte e Nordeste do Brasil. Por suas cadeiras, &hellip; <a href=\"http:\/\/www.blogdopilako.com.br\/wp\/2022\/04\/20\/ha-79-anos-nascia-a-universidade-catolica-de-pernambuco-por-historia_em_retalhos\/\">Continue lendo <span class=\"meta-nav\">&rarr;<\/span><\/a><\/p>\n\n\t\t\t\t<div class=\"mr_social_sharing_wrapper\">\n\t\t\t\t<!-- Social Sharing Toolkit v2.2 --><span class=\"mr_social_sharing_top\"><span style=\"display: inline-block; width: 55px; height: 62px; overflow: hidden;\"><div class=\"fb-like\" data-href=\"http:\/\/www.blogdopilako.com.br\/wp\/2022\/04\/20\/ha-79-anos-nascia-a-universidade-catolica-de-pernambuco-por-historia_em_retalhos\/\" data-send=\"false\" data-layout=\"box_count\" data-width=\"55\" data-show-faces=\"false\"><\/div><\/span><\/span><span class=\"mr_social_sharing_top\"><fb:share-button type=\"box_count\" href=\"http:\/\/www.blogdopilako.com.br\/wp\/2022\/04\/20\/ha-79-anos-nascia-a-universidade-catolica-de-pernambuco-por-historia_em_retalhos\/\"><\/fb:share-button><\/span><span class=\"mr_social_sharing\"><a rel=\"nofollow\" class=\"linksalpha_button linksalpha_link\" href=\"\/\/www.linksalpha.com\/social\/mobile\" data-url=\"http:\/\/www.blogdopilako.com.br\/wp\/2022\/04\/20\/ha-79-anos-nascia-a-universidade-catolica-de-pernambuco-por-historia_em_retalhos\/\" data-text=\"H\u00e1 79 anos, nascia a Universidade Cat\u00f3lica de Pernambuco \u2013 por historia_em_retalhos.\" data-desc=\"Em 18 de abril de 1943, h\u00e1 79 anos, nascia a Universidade Cat\u00f3lica de Pernambuco, por iniciativa dos padres jesu\u00edtas, sendo considerada a primeira institui\u00e7\u00e3o de ensino superior totalmente cat\u00f3lica das regi\u00f5es Norte e Nordeste do Brasil. Por suas cadeiras, in\u00fameras gera\u00e7\u00f5es de estudantes\" data-image=\"\" data-button=\"none\">\n\t\t\t\t\t<img src=\"\/\/www.linksalpha.com\/images\/social_share_button.png\" alt=\"Share\" class=\"linksalpha_image\" \/>\n\t\t\t\t\t<\/a><script type=\"text\/javascript\" src=\"\/\/www.linksalpha.com\/scripts\/loader_iconbox.js?v=2.4\"><\/script><\/span><\/div>","protected":false},"author":2,"featured_media":0,"comment_status":"open","ping_status":"open","sticky":false,"template":"","format":"standard","meta":[],"categories":[21],"tags":[],"_links":{"self":[{"href":"http:\/\/www.blogdopilako.com.br\/wp\/wp-json\/wp\/v2\/posts\/136576"}],"collection":[{"href":"http:\/\/www.blogdopilako.com.br\/wp\/wp-json\/wp\/v2\/posts"}],"about":[{"href":"http:\/\/www.blogdopilako.com.br\/wp\/wp-json\/wp\/v2\/types\/post"}],"author":[{"embeddable":true,"href":"http:\/\/www.blogdopilako.com.br\/wp\/wp-json\/wp\/v2\/users\/2"}],"replies":[{"embeddable":true,"href":"http:\/\/www.blogdopilako.com.br\/wp\/wp-json\/wp\/v2\/comments?post=136576"}],"version-history":[{"count":2,"href":"http:\/\/www.blogdopilako.com.br\/wp\/wp-json\/wp\/v2\/posts\/136576\/revisions"}],"predecessor-version":[{"id":136580,"href":"http:\/\/www.blogdopilako.com.br\/wp\/wp-json\/wp\/v2\/posts\/136576\/revisions\/136580"}],"wp:attachment":[{"href":"http:\/\/www.blogdopilako.com.br\/wp\/wp-json\/wp\/v2\/media?parent=136576"}],"wp:term":[{"taxonomy":"category","embeddable":true,"href":"http:\/\/www.blogdopilako.com.br\/wp\/wp-json\/wp\/v2\/categories?post=136576"},{"taxonomy":"post_tag","embeddable":true,"href":"http:\/\/www.blogdopilako.com.br\/wp\/wp-json\/wp\/v2\/tags?post=136576"}],"curies":[{"name":"wp","href":"https:\/\/api.w.org\/{rel}","templated":true}]}}