{"id":136197,"date":"2022-03-11T09:30:55","date_gmt":"2022-03-11T12:30:55","guid":{"rendered":"http:\/\/www.blogdopilako.com.br\/wp\/?p=136197"},"modified":"2022-03-11T09:30:55","modified_gmt":"2022-03-11T12:30:55","slug":"o-vitoriense-e-maratonista-nelson-silva-sera-o-homenageado-da-corrida-da-vitoria","status":"publish","type":"post","link":"http:\/\/www.blogdopilako.com.br\/wp\/2022\/03\/11\/o-vitoriense-e-maratonista-nelson-silva-sera-o-homenageado-da-corrida-da-vitoria\/","title":{"rendered":"O vitoriense e maratonista Nelson Silva ser\u00e1 o homenageado da Corrida da Vit\u00f3ria."},"content":{"rendered":"\n\t\t\t\t<div class=\"mr_social_sharing_wrapper\">\n\t\t\t\t<!-- Social Sharing Toolkit v2.2 --><span class=\"mr_social_sharing_top\"><span style=\"display: inline-block; width: 55px; height: 62px; overflow: hidden;\"><div class=\"fb-like\" data-href=\"http:\/\/www.blogdopilako.com.br\/wp\/2022\/03\/11\/o-vitoriense-e-maratonista-nelson-silva-sera-o-homenageado-da-corrida-da-vitoria\/\" data-send=\"false\" data-layout=\"box_count\" data-width=\"55\" data-show-faces=\"false\"><\/div><\/span><\/span><span class=\"mr_social_sharing_top\"><fb:share-button type=\"box_count\" href=\"http:\/\/www.blogdopilako.com.br\/wp\/2022\/03\/11\/o-vitoriense-e-maratonista-nelson-silva-sera-o-homenageado-da-corrida-da-vitoria\/\"><\/fb:share-button><\/span><span class=\"mr_social_sharing\"><a rel=\"nofollow\" class=\"linksalpha_button linksalpha_link\" href=\"\/\/www.linksalpha.com\/social\/mobile\" data-url=\"http:\/\/www.blogdopilako.com.br\/wp\/2022\/03\/11\/o-vitoriense-e-maratonista-nelson-silva-sera-o-homenageado-da-corrida-da-vitoria\/\" data-text=\"O vitoriense e maratonista Nelson Silva ser\u00e1 o homenageado da Corrida da Vit\u00f3ria.\" data-desc=\"Dentro dos preparativos da \u201cPrimeira Corrida e Caminhada da Vit\u00f3ria\u201d, evento esportivo com foco na vida saud\u00e1vel, que ir\u00e1 acontecer na manh\u00e3 do domingo, dia 03 de abril e ter\u00e1 como ponto de concentra\u00e7\u00e3o, partida e chegada as Pra\u00e7as da Restaura\u00e7\u00e3o e 3 de Agosto, localizadas no bairro\" data-image=\"http:\/\/www.blogdopilako.com.br\/wp\/wp-content\/uploads\/2022\/03\/e9fc4475-79ce-4c8a-a5df-21457c4a5938-1-225x300.jpg\" data-button=\"none\">\n\t\t\t\t\t<img src=\"\/\/www.linksalpha.com\/images\/social_share_button.png\" alt=\"Share\" class=\"linksalpha_image\" \/>\n\t\t\t\t\t<\/a><script type=\"text\/javascript\" src=\"\/\/www.linksalpha.com\/scripts\/loader_iconbox.js?v=2.4\"><\/script><\/span><\/div><p><img loading=\"lazy\" class=\"wp-image-136199 size-medium alignright\" src=\"http:\/\/www.blogdopilako.com.br\/wp\/wp-content\/uploads\/2022\/03\/e9fc4475-79ce-4c8a-a5df-21457c4a5938-1-225x300.jpg\" alt=\"\" width=\"225\" height=\"300\" srcset=\"http:\/\/www.blogdopilako.com.br\/wp\/wp-content\/uploads\/2022\/03\/e9fc4475-79ce-4c8a-a5df-21457c4a5938-1-225x300.jpg 225w, http:\/\/www.blogdopilako.com.br\/wp\/wp-content\/uploads\/2022\/03\/e9fc4475-79ce-4c8a-a5df-21457c4a5938-1.jpg 769w\" sizes=\"(max-width: 225px) 100vw, 225px\" \/><\/p>\n<p style=\"text-align: justify;\">Dentro dos preparativos da <strong>\u201cPrimeira Corrida e Caminhada da Vit\u00f3ria\u201d,<\/strong> evento esportivo com foco na vida saud\u00e1vel, que ir\u00e1 acontecer na manh\u00e3 do domingo, dia 03 de abril e ter\u00e1 como ponto de concentra\u00e7\u00e3o, partida e chegada as <strong>Pra\u00e7as da Restaura\u00e7\u00e3o e 3 de Agosto,<\/strong> localizadas no bairro do Livramento, recentemente, acompanhado do antonense <strong>Nelson Silva<\/strong>, fiz um treino para apresentar-lhe o percurso oficial dos 7km.<\/p>\n<p style=\"text-align: justify;\"><strong>\u201cSeu\u201d Nelson,<\/strong> como \u00e9 mais conhecido entre os atletas vitorienses, ser\u00e1 o homenageado do evento aludido. Ele, hoje,\u00a0 aos 69 anos, tornou-se uma das refer\u00eancias pernambucanas na modalidade \u201ccorrida de rua\u201d. Ultramaratonista, \u201cNelsinho\u201d, como tamb\u00e9m \u00e9 carinhosamente tratado pelos companheiros, j\u00e1 participou de maratonas em v\u00e1rias capitais do Brasil e at\u00e9 em outros pa\u00edses \u2013 Canad\u00e1, Portugal, Chile e etc. Sua cole\u00e7\u00e3o de medalhas e trof\u00e9us \u00e9 robusta e plural.<\/p>\n<p style=\"text-align: justify;\">Pois bem, na ocasi\u00e3o, enquanto nos prepar\u00e1vamos para o treino, encontramos o <strong>vereador Novo da Banca<\/strong>, parlamentar identificado com os esportes na nossa cidade. Novo, ao ser apresentado e, em ato cont\u00ednuo, \u00a0conhecer um pouco da hist\u00f3ria do Nelson, foi logo perguntando: <strong><em>\u201cmas o senhor tem quantos anos?\u201d<\/em><\/strong>. Ao tomar conhecimento dos quase 70 anos, fez cara de espanto!!<\/p>\n<p><img loading=\"lazy\" class=\"aligncenter wp-image-136200 size-full\" src=\"http:\/\/www.blogdopilako.com.br\/wp\/wp-content\/uploads\/2022\/03\/8b3e0c03-d767-4858-9dd0-912ef925eb6b.jpg\" alt=\"\" width=\"1024\" height=\"768\" srcset=\"http:\/\/www.blogdopilako.com.br\/wp\/wp-content\/uploads\/2022\/03\/8b3e0c03-d767-4858-9dd0-912ef925eb6b.jpg 1024w, http:\/\/www.blogdopilako.com.br\/wp\/wp-content\/uploads\/2022\/03\/8b3e0c03-d767-4858-9dd0-912ef925eb6b-300x225.jpg 300w, http:\/\/www.blogdopilako.com.br\/wp\/wp-content\/uploads\/2022\/03\/8b3e0c03-d767-4858-9dd0-912ef925eb6b-768x576.jpg 768w, http:\/\/www.blogdopilako.com.br\/wp\/wp-content\/uploads\/2022\/03\/8b3e0c03-d767-4858-9dd0-912ef925eb6b-400x300.jpg 400w\" sizes=\"(max-width: 1024px) 100vw, 1024px\" \/><\/p>\n<p style=\"text-align: justify;\">Pois bem, mais adiante, estaremos promovendo uma live com esse antonense, Nelson Silva, quando o mesmo ir\u00e1 nos contar um pouco da inf\u00e2ncia na sua terra natal, sua trajet\u00f3ria como cidad\u00e3o e atleta de refer\u00eancia para o Brasil.<\/p>\n<p><img loading=\"lazy\" class=\"aligncenter wp-image-136202 size-full\" src=\"http:\/\/www.blogdopilako.com.br\/wp\/wp-content\/uploads\/2022\/03\/27646768-228f-4edf-9114-c91322186795.jpg\" alt=\"\" width=\"1280\" height=\"1280\" srcset=\"http:\/\/www.blogdopilako.com.br\/wp\/wp-content\/uploads\/2022\/03\/27646768-228f-4edf-9114-c91322186795.jpg 1280w, http:\/\/www.blogdopilako.com.br\/wp\/wp-content\/uploads\/2022\/03\/27646768-228f-4edf-9114-c91322186795-300x300.jpg 300w, http:\/\/www.blogdopilako.com.br\/wp\/wp-content\/uploads\/2022\/03\/27646768-228f-4edf-9114-c91322186795-1024x1024.jpg 1024w, http:\/\/www.blogdopilako.com.br\/wp\/wp-content\/uploads\/2022\/03\/27646768-228f-4edf-9114-c91322186795-150x150.jpg 150w, http:\/\/www.blogdopilako.com.br\/wp\/wp-content\/uploads\/2022\/03\/27646768-228f-4edf-9114-c91322186795-768x768.jpg 768w\" sizes=\"(max-width: 1280px) 100vw, 1280px\" \/><\/p>\n<p><img loading=\"lazy\" class=\"aligncenter wp-image-136201 size-large\" src=\"http:\/\/www.blogdopilako.com.br\/wp\/wp-content\/uploads\/2022\/03\/Pix-arte-final-2-11-1024x401.png\" alt=\"\" width=\"584\" height=\"229\" srcset=\"http:\/\/www.blogdopilako.com.br\/wp\/wp-content\/uploads\/2022\/03\/Pix-arte-final-2-11-1024x401.png 1024w, http:\/\/www.blogdopilako.com.br\/wp\/wp-content\/uploads\/2022\/03\/Pix-arte-final-2-11-300x117.png 300w, http:\/\/www.blogdopilako.com.br\/wp\/wp-content\/uploads\/2022\/03\/Pix-arte-final-2-11-768x301.png 768w, http:\/\/www.blogdopilako.com.br\/wp\/wp-content\/uploads\/2022\/03\/Pix-arte-final-2-11-1536x601.png 1536w, http:\/\/www.blogdopilako.com.br\/wp\/wp-content\/uploads\/2022\/03\/Pix-arte-final-2-11-2048x802.png 2048w, http:\/\/www.blogdopilako.com.br\/wp\/wp-content\/uploads\/2022\/03\/Pix-arte-final-2-11-500x196.png 500w\" sizes=\"(max-width: 584px) 100vw, 584px\" \/><\/p>\n\n\t\t\t\t<div class=\"mr_social_sharing_wrapper\">\n\t\t\t\t<!-- Social Sharing Toolkit v2.2 --><span class=\"mr_social_sharing_top\"><span style=\"display: inline-block; width: 55px; height: 62px; overflow: hidden;\"><div class=\"fb-like\" data-href=\"http:\/\/www.blogdopilako.com.br\/wp\/2022\/03\/11\/o-vitoriense-e-maratonista-nelson-silva-sera-o-homenageado-da-corrida-da-vitoria\/\" data-send=\"false\" data-layout=\"box_count\" data-width=\"55\" data-show-faces=\"false\"><\/div><\/span><\/span><span class=\"mr_social_sharing_top\"><fb:share-button type=\"box_count\" href=\"http:\/\/www.blogdopilako.com.br\/wp\/2022\/03\/11\/o-vitoriense-e-maratonista-nelson-silva-sera-o-homenageado-da-corrida-da-vitoria\/\"><\/fb:share-button><\/span><span class=\"mr_social_sharing\"><a rel=\"nofollow\" class=\"linksalpha_button linksalpha_link\" href=\"\/\/www.linksalpha.com\/social\/mobile\" data-url=\"http:\/\/www.blogdopilako.com.br\/wp\/2022\/03\/11\/o-vitoriense-e-maratonista-nelson-silva-sera-o-homenageado-da-corrida-da-vitoria\/\" data-text=\"O vitoriense e maratonista Nelson Silva ser\u00e1 o homenageado da Corrida da Vit\u00f3ria.\" data-desc=\"Dentro dos preparativos da \u201cPrimeira Corrida e Caminhada da Vit\u00f3ria\u201d, evento esportivo com foco na vida saud\u00e1vel, que ir\u00e1 acontecer na manh\u00e3 do domingo, dia 03 de abril e ter\u00e1 como ponto de concentra\u00e7\u00e3o, partida e chegada as Pra\u00e7as da Restaura\u00e7\u00e3o e 3 de Agosto, localizadas no bairro\" data-image=\"http:\/\/www.blogdopilako.com.br\/wp\/wp-content\/uploads\/2022\/03\/e9fc4475-79ce-4c8a-a5df-21457c4a5938-1-225x300.jpg\" data-button=\"none\">\n\t\t\t\t\t<img src=\"\/\/www.linksalpha.com\/images\/social_share_button.png\" alt=\"Share\" class=\"linksalpha_image\" \/>\n\t\t\t\t\t<\/a><script type=\"text\/javascript\" src=\"\/\/www.linksalpha.com\/scripts\/loader_iconbox.js?v=2.4\"><\/script><\/span><\/div>","protected":false},"excerpt":{"rendered":"\n\t\t\t\t<div class=\"mr_social_sharing_wrapper\">\n\t\t\t\t<!-- Social Sharing Toolkit v2.2 --><span class=\"mr_social_sharing_top\"><span style=\"display: inline-block; width: 55px; height: 62px; overflow: hidden;\"><div class=\"fb-like\" data-href=\"http:\/\/www.blogdopilako.com.br\/wp\/2022\/03\/11\/o-vitoriense-e-maratonista-nelson-silva-sera-o-homenageado-da-corrida-da-vitoria\/\" data-send=\"false\" data-layout=\"box_count\" data-width=\"55\" data-show-faces=\"false\"><\/div><\/span><\/span><span class=\"mr_social_sharing_top\"><fb:share-button type=\"box_count\" href=\"http:\/\/www.blogdopilako.com.br\/wp\/2022\/03\/11\/o-vitoriense-e-maratonista-nelson-silva-sera-o-homenageado-da-corrida-da-vitoria\/\"><\/fb:share-button><\/span><span class=\"mr_social_sharing\"><a rel=\"nofollow\" class=\"linksalpha_button linksalpha_link\" href=\"\/\/www.linksalpha.com\/social\/mobile\" data-url=\"http:\/\/www.blogdopilako.com.br\/wp\/2022\/03\/11\/o-vitoriense-e-maratonista-nelson-silva-sera-o-homenageado-da-corrida-da-vitoria\/\" data-text=\"O vitoriense e maratonista Nelson Silva ser\u00e1 o homenageado da Corrida da Vit\u00f3ria.\" data-desc=\"Dentro dos preparativos da \u201cPrimeira Corrida e Caminhada da Vit\u00f3ria\u201d, evento esportivo com foco na vida saud\u00e1vel, que ir\u00e1 acontecer na manh\u00e3 do domingo, dia 03 de abril e ter\u00e1 como ponto de concentra\u00e7\u00e3o, partida e chegada as Pra\u00e7as da Restaura\u00e7\u00e3o e 3 de Agosto, localizadas no bairro\" data-image=\"\" data-button=\"none\">\n\t\t\t\t\t<img src=\"\/\/www.linksalpha.com\/images\/social_share_button.png\" alt=\"Share\" class=\"linksalpha_image\" \/>\n\t\t\t\t\t<\/a><script type=\"text\/javascript\" src=\"\/\/www.linksalpha.com\/scripts\/loader_iconbox.js?v=2.4\"><\/script><\/span><\/div><p>Dentro dos preparativos da \u201cPrimeira Corrida e Caminhada da Vit\u00f3ria\u201d, evento esportivo com foco na vida saud\u00e1vel, que ir\u00e1 acontecer na manh\u00e3 do domingo, dia 03 de abril e ter\u00e1 como ponto de concentra\u00e7\u00e3o, partida e chegada as Pra\u00e7as da &hellip; <a href=\"http:\/\/www.blogdopilako.com.br\/wp\/2022\/03\/11\/o-vitoriense-e-maratonista-nelson-silva-sera-o-homenageado-da-corrida-da-vitoria\/\">Continue lendo <span class=\"meta-nav\">&rarr;<\/span><\/a><\/p>\n\n\t\t\t\t<div class=\"mr_social_sharing_wrapper\">\n\t\t\t\t<!-- Social Sharing Toolkit v2.2 --><span class=\"mr_social_sharing_top\"><span style=\"display: inline-block; width: 55px; height: 62px; overflow: hidden;\"><div class=\"fb-like\" data-href=\"http:\/\/www.blogdopilako.com.br\/wp\/2022\/03\/11\/o-vitoriense-e-maratonista-nelson-silva-sera-o-homenageado-da-corrida-da-vitoria\/\" data-send=\"false\" data-layout=\"box_count\" data-width=\"55\" data-show-faces=\"false\"><\/div><\/span><\/span><span class=\"mr_social_sharing_top\"><fb:share-button type=\"box_count\" href=\"http:\/\/www.blogdopilako.com.br\/wp\/2022\/03\/11\/o-vitoriense-e-maratonista-nelson-silva-sera-o-homenageado-da-corrida-da-vitoria\/\"><\/fb:share-button><\/span><span class=\"mr_social_sharing\"><a rel=\"nofollow\" class=\"linksalpha_button linksalpha_link\" href=\"\/\/www.linksalpha.com\/social\/mobile\" data-url=\"http:\/\/www.blogdopilako.com.br\/wp\/2022\/03\/11\/o-vitoriense-e-maratonista-nelson-silva-sera-o-homenageado-da-corrida-da-vitoria\/\" data-text=\"O vitoriense e maratonista Nelson Silva ser\u00e1 o homenageado da Corrida da Vit\u00f3ria.\" data-desc=\"Dentro dos preparativos da \u201cPrimeira Corrida e Caminhada da Vit\u00f3ria\u201d, evento esportivo com foco na vida saud\u00e1vel, que ir\u00e1 acontecer na manh\u00e3 do domingo, dia 03 de abril e ter\u00e1 como ponto de concentra\u00e7\u00e3o, partida e chegada as Pra\u00e7as da Restaura\u00e7\u00e3o e 3 de Agosto, localizadas no bairro\" data-image=\"\" data-button=\"none\">\n\t\t\t\t\t<img src=\"\/\/www.linksalpha.com\/images\/social_share_button.png\" alt=\"Share\" class=\"linksalpha_image\" \/>\n\t\t\t\t\t<\/a><script type=\"text\/javascript\" src=\"\/\/www.linksalpha.com\/scripts\/loader_iconbox.js?v=2.4\"><\/script><\/span><\/div>","protected":false},"author":2,"featured_media":0,"comment_status":"open","ping_status":"open","sticky":false,"template":"","format":"standard","meta":[],"categories":[21],"tags":[],"_links":{"self":[{"href":"http:\/\/www.blogdopilako.com.br\/wp\/wp-json\/wp\/v2\/posts\/136197"}],"collection":[{"href":"http:\/\/www.blogdopilako.com.br\/wp\/wp-json\/wp\/v2\/posts"}],"about":[{"href":"http:\/\/www.blogdopilako.com.br\/wp\/wp-json\/wp\/v2\/types\/post"}],"author":[{"embeddable":true,"href":"http:\/\/www.blogdopilako.com.br\/wp\/wp-json\/wp\/v2\/users\/2"}],"replies":[{"embeddable":true,"href":"http:\/\/www.blogdopilako.com.br\/wp\/wp-json\/wp\/v2\/comments?post=136197"}],"version-history":[{"count":1,"href":"http:\/\/www.blogdopilako.com.br\/wp\/wp-json\/wp\/v2\/posts\/136197\/revisions"}],"predecessor-version":[{"id":136203,"href":"http:\/\/www.blogdopilako.com.br\/wp\/wp-json\/wp\/v2\/posts\/136197\/revisions\/136203"}],"wp:attachment":[{"href":"http:\/\/www.blogdopilako.com.br\/wp\/wp-json\/wp\/v2\/media?parent=136197"}],"wp:term":[{"taxonomy":"category","embeddable":true,"href":"http:\/\/www.blogdopilako.com.br\/wp\/wp-json\/wp\/v2\/categories?post=136197"},{"taxonomy":"post_tag","embeddable":true,"href":"http:\/\/www.blogdopilako.com.br\/wp\/wp-json\/wp\/v2\/tags?post=136197"}],"curies":[{"name":"wp","href":"https:\/\/api.w.org\/{rel}","templated":true}]}}