{"id":133873,"date":"2021-08-16T10:37:58","date_gmt":"2021-08-16T13:37:58","guid":{"rendered":"http:\/\/www.blogdopilako.com.br\/wp\/?p=133873"},"modified":"2021-08-16T10:37:58","modified_gmt":"2021-08-16T13:37:58","slug":"serra-negra-x-turismo-x-monte-das-tabocas-por-pedro-ferrer","status":"publish","type":"post","link":"http:\/\/www.blogdopilako.com.br\/wp\/2021\/08\/16\/serra-negra-x-turismo-x-monte-das-tabocas-por-pedro-ferrer\/","title":{"rendered":"Serra Negra X Turismo X Monte das Tabocas &#8211; por Pedro Ferrer."},"content":{"rendered":"\n\t\t\t\t<div class=\"mr_social_sharing_wrapper\">\n\t\t\t\t<!-- Social Sharing Toolkit v2.2 --><span class=\"mr_social_sharing_top\"><span style=\"display: inline-block; width: 55px; height: 62px; overflow: hidden;\"><div class=\"fb-like\" data-href=\"http:\/\/www.blogdopilako.com.br\/wp\/2021\/08\/16\/serra-negra-x-turismo-x-monte-das-tabocas-por-pedro-ferrer\/\" data-send=\"false\" data-layout=\"box_count\" data-width=\"55\" data-show-faces=\"false\"><\/div><\/span><\/span><span class=\"mr_social_sharing_top\"><fb:share-button type=\"box_count\" href=\"http:\/\/www.blogdopilako.com.br\/wp\/2021\/08\/16\/serra-negra-x-turismo-x-monte-das-tabocas-por-pedro-ferrer\/\"><\/fb:share-button><\/span><span class=\"mr_social_sharing\"><a rel=\"nofollow\" class=\"linksalpha_button linksalpha_link\" href=\"\/\/www.linksalpha.com\/social\/mobile\" data-url=\"http:\/\/www.blogdopilako.com.br\/wp\/2021\/08\/16\/serra-negra-x-turismo-x-monte-das-tabocas-por-pedro-ferrer\/\" data-text=\"Serra Negra X Turismo X Monte das Tabocas \u2013 por Pedro Ferrer.\" data-desc=\"Ontem, dia 15 de agosto, estive em Serra Negra. Antes dei uma parada no Museu da cidade do Bezerros que funciona na antiga esta\u00e7\u00e3o ferrovi\u00e1ria. O Museu divide-se em duas alas: uma dedicada aos PAPANGUS, a outra \u00e0 mem\u00f3ria da cidade. Ala dos Papangus:\u00a0 impressionou-me o acervo, sua\" data-image=\"http:\/\/www.blogdopilako.com.br\/wp\/wp-content\/uploads\/2021\/08\/4ef3b9ae-4799-4e1e-976e-81e2effd576f-150x150.jpg\" data-button=\"none\">\n\t\t\t\t\t<img src=\"\/\/www.linksalpha.com\/images\/social_share_button.png\" alt=\"Share\" class=\"linksalpha_image\" \/>\n\t\t\t\t\t<\/a><script type=\"text\/javascript\" src=\"\/\/www.linksalpha.com\/scripts\/loader_iconbox.js?v=2.4\"><\/script><\/span><\/div><p><img loading=\"lazy\" class=\"alignleft wp-image-133874 size-thumbnail\" src=\"http:\/\/www.blogdopilako.com.br\/wp\/wp-content\/uploads\/2021\/08\/4ef3b9ae-4799-4e1e-976e-81e2effd576f-150x150.jpg\" alt=\"\" width=\"150\" height=\"150\" \/><\/p>\n<p style=\"text-align: justify;\">Ontem, dia 15 de agosto, estive em Serra Negra. Antes dei uma parada no Museu da cidade do Bezerros que funciona na antiga esta\u00e7\u00e3o ferrovi\u00e1ria. O Museu divide-se em duas alas: uma dedicada aos PAPANGUS, a outra \u00e0 mem\u00f3ria da cidade. Ala dos Papangus:\u00a0 impressionou-me o acervo, sua distribui\u00e7\u00e3o e a beleza das m\u00e1scaras. Parab\u00e9ns aos organizadores. O outro setor merece maior aten\u00e7\u00e3o do poder p\u00fablico local. Presenteamos os companheiros do Bezerros com um exemplar do nosso Cat\u00e1logo &#8211; <strong>Cat\u00e1logo do Instituto Hist\u00f3rico.<\/strong> <img loading=\"lazy\" class=\"size-medium wp-image-133876 alignright\" src=\"http:\/\/www.blogdopilako.com.br\/wp\/wp-content\/uploads\/2021\/08\/8e3ef069-8ebf-429a-8d91-1e49aeed490a-197x300.jpg\" alt=\"\" width=\"197\" height=\"300\" srcset=\"http:\/\/www.blogdopilako.com.br\/wp\/wp-content\/uploads\/2021\/08\/8e3ef069-8ebf-429a-8d91-1e49aeed490a-197x300.jpg 197w, http:\/\/www.blogdopilako.com.br\/wp\/wp-content\/uploads\/2021\/08\/8e3ef069-8ebf-429a-8d91-1e49aeed490a.jpg 509w\" sizes=\"(max-width: 197px) 100vw, 197px\" \/><\/p>\n<p style=\"text-align: justify;\">Seguimos para Serra Negra objeto maior desta cr\u00f4nica. Boa frequ\u00eancia, considerando sobretudo a \u00e9poca. Quais atra\u00e7\u00f5es oferecia o S\u00edtio ou Parque Ecol\u00f3gico? Nenhuma; apenas bares e restaurantes. Reportemo-nos ao nosso <strong>Monte das Tabocas.<\/strong> \u00a0O que vi em Serra Negra n\u00e3o serve de modelo e exemplo. Repito: bares e restaurantes. Deixou-me triste a invas\u00e3o de pr\u00e9dios comerciais e resid\u00eancias, enodando a bela paisagem.<\/p>\n<p style=\"text-align: justify;\">J\u00e1 \u00e9 tempo dos nossos gestores se mobilizarem e resgatarem nossa rel\u00edquia hist\u00f3rica. Insistiremos. N\u00e3o nos cansaremos. Bateremos na tecla indefinidamente. Comecemos pela seguran\u00e7a e recupera\u00e7\u00e3o do espa\u00e7o invadido. Outras propostas dever\u00e3o ser analisadas por t\u00e9cnicos da \u00e1rea, discutidas pela popula\u00e7\u00e3o e incorporadas paulatinamente.<\/p>\n<p><strong>Professor Pedro Ferrer &#8211; presidente do IHGVSA.\u00a0<\/strong><\/p>\n<p><img loading=\"lazy\" class=\"wp-image-133875 size-large aligncenter\" src=\"http:\/\/www.blogdopilako.com.br\/wp\/wp-content\/uploads\/2021\/08\/Pix-arte-final-2-33-1024x401.png\" alt=\"\" width=\"584\" height=\"229\" srcset=\"http:\/\/www.blogdopilako.com.br\/wp\/wp-content\/uploads\/2021\/08\/Pix-arte-final-2-33-1024x401.png 1024w, http:\/\/www.blogdopilako.com.br\/wp\/wp-content\/uploads\/2021\/08\/Pix-arte-final-2-33-300x117.png 300w, http:\/\/www.blogdopilako.com.br\/wp\/wp-content\/uploads\/2021\/08\/Pix-arte-final-2-33-768x301.png 768w, http:\/\/www.blogdopilako.com.br\/wp\/wp-content\/uploads\/2021\/08\/Pix-arte-final-2-33-1536x601.png 1536w, http:\/\/www.blogdopilako.com.br\/wp\/wp-content\/uploads\/2021\/08\/Pix-arte-final-2-33-2048x802.png 2048w, http:\/\/www.blogdopilako.com.br\/wp\/wp-content\/uploads\/2021\/08\/Pix-arte-final-2-33-500x196.png 500w\" sizes=\"(max-width: 584px) 100vw, 584px\" \/><\/p>\n<p style=\"text-align: justify;\">\n\n\t\t\t\t<div class=\"mr_social_sharing_wrapper\">\n\t\t\t\t<!-- Social Sharing Toolkit v2.2 --><span class=\"mr_social_sharing_top\"><span style=\"display: inline-block; width: 55px; height: 62px; overflow: hidden;\"><div class=\"fb-like\" data-href=\"http:\/\/www.blogdopilako.com.br\/wp\/2021\/08\/16\/serra-negra-x-turismo-x-monte-das-tabocas-por-pedro-ferrer\/\" data-send=\"false\" data-layout=\"box_count\" data-width=\"55\" data-show-faces=\"false\"><\/div><\/span><\/span><span class=\"mr_social_sharing_top\"><fb:share-button type=\"box_count\" href=\"http:\/\/www.blogdopilako.com.br\/wp\/2021\/08\/16\/serra-negra-x-turismo-x-monte-das-tabocas-por-pedro-ferrer\/\"><\/fb:share-button><\/span><span class=\"mr_social_sharing\"><a rel=\"nofollow\" class=\"linksalpha_button linksalpha_link\" href=\"\/\/www.linksalpha.com\/social\/mobile\" data-url=\"http:\/\/www.blogdopilako.com.br\/wp\/2021\/08\/16\/serra-negra-x-turismo-x-monte-das-tabocas-por-pedro-ferrer\/\" data-text=\"Serra Negra X Turismo X Monte das Tabocas \u2013 por Pedro Ferrer.\" data-desc=\"Ontem, dia 15 de agosto, estive em Serra Negra. Antes dei uma parada no Museu da cidade do Bezerros que funciona na antiga esta\u00e7\u00e3o ferrovi\u00e1ria. O Museu divide-se em duas alas: uma dedicada aos PAPANGUS, a outra \u00e0 mem\u00f3ria da cidade. Ala dos Papangus:\u00a0 impressionou-me o acervo, sua\" data-image=\"http:\/\/www.blogdopilako.com.br\/wp\/wp-content\/uploads\/2021\/08\/4ef3b9ae-4799-4e1e-976e-81e2effd576f-150x150.jpg\" data-button=\"none\">\n\t\t\t\t\t<img src=\"\/\/www.linksalpha.com\/images\/social_share_button.png\" alt=\"Share\" class=\"linksalpha_image\" \/>\n\t\t\t\t\t<\/a><script type=\"text\/javascript\" src=\"\/\/www.linksalpha.com\/scripts\/loader_iconbox.js?v=2.4\"><\/script><\/span><\/div>","protected":false},"excerpt":{"rendered":"\n\t\t\t\t<div class=\"mr_social_sharing_wrapper\">\n\t\t\t\t<!-- Social Sharing Toolkit v2.2 --><span class=\"mr_social_sharing_top\"><span style=\"display: inline-block; width: 55px; height: 62px; overflow: hidden;\"><div class=\"fb-like\" data-href=\"http:\/\/www.blogdopilako.com.br\/wp\/2021\/08\/16\/serra-negra-x-turismo-x-monte-das-tabocas-por-pedro-ferrer\/\" data-send=\"false\" data-layout=\"box_count\" data-width=\"55\" data-show-faces=\"false\"><\/div><\/span><\/span><span class=\"mr_social_sharing_top\"><fb:share-button type=\"box_count\" href=\"http:\/\/www.blogdopilako.com.br\/wp\/2021\/08\/16\/serra-negra-x-turismo-x-monte-das-tabocas-por-pedro-ferrer\/\"><\/fb:share-button><\/span><span class=\"mr_social_sharing\"><a rel=\"nofollow\" class=\"linksalpha_button linksalpha_link\" href=\"\/\/www.linksalpha.com\/social\/mobile\" data-url=\"http:\/\/www.blogdopilako.com.br\/wp\/2021\/08\/16\/serra-negra-x-turismo-x-monte-das-tabocas-por-pedro-ferrer\/\" data-text=\"Serra Negra X Turismo X Monte das Tabocas \u2013 por Pedro Ferrer.\" data-desc=\"Ontem, dia 15 de agosto, estive em Serra Negra. Antes dei uma parada no Museu da cidade do Bezerros que funciona na antiga esta\u00e7\u00e3o ferrovi\u00e1ria. O Museu divide-se em duas alas: uma dedicada aos PAPANGUS, a outra \u00e0 mem\u00f3ria da cidade. Ala dos Papangus:\u00a0 impressionou-me o acervo, sua\" data-image=\"\" data-button=\"none\">\n\t\t\t\t\t<img src=\"\/\/www.linksalpha.com\/images\/social_share_button.png\" alt=\"Share\" class=\"linksalpha_image\" \/>\n\t\t\t\t\t<\/a><script type=\"text\/javascript\" src=\"\/\/www.linksalpha.com\/scripts\/loader_iconbox.js?v=2.4\"><\/script><\/span><\/div><p>Ontem, dia 15 de agosto, estive em Serra Negra. Antes dei uma parada no Museu da cidade do Bezerros que funciona na antiga esta\u00e7\u00e3o ferrovi\u00e1ria. O Museu divide-se em duas alas: uma dedicada aos PAPANGUS, a outra \u00e0 mem\u00f3ria da &hellip; <a href=\"http:\/\/www.blogdopilako.com.br\/wp\/2021\/08\/16\/serra-negra-x-turismo-x-monte-das-tabocas-por-pedro-ferrer\/\">Continue lendo <span class=\"meta-nav\">&rarr;<\/span><\/a><\/p>\n\n\t\t\t\t<div class=\"mr_social_sharing_wrapper\">\n\t\t\t\t<!-- Social Sharing Toolkit v2.2 --><span class=\"mr_social_sharing_top\"><span style=\"display: inline-block; width: 55px; height: 62px; overflow: hidden;\"><div class=\"fb-like\" data-href=\"http:\/\/www.blogdopilako.com.br\/wp\/2021\/08\/16\/serra-negra-x-turismo-x-monte-das-tabocas-por-pedro-ferrer\/\" data-send=\"false\" data-layout=\"box_count\" data-width=\"55\" data-show-faces=\"false\"><\/div><\/span><\/span><span class=\"mr_social_sharing_top\"><fb:share-button type=\"box_count\" href=\"http:\/\/www.blogdopilako.com.br\/wp\/2021\/08\/16\/serra-negra-x-turismo-x-monte-das-tabocas-por-pedro-ferrer\/\"><\/fb:share-button><\/span><span class=\"mr_social_sharing\"><a rel=\"nofollow\" class=\"linksalpha_button linksalpha_link\" href=\"\/\/www.linksalpha.com\/social\/mobile\" data-url=\"http:\/\/www.blogdopilako.com.br\/wp\/2021\/08\/16\/serra-negra-x-turismo-x-monte-das-tabocas-por-pedro-ferrer\/\" data-text=\"Serra Negra X Turismo X Monte das Tabocas \u2013 por Pedro Ferrer.\" data-desc=\"Ontem, dia 15 de agosto, estive em Serra Negra. Antes dei uma parada no Museu da cidade do Bezerros que funciona na antiga esta\u00e7\u00e3o ferrovi\u00e1ria. O Museu divide-se em duas alas: uma dedicada aos PAPANGUS, a outra \u00e0 mem\u00f3ria da cidade. Ala dos Papangus:\u00a0 impressionou-me o acervo, sua\" data-image=\"\" data-button=\"none\">\n\t\t\t\t\t<img src=\"\/\/www.linksalpha.com\/images\/social_share_button.png\" alt=\"Share\" class=\"linksalpha_image\" \/>\n\t\t\t\t\t<\/a><script type=\"text\/javascript\" src=\"\/\/www.linksalpha.com\/scripts\/loader_iconbox.js?v=2.4\"><\/script><\/span><\/div>","protected":false},"author":2,"featured_media":0,"comment_status":"open","ping_status":"open","sticky":false,"template":"","format":"standard","meta":[],"categories":[21],"tags":[],"_links":{"self":[{"href":"http:\/\/www.blogdopilako.com.br\/wp\/wp-json\/wp\/v2\/posts\/133873"}],"collection":[{"href":"http:\/\/www.blogdopilako.com.br\/wp\/wp-json\/wp\/v2\/posts"}],"about":[{"href":"http:\/\/www.blogdopilako.com.br\/wp\/wp-json\/wp\/v2\/types\/post"}],"author":[{"embeddable":true,"href":"http:\/\/www.blogdopilako.com.br\/wp\/wp-json\/wp\/v2\/users\/2"}],"replies":[{"embeddable":true,"href":"http:\/\/www.blogdopilako.com.br\/wp\/wp-json\/wp\/v2\/comments?post=133873"}],"version-history":[{"count":1,"href":"http:\/\/www.blogdopilako.com.br\/wp\/wp-json\/wp\/v2\/posts\/133873\/revisions"}],"predecessor-version":[{"id":133877,"href":"http:\/\/www.blogdopilako.com.br\/wp\/wp-json\/wp\/v2\/posts\/133873\/revisions\/133877"}],"wp:attachment":[{"href":"http:\/\/www.blogdopilako.com.br\/wp\/wp-json\/wp\/v2\/media?parent=133873"}],"wp:term":[{"taxonomy":"category","embeddable":true,"href":"http:\/\/www.blogdopilako.com.br\/wp\/wp-json\/wp\/v2\/categories?post=133873"},{"taxonomy":"post_tag","embeddable":true,"href":"http:\/\/www.blogdopilako.com.br\/wp\/wp-json\/wp\/v2\/tags?post=133873"}],"curies":[{"name":"wp","href":"https:\/\/api.w.org\/{rel}","templated":true}]}}