{"id":133825,"date":"2021-08-11T17:08:18","date_gmt":"2021-08-11T20:08:18","guid":{"rendered":"http:\/\/www.blogdopilako.com.br\/wp\/?p=133825"},"modified":"2021-08-11T19:29:33","modified_gmt":"2021-08-11T22:29:33","slug":"live-108-ao-vivo-deputados-da-terra-com-o-deputado-estadual-joaquim-lira","status":"publish","type":"post","link":"http:\/\/www.blogdopilako.com.br\/wp\/2021\/08\/11\/live-108-ao-vivo-deputados-da-terra-com-o-deputado-estadual-joaquim-lira\/","title":{"rendered":"Live 108 &#8211; ao vivo &#8211; &#8220;Deputados da Terra&#8221; &#8211; com o deputado estadual Joaquim Lira."},"content":{"rendered":"\n\t\t\t\t<div class=\"mr_social_sharing_wrapper\">\n\t\t\t\t<!-- Social Sharing Toolkit v2.2 --><span class=\"mr_social_sharing_top\"><span style=\"display: inline-block; width: 55px; height: 62px; overflow: hidden;\"><div class=\"fb-like\" data-href=\"http:\/\/www.blogdopilako.com.br\/wp\/2021\/08\/11\/live-108-ao-vivo-deputados-da-terra-com-o-deputado-estadual-joaquim-lira\/\" data-send=\"false\" data-layout=\"box_count\" data-width=\"55\" data-show-faces=\"false\"><\/div><\/span><\/span><span class=\"mr_social_sharing_top\"><fb:share-button type=\"box_count\" href=\"http:\/\/www.blogdopilako.com.br\/wp\/2021\/08\/11\/live-108-ao-vivo-deputados-da-terra-com-o-deputado-estadual-joaquim-lira\/\"><\/fb:share-button><\/span><span class=\"mr_social_sharing\"><a rel=\"nofollow\" class=\"linksalpha_button linksalpha_link\" href=\"\/\/www.linksalpha.com\/social\/mobile\" data-url=\"http:\/\/www.blogdopilako.com.br\/wp\/2021\/08\/11\/live-108-ao-vivo-deputados-da-terra-com-o-deputado-estadual-joaquim-lira\/\" data-text=\"Live 108 \u2013 ao vivo \u2013 \u201cDeputados da Terra\u201d \u2013 com o deputado estadual Joaquim Lira.\" data-desc=\"Recebemos para uma Live , dentro do projeto \"Deputados\u00a0 da Terra\", na tarde de hoje (11), para falarmos de pol\u00edtica em geral e suas perspectivas para 2022, o deputado estadual Joaquim Lira.\u00a0 Dentro da pauta,\u00a0 que prop\u00f5e um bate-papo com sobre pol\u00edtica nacional, estadual e local, o convidado\" data-image=\"http:\/\/www.blogdopilako.com.br\/wp\/wp-content\/uploads\/2021\/08\/dac9d3c5-643f-4e6e-b6e0-47d06db772a4.jpg\" data-button=\"none\">\n\t\t\t\t\t<img src=\"\/\/www.linksalpha.com\/images\/social_share_button.png\" alt=\"Share\" class=\"linksalpha_image\" \/>\n\t\t\t\t\t<\/a><script type=\"text\/javascript\" src=\"\/\/www.linksalpha.com\/scripts\/loader_iconbox.js?v=2.4\"><\/script><\/span><\/div><p><img loading=\"lazy\" class=\"alignnone wp-image-133829 size-full\" src=\"http:\/\/www.blogdopilako.com.br\/wp\/wp-content\/uploads\/2021\/08\/dac9d3c5-643f-4e6e-b6e0-47d06db772a4.jpg\" alt=\"\" width=\"1136\" height=\"640\" srcset=\"http:\/\/www.blogdopilako.com.br\/wp\/wp-content\/uploads\/2021\/08\/dac9d3c5-643f-4e6e-b6e0-47d06db772a4.jpg 1136w, http:\/\/www.blogdopilako.com.br\/wp\/wp-content\/uploads\/2021\/08\/dac9d3c5-643f-4e6e-b6e0-47d06db772a4-300x169.jpg 300w, http:\/\/www.blogdopilako.com.br\/wp\/wp-content\/uploads\/2021\/08\/dac9d3c5-643f-4e6e-b6e0-47d06db772a4-1024x577.jpg 1024w, http:\/\/www.blogdopilako.com.br\/wp\/wp-content\/uploads\/2021\/08\/dac9d3c5-643f-4e6e-b6e0-47d06db772a4-768x433.jpg 768w, http:\/\/www.blogdopilako.com.br\/wp\/wp-content\/uploads\/2021\/08\/dac9d3c5-643f-4e6e-b6e0-47d06db772a4-500x282.jpg 500w\" sizes=\"(max-width: 1136px) 100vw, 1136px\" \/><\/p>\n<p style=\"text-align: justify;\">Recebemos para uma Live , dentro do projeto <strong>&#8220;Deputados\u00a0 da Terra&#8221;<\/strong>, na tarde de hoje (11), para falarmos de pol\u00edtica em geral e suas perspectivas para 2022, o <strong>deputado estadual Joaquim Lira.\u00a0<\/strong><\/p>\n<p style=\"text-align: justify;\">Dentro da pauta,\u00a0 que prop\u00f5e um bate-papo com sobre pol\u00edtica nacional, estadual e local, o convidado real\u00e7ou o momento dif\u00edcil em que passa a democracia brasileira. Na perspectiva do pr\u00f3ximo candidato a governador pela Frente Popular, Joaquim aposta no ex-prefeito do Recife, Geraldo J\u00falio. Com rela\u00e7\u00e3o \u00e0 gest\u00e3o local, comandada pelo prefeito Paulo Roberto, disse haver acertos e erros mais disse que estar\u00e1 junto com ele em 2022. Sobre o desempenho do seu mandato e as atividades parlamentares, garantiu que, mesmo em tempo pand\u00eamicos, seguiu produtivo.<\/p>\n<p style=\"text-align: justify;\"><strong>ASSISTA A LIVE COMPLETA AQUI.<\/strong><\/p>\n<p><iframe loading=\"lazy\" title=\"LIVE \u00b4DEPUTADOS DA TERRA - COM JOAQUIM LIRA\" width=\"584\" height=\"329\" src=\"https:\/\/www.youtube.com\/embed\/XWTKD650Dog?feature=oembed\" frameborder=\"0\" allow=\"accelerometer; autoplay; clipboard-write; encrypted-media; gyroscope; picture-in-picture\" allowfullscreen><\/iframe><\/p>\n<p><img loading=\"lazy\" class=\"wp-image-133828 size-large aligncenter\" src=\"http:\/\/www.blogdopilako.com.br\/wp\/wp-content\/uploads\/2021\/08\/Pix-arte-final-2-25-1024x401.png\" alt=\"\" width=\"584\" height=\"229\" srcset=\"http:\/\/www.blogdopilako.com.br\/wp\/wp-content\/uploads\/2021\/08\/Pix-arte-final-2-25-1024x401.png 1024w, http:\/\/www.blogdopilako.com.br\/wp\/wp-content\/uploads\/2021\/08\/Pix-arte-final-2-25-300x117.png 300w, http:\/\/www.blogdopilako.com.br\/wp\/wp-content\/uploads\/2021\/08\/Pix-arte-final-2-25-768x301.png 768w, http:\/\/www.blogdopilako.com.br\/wp\/wp-content\/uploads\/2021\/08\/Pix-arte-final-2-25-1536x601.png 1536w, http:\/\/www.blogdopilako.com.br\/wp\/wp-content\/uploads\/2021\/08\/Pix-arte-final-2-25-2048x802.png 2048w, http:\/\/www.blogdopilako.com.br\/wp\/wp-content\/uploads\/2021\/08\/Pix-arte-final-2-25-500x196.png 500w\" sizes=\"(max-width: 584px) 100vw, 584px\" \/><\/p>\n<p>&nbsp;<\/p>\n\n\t\t\t\t<div class=\"mr_social_sharing_wrapper\">\n\t\t\t\t<!-- Social Sharing Toolkit v2.2 --><span class=\"mr_social_sharing_top\"><span style=\"display: inline-block; width: 55px; height: 62px; overflow: hidden;\"><div class=\"fb-like\" data-href=\"http:\/\/www.blogdopilako.com.br\/wp\/2021\/08\/11\/live-108-ao-vivo-deputados-da-terra-com-o-deputado-estadual-joaquim-lira\/\" data-send=\"false\" data-layout=\"box_count\" data-width=\"55\" data-show-faces=\"false\"><\/div><\/span><\/span><span class=\"mr_social_sharing_top\"><fb:share-button type=\"box_count\" href=\"http:\/\/www.blogdopilako.com.br\/wp\/2021\/08\/11\/live-108-ao-vivo-deputados-da-terra-com-o-deputado-estadual-joaquim-lira\/\"><\/fb:share-button><\/span><span class=\"mr_social_sharing\"><a rel=\"nofollow\" class=\"linksalpha_button linksalpha_link\" href=\"\/\/www.linksalpha.com\/social\/mobile\" data-url=\"http:\/\/www.blogdopilako.com.br\/wp\/2021\/08\/11\/live-108-ao-vivo-deputados-da-terra-com-o-deputado-estadual-joaquim-lira\/\" data-text=\"Live 108 \u2013 ao vivo \u2013 \u201cDeputados da Terra\u201d \u2013 com o deputado estadual Joaquim Lira.\" data-desc=\"Recebemos para uma Live , dentro do projeto \"Deputados\u00a0 da Terra\", na tarde de hoje (11), para falarmos de pol\u00edtica em geral e suas perspectivas para 2022, o deputado estadual Joaquim Lira.\u00a0 Dentro da pauta,\u00a0 que prop\u00f5e um bate-papo com sobre pol\u00edtica nacional, estadual e local, o convidado\" data-image=\"http:\/\/www.blogdopilako.com.br\/wp\/wp-content\/uploads\/2021\/08\/dac9d3c5-643f-4e6e-b6e0-47d06db772a4.jpg\" data-button=\"none\">\n\t\t\t\t\t<img src=\"\/\/www.linksalpha.com\/images\/social_share_button.png\" alt=\"Share\" class=\"linksalpha_image\" \/>\n\t\t\t\t\t<\/a><script type=\"text\/javascript\" src=\"\/\/www.linksalpha.com\/scripts\/loader_iconbox.js?v=2.4\"><\/script><\/span><\/div>","protected":false},"excerpt":{"rendered":"\n\t\t\t\t<div class=\"mr_social_sharing_wrapper\">\n\t\t\t\t<!-- Social Sharing Toolkit v2.2 --><span class=\"mr_social_sharing_top\"><span style=\"display: inline-block; width: 55px; height: 62px; overflow: hidden;\"><div class=\"fb-like\" data-href=\"http:\/\/www.blogdopilako.com.br\/wp\/2021\/08\/11\/live-108-ao-vivo-deputados-da-terra-com-o-deputado-estadual-joaquim-lira\/\" data-send=\"false\" data-layout=\"box_count\" data-width=\"55\" data-show-faces=\"false\"><\/div><\/span><\/span><span class=\"mr_social_sharing_top\"><fb:share-button type=\"box_count\" href=\"http:\/\/www.blogdopilako.com.br\/wp\/2021\/08\/11\/live-108-ao-vivo-deputados-da-terra-com-o-deputado-estadual-joaquim-lira\/\"><\/fb:share-button><\/span><span class=\"mr_social_sharing\"><a rel=\"nofollow\" class=\"linksalpha_button linksalpha_link\" href=\"\/\/www.linksalpha.com\/social\/mobile\" data-url=\"http:\/\/www.blogdopilako.com.br\/wp\/2021\/08\/11\/live-108-ao-vivo-deputados-da-terra-com-o-deputado-estadual-joaquim-lira\/\" data-text=\"Live 108 \u2013 ao vivo \u2013 \u201cDeputados da Terra\u201d \u2013 com o deputado estadual Joaquim Lira.\" data-desc=\"Recebemos para uma Live , dentro do projeto \"Deputados\u00a0 da Terra\", na tarde de hoje (11), para falarmos de pol\u00edtica em geral e suas perspectivas para 2022, o deputado estadual Joaquim Lira.\u00a0 Dentro da pauta,\u00a0 que prop\u00f5e um bate-papo com sobre pol\u00edtica nacional, estadual e local, o convidado\" data-image=\"\" data-button=\"none\">\n\t\t\t\t\t<img src=\"\/\/www.linksalpha.com\/images\/social_share_button.png\" alt=\"Share\" class=\"linksalpha_image\" \/>\n\t\t\t\t\t<\/a><script type=\"text\/javascript\" src=\"\/\/www.linksalpha.com\/scripts\/loader_iconbox.js?v=2.4\"><\/script><\/span><\/div><p>Recebemos para uma Live , dentro do projeto &#8220;Deputados\u00a0 da Terra&#8221;, na tarde de hoje (11), para falarmos de pol\u00edtica em geral e suas perspectivas para 2022, o deputado estadual Joaquim Lira.\u00a0 Dentro da pauta,\u00a0 que prop\u00f5e um bate-papo com &hellip; <a href=\"http:\/\/www.blogdopilako.com.br\/wp\/2021\/08\/11\/live-108-ao-vivo-deputados-da-terra-com-o-deputado-estadual-joaquim-lira\/\">Continue lendo <span class=\"meta-nav\">&rarr;<\/span><\/a><\/p>\n\n\t\t\t\t<div class=\"mr_social_sharing_wrapper\">\n\t\t\t\t<!-- Social Sharing Toolkit v2.2 --><span class=\"mr_social_sharing_top\"><span style=\"display: inline-block; width: 55px; height: 62px; overflow: hidden;\"><div class=\"fb-like\" data-href=\"http:\/\/www.blogdopilako.com.br\/wp\/2021\/08\/11\/live-108-ao-vivo-deputados-da-terra-com-o-deputado-estadual-joaquim-lira\/\" data-send=\"false\" data-layout=\"box_count\" data-width=\"55\" data-show-faces=\"false\"><\/div><\/span><\/span><span class=\"mr_social_sharing_top\"><fb:share-button type=\"box_count\" href=\"http:\/\/www.blogdopilako.com.br\/wp\/2021\/08\/11\/live-108-ao-vivo-deputados-da-terra-com-o-deputado-estadual-joaquim-lira\/\"><\/fb:share-button><\/span><span class=\"mr_social_sharing\"><a rel=\"nofollow\" class=\"linksalpha_button linksalpha_link\" href=\"\/\/www.linksalpha.com\/social\/mobile\" data-url=\"http:\/\/www.blogdopilako.com.br\/wp\/2021\/08\/11\/live-108-ao-vivo-deputados-da-terra-com-o-deputado-estadual-joaquim-lira\/\" data-text=\"Live 108 \u2013 ao vivo \u2013 \u201cDeputados da Terra\u201d \u2013 com o deputado estadual Joaquim Lira.\" data-desc=\"Recebemos para uma Live , dentro do projeto \"Deputados\u00a0 da Terra\", na tarde de hoje (11), para falarmos de pol\u00edtica em geral e suas perspectivas para 2022, o deputado estadual Joaquim Lira.\u00a0 Dentro da pauta,\u00a0 que prop\u00f5e um bate-papo com sobre pol\u00edtica nacional, estadual e local, o convidado\" data-image=\"\" data-button=\"none\">\n\t\t\t\t\t<img src=\"\/\/www.linksalpha.com\/images\/social_share_button.png\" alt=\"Share\" class=\"linksalpha_image\" \/>\n\t\t\t\t\t<\/a><script type=\"text\/javascript\" src=\"\/\/www.linksalpha.com\/scripts\/loader_iconbox.js?v=2.4\"><\/script><\/span><\/div>","protected":false},"author":2,"featured_media":0,"comment_status":"open","ping_status":"open","sticky":false,"template":"","format":"standard","meta":[],"categories":[21],"tags":[],"_links":{"self":[{"href":"http:\/\/www.blogdopilako.com.br\/wp\/wp-json\/wp\/v2\/posts\/133825"}],"collection":[{"href":"http:\/\/www.blogdopilako.com.br\/wp\/wp-json\/wp\/v2\/posts"}],"about":[{"href":"http:\/\/www.blogdopilako.com.br\/wp\/wp-json\/wp\/v2\/types\/post"}],"author":[{"embeddable":true,"href":"http:\/\/www.blogdopilako.com.br\/wp\/wp-json\/wp\/v2\/users\/2"}],"replies":[{"embeddable":true,"href":"http:\/\/www.blogdopilako.com.br\/wp\/wp-json\/wp\/v2\/comments?post=133825"}],"version-history":[{"count":3,"href":"http:\/\/www.blogdopilako.com.br\/wp\/wp-json\/wp\/v2\/posts\/133825\/revisions"}],"predecessor-version":[{"id":133830,"href":"http:\/\/www.blogdopilako.com.br\/wp\/wp-json\/wp\/v2\/posts\/133825\/revisions\/133830"}],"wp:attachment":[{"href":"http:\/\/www.blogdopilako.com.br\/wp\/wp-json\/wp\/v2\/media?parent=133825"}],"wp:term":[{"taxonomy":"category","embeddable":true,"href":"http:\/\/www.blogdopilako.com.br\/wp\/wp-json\/wp\/v2\/categories?post=133825"},{"taxonomy":"post_tag","embeddable":true,"href":"http:\/\/www.blogdopilako.com.br\/wp\/wp-json\/wp\/v2\/tags?post=133825"}],"curies":[{"name":"wp","href":"https:\/\/api.w.org\/{rel}","templated":true}]}}