{"id":133820,"date":"2021-08-11T10:22:00","date_gmt":"2021-08-11T13:22:00","guid":{"rendered":"http:\/\/www.blogdopilako.com.br\/wp\/?p=133820"},"modified":"2021-08-11T10:22:00","modified_gmt":"2021-08-11T13:22:00","slug":"decepcao-paciencia-consciencia-e-devocao-no-passado-e-no-presente-por-pedro-ferrer","status":"publish","type":"post","link":"http:\/\/www.blogdopilako.com.br\/wp\/2021\/08\/11\/decepcao-paciencia-consciencia-e-devocao-no-passado-e-no-presente-por-pedro-ferrer\/","title":{"rendered":"Decep\u00e7\u00e3o, paci\u00eancia, consci\u00eancia e devo\u00e7\u00e3o: no passado e no presente &#8211; por Pedro Ferrer."},"content":{"rendered":"\n\t\t\t\t<div class=\"mr_social_sharing_wrapper\">\n\t\t\t\t<!-- Social Sharing Toolkit v2.2 --><span class=\"mr_social_sharing_top\"><span style=\"display: inline-block; width: 55px; height: 62px; overflow: hidden;\"><div class=\"fb-like\" data-href=\"http:\/\/www.blogdopilako.com.br\/wp\/2021\/08\/11\/decepcao-paciencia-consciencia-e-devocao-no-passado-e-no-presente-por-pedro-ferrer\/\" data-send=\"false\" data-layout=\"box_count\" data-width=\"55\" data-show-faces=\"false\"><\/div><\/span><\/span><span class=\"mr_social_sharing_top\"><fb:share-button type=\"box_count\" href=\"http:\/\/www.blogdopilako.com.br\/wp\/2021\/08\/11\/decepcao-paciencia-consciencia-e-devocao-no-passado-e-no-presente-por-pedro-ferrer\/\"><\/fb:share-button><\/span><span class=\"mr_social_sharing\"><a rel=\"nofollow\" class=\"linksalpha_button linksalpha_link\" href=\"\/\/www.linksalpha.com\/social\/mobile\" data-url=\"http:\/\/www.blogdopilako.com.br\/wp\/2021\/08\/11\/decepcao-paciencia-consciencia-e-devocao-no-passado-e-no-presente-por-pedro-ferrer\/\" data-text=\"Decep\u00e7\u00e3o, paci\u00eancia, consci\u00eancia e devo\u00e7\u00e3o: no passado e no presente \u2013 por Pedro Ferrer.\" data-desc=\"Nos anos cinquenta (s), amigo Pilako, em reuni\u00e3o no Instituto Hist\u00f3rico ocorreu esta p\u00e9rola. P\u00e9rola? Audit\u00f3rio vazio e eu a chamo de p\u00e9rola? Sim, esta p\u00e9rola foi um elixir para mim. De tanto ver e conviver com reuni\u00f5es vazias no Instituto, senti muitas vezes vontade de desanimar, passar o\" data-image=\"http:\/\/www.blogdopilako.com.br\/wp\/wp-content\/uploads\/2021\/08\/888fe4fc-a457-4a01-900d-60027351a5b4.jpg\" data-button=\"none\">\n\t\t\t\t\t<img src=\"\/\/www.linksalpha.com\/images\/social_share_button.png\" alt=\"Share\" class=\"linksalpha_image\" \/>\n\t\t\t\t\t<\/a><script type=\"text\/javascript\" src=\"\/\/www.linksalpha.com\/scripts\/loader_iconbox.js?v=2.4\"><\/script><\/span><\/div><p><img loading=\"lazy\" class=\"alignnone wp-image-133822 size-full\" src=\"http:\/\/www.blogdopilako.com.br\/wp\/wp-content\/uploads\/2021\/08\/888fe4fc-a457-4a01-900d-60027351a5b4.jpg\" alt=\"\" width=\"837\" height=\"711\" srcset=\"http:\/\/www.blogdopilako.com.br\/wp\/wp-content\/uploads\/2021\/08\/888fe4fc-a457-4a01-900d-60027351a5b4.jpg 837w, http:\/\/www.blogdopilako.com.br\/wp\/wp-content\/uploads\/2021\/08\/888fe4fc-a457-4a01-900d-60027351a5b4-300x255.jpg 300w, http:\/\/www.blogdopilako.com.br\/wp\/wp-content\/uploads\/2021\/08\/888fe4fc-a457-4a01-900d-60027351a5b4-768x652.jpg 768w, http:\/\/www.blogdopilako.com.br\/wp\/wp-content\/uploads\/2021\/08\/888fe4fc-a457-4a01-900d-60027351a5b4-353x300.jpg 353w\" sizes=\"(max-width: 837px) 100vw, 837px\" \/><\/p>\n<p style=\"text-align: justify;\">Nos anos cinquenta (s), amigo Pilako, em reuni\u00e3o no Instituto Hist\u00f3rico ocorreu esta p\u00e9rola. P\u00e9rola? Audit\u00f3rio vazio e eu a chamo de p\u00e9rola? Sim, esta p\u00e9rola foi um elixir para mim. De tanto ver e conviver com reuni\u00f5es vazias no Instituto, senti muitas vezes vontade de desanimar, passar o bast\u00e3o \u00e0 outrem. Mas lendo esta p\u00e9rola senti\u00a0 o esp\u00edrito revigorar-me. Quanto maior o obst\u00e1culo, maior o impulso, o salto para frente. Leiam-na.<\/p>\n<p><img loading=\"lazy\" class=\"alignright wp-image-133821 size-full\" src=\"http:\/\/www.blogdopilako.com.br\/wp\/wp-content\/uploads\/2021\/08\/7202397d-8884-4aa5-8b0a-280079ef3e16.jpg\" alt=\"\" width=\"176\" height=\"187\" \/><\/p>\n<p style=\"text-align: justify;\">Dia da P\u00e1tria. Para marcar a data m\u00e1xima do Brasil, extensa comemora\u00e7\u00e3o foi preparada, sendo palestrante o jovem professor Amauri Teixeira Nunes. Para tristeza dos dirigentes, reduzido p\u00fablico compareceu ao evento. Apresentado pelo orador da casa, Guedes Alcoforado Filho, o professor Amauri, sempre zeloso e mui consciente do seu dever, indiferente \u00e0 reduzida plat\u00e9ia, manteve a serenidade e proferiu uma bela confer\u00eancia. Ao t\u00e9rmino de suas brilhantes palavras, foi efusivamente aplaudido.<\/p>\n<p style=\"text-align: justify;\">Mesmo constrangido, diante de um audit\u00f3rio praticamente vazio, o Presidente, professor <strong>Jos\u00e9 Arag\u00e3o<\/strong>, agradeceu-lhe a participa\u00e7\u00e3o e <strong>\u201clastimou que o n\u00famero de pessoas presentes era pequeno para o grande trabalho por ele apresentado, por\u00e9m isto era o sinal da decad\u00eancia c\u00edvica em que vivemos, falta de amor \u00e0 P\u00e1tria, uma das coisas que n\u00e3o deve faltar nunca em nossos cora\u00e7\u00f5es\u201d.<\/strong><\/p>\n<p><strong>Professor Pedro Ferrer &#8211; presidente do IHGVSA.\u00a0<\/strong><\/p>\n<p><img loading=\"lazy\" class=\"aligncenter wp-image-133823 size-large\" src=\"http:\/\/www.blogdopilako.com.br\/wp\/wp-content\/uploads\/2021\/08\/Pix-arte-final-2-24-1024x401.png\" alt=\"\" width=\"584\" height=\"229\" srcset=\"http:\/\/www.blogdopilako.com.br\/wp\/wp-content\/uploads\/2021\/08\/Pix-arte-final-2-24-1024x401.png 1024w, http:\/\/www.blogdopilako.com.br\/wp\/wp-content\/uploads\/2021\/08\/Pix-arte-final-2-24-300x117.png 300w, http:\/\/www.blogdopilako.com.br\/wp\/wp-content\/uploads\/2021\/08\/Pix-arte-final-2-24-768x301.png 768w, http:\/\/www.blogdopilako.com.br\/wp\/wp-content\/uploads\/2021\/08\/Pix-arte-final-2-24-1536x601.png 1536w, http:\/\/www.blogdopilako.com.br\/wp\/wp-content\/uploads\/2021\/08\/Pix-arte-final-2-24-2048x802.png 2048w, http:\/\/www.blogdopilako.com.br\/wp\/wp-content\/uploads\/2021\/08\/Pix-arte-final-2-24-500x196.png 500w\" sizes=\"(max-width: 584px) 100vw, 584px\" \/><\/p>\n\n\t\t\t\t<div class=\"mr_social_sharing_wrapper\">\n\t\t\t\t<!-- Social Sharing Toolkit v2.2 --><span class=\"mr_social_sharing_top\"><span style=\"display: inline-block; width: 55px; height: 62px; overflow: hidden;\"><div class=\"fb-like\" data-href=\"http:\/\/www.blogdopilako.com.br\/wp\/2021\/08\/11\/decepcao-paciencia-consciencia-e-devocao-no-passado-e-no-presente-por-pedro-ferrer\/\" data-send=\"false\" data-layout=\"box_count\" data-width=\"55\" data-show-faces=\"false\"><\/div><\/span><\/span><span class=\"mr_social_sharing_top\"><fb:share-button type=\"box_count\" href=\"http:\/\/www.blogdopilako.com.br\/wp\/2021\/08\/11\/decepcao-paciencia-consciencia-e-devocao-no-passado-e-no-presente-por-pedro-ferrer\/\"><\/fb:share-button><\/span><span class=\"mr_social_sharing\"><a rel=\"nofollow\" class=\"linksalpha_button linksalpha_link\" href=\"\/\/www.linksalpha.com\/social\/mobile\" data-url=\"http:\/\/www.blogdopilako.com.br\/wp\/2021\/08\/11\/decepcao-paciencia-consciencia-e-devocao-no-passado-e-no-presente-por-pedro-ferrer\/\" data-text=\"Decep\u00e7\u00e3o, paci\u00eancia, consci\u00eancia e devo\u00e7\u00e3o: no passado e no presente \u2013 por Pedro Ferrer.\" data-desc=\"Nos anos cinquenta (s), amigo Pilako, em reuni\u00e3o no Instituto Hist\u00f3rico ocorreu esta p\u00e9rola. P\u00e9rola? Audit\u00f3rio vazio e eu a chamo de p\u00e9rola? Sim, esta p\u00e9rola foi um elixir para mim. De tanto ver e conviver com reuni\u00f5es vazias no Instituto, senti muitas vezes vontade de desanimar, passar o\" data-image=\"http:\/\/www.blogdopilako.com.br\/wp\/wp-content\/uploads\/2021\/08\/888fe4fc-a457-4a01-900d-60027351a5b4.jpg\" data-button=\"none\">\n\t\t\t\t\t<img src=\"\/\/www.linksalpha.com\/images\/social_share_button.png\" alt=\"Share\" class=\"linksalpha_image\" \/>\n\t\t\t\t\t<\/a><script type=\"text\/javascript\" src=\"\/\/www.linksalpha.com\/scripts\/loader_iconbox.js?v=2.4\"><\/script><\/span><\/div>","protected":false},"excerpt":{"rendered":"\n\t\t\t\t<div class=\"mr_social_sharing_wrapper\">\n\t\t\t\t<!-- Social Sharing Toolkit v2.2 --><span class=\"mr_social_sharing_top\"><span style=\"display: inline-block; width: 55px; height: 62px; overflow: hidden;\"><div class=\"fb-like\" data-href=\"http:\/\/www.blogdopilako.com.br\/wp\/2021\/08\/11\/decepcao-paciencia-consciencia-e-devocao-no-passado-e-no-presente-por-pedro-ferrer\/\" data-send=\"false\" data-layout=\"box_count\" data-width=\"55\" data-show-faces=\"false\"><\/div><\/span><\/span><span class=\"mr_social_sharing_top\"><fb:share-button type=\"box_count\" href=\"http:\/\/www.blogdopilako.com.br\/wp\/2021\/08\/11\/decepcao-paciencia-consciencia-e-devocao-no-passado-e-no-presente-por-pedro-ferrer\/\"><\/fb:share-button><\/span><span class=\"mr_social_sharing\"><a rel=\"nofollow\" class=\"linksalpha_button linksalpha_link\" href=\"\/\/www.linksalpha.com\/social\/mobile\" data-url=\"http:\/\/www.blogdopilako.com.br\/wp\/2021\/08\/11\/decepcao-paciencia-consciencia-e-devocao-no-passado-e-no-presente-por-pedro-ferrer\/\" data-text=\"Decep\u00e7\u00e3o, paci\u00eancia, consci\u00eancia e devo\u00e7\u00e3o: no passado e no presente \u2013 por Pedro Ferrer.\" data-desc=\"Nos anos cinquenta (s), amigo Pilako, em reuni\u00e3o no Instituto Hist\u00f3rico ocorreu esta p\u00e9rola. P\u00e9rola? Audit\u00f3rio vazio e eu a chamo de p\u00e9rola? Sim, esta p\u00e9rola foi um elixir para mim. De tanto ver e conviver com reuni\u00f5es vazias no Instituto, senti muitas vezes vontade de desanimar, passar o\" data-image=\"\" data-button=\"none\">\n\t\t\t\t\t<img src=\"\/\/www.linksalpha.com\/images\/social_share_button.png\" alt=\"Share\" class=\"linksalpha_image\" \/>\n\t\t\t\t\t<\/a><script type=\"text\/javascript\" src=\"\/\/www.linksalpha.com\/scripts\/loader_iconbox.js?v=2.4\"><\/script><\/span><\/div><p>Nos anos cinquenta (s), amigo Pilako, em reuni\u00e3o no Instituto Hist\u00f3rico ocorreu esta p\u00e9rola. P\u00e9rola? Audit\u00f3rio vazio e eu a chamo de p\u00e9rola? Sim, esta p\u00e9rola foi um elixir para mim. De tanto ver e conviver com reuni\u00f5es vazias no &hellip; <a href=\"http:\/\/www.blogdopilako.com.br\/wp\/2021\/08\/11\/decepcao-paciencia-consciencia-e-devocao-no-passado-e-no-presente-por-pedro-ferrer\/\">Continue lendo <span class=\"meta-nav\">&rarr;<\/span><\/a><\/p>\n\n\t\t\t\t<div class=\"mr_social_sharing_wrapper\">\n\t\t\t\t<!-- Social Sharing Toolkit v2.2 --><span class=\"mr_social_sharing_top\"><span style=\"display: inline-block; width: 55px; height: 62px; overflow: hidden;\"><div class=\"fb-like\" data-href=\"http:\/\/www.blogdopilako.com.br\/wp\/2021\/08\/11\/decepcao-paciencia-consciencia-e-devocao-no-passado-e-no-presente-por-pedro-ferrer\/\" data-send=\"false\" data-layout=\"box_count\" data-width=\"55\" data-show-faces=\"false\"><\/div><\/span><\/span><span class=\"mr_social_sharing_top\"><fb:share-button type=\"box_count\" href=\"http:\/\/www.blogdopilako.com.br\/wp\/2021\/08\/11\/decepcao-paciencia-consciencia-e-devocao-no-passado-e-no-presente-por-pedro-ferrer\/\"><\/fb:share-button><\/span><span class=\"mr_social_sharing\"><a rel=\"nofollow\" class=\"linksalpha_button linksalpha_link\" href=\"\/\/www.linksalpha.com\/social\/mobile\" data-url=\"http:\/\/www.blogdopilako.com.br\/wp\/2021\/08\/11\/decepcao-paciencia-consciencia-e-devocao-no-passado-e-no-presente-por-pedro-ferrer\/\" data-text=\"Decep\u00e7\u00e3o, paci\u00eancia, consci\u00eancia e devo\u00e7\u00e3o: no passado e no presente \u2013 por Pedro Ferrer.\" data-desc=\"Nos anos cinquenta (s), amigo Pilako, em reuni\u00e3o no Instituto Hist\u00f3rico ocorreu esta p\u00e9rola. P\u00e9rola? Audit\u00f3rio vazio e eu a chamo de p\u00e9rola? Sim, esta p\u00e9rola foi um elixir para mim. De tanto ver e conviver com reuni\u00f5es vazias no Instituto, senti muitas vezes vontade de desanimar, passar o\" data-image=\"\" data-button=\"none\">\n\t\t\t\t\t<img src=\"\/\/www.linksalpha.com\/images\/social_share_button.png\" alt=\"Share\" class=\"linksalpha_image\" \/>\n\t\t\t\t\t<\/a><script type=\"text\/javascript\" src=\"\/\/www.linksalpha.com\/scripts\/loader_iconbox.js?v=2.4\"><\/script><\/span><\/div>","protected":false},"author":2,"featured_media":0,"comment_status":"open","ping_status":"open","sticky":false,"template":"","format":"standard","meta":[],"categories":[21],"tags":[],"_links":{"self":[{"href":"http:\/\/www.blogdopilako.com.br\/wp\/wp-json\/wp\/v2\/posts\/133820"}],"collection":[{"href":"http:\/\/www.blogdopilako.com.br\/wp\/wp-json\/wp\/v2\/posts"}],"about":[{"href":"http:\/\/www.blogdopilako.com.br\/wp\/wp-json\/wp\/v2\/types\/post"}],"author":[{"embeddable":true,"href":"http:\/\/www.blogdopilako.com.br\/wp\/wp-json\/wp\/v2\/users\/2"}],"replies":[{"embeddable":true,"href":"http:\/\/www.blogdopilako.com.br\/wp\/wp-json\/wp\/v2\/comments?post=133820"}],"version-history":[{"count":1,"href":"http:\/\/www.blogdopilako.com.br\/wp\/wp-json\/wp\/v2\/posts\/133820\/revisions"}],"predecessor-version":[{"id":133824,"href":"http:\/\/www.blogdopilako.com.br\/wp\/wp-json\/wp\/v2\/posts\/133820\/revisions\/133824"}],"wp:attachment":[{"href":"http:\/\/www.blogdopilako.com.br\/wp\/wp-json\/wp\/v2\/media?parent=133820"}],"wp:term":[{"taxonomy":"category","embeddable":true,"href":"http:\/\/www.blogdopilako.com.br\/wp\/wp-json\/wp\/v2\/categories?post=133820"},{"taxonomy":"post_tag","embeddable":true,"href":"http:\/\/www.blogdopilako.com.br\/wp\/wp-json\/wp\/v2\/tags?post=133820"}],"curies":[{"name":"wp","href":"https:\/\/api.w.org\/{rel}","templated":true}]}}