{"id":133550,"date":"2021-07-21T11:31:55","date_gmt":"2021-07-21T14:31:55","guid":{"rendered":"http:\/\/www.blogdopilako.com.br\/wp\/?p=133550"},"modified":"2021-07-21T11:31:55","modified_gmt":"2021-07-21T14:31:55","slug":"manoel-trompetista-musica-na-praca","status":"publish","type":"post","link":"http:\/\/www.blogdopilako.com.br\/wp\/2021\/07\/21\/manoel-trompetista-musica-na-praca\/","title":{"rendered":"Manoel Trompetista: m\u00fasica na pra\u00e7a&#8230;.."},"content":{"rendered":"\n\t\t\t\t<div class=\"mr_social_sharing_wrapper\">\n\t\t\t\t<!-- Social Sharing Toolkit v2.2 --><span class=\"mr_social_sharing_top\"><span style=\"display: inline-block; width: 55px; height: 62px; overflow: hidden;\"><div class=\"fb-like\" data-href=\"http:\/\/www.blogdopilako.com.br\/wp\/2021\/07\/21\/manoel-trompetista-musica-na-praca\/\" data-send=\"false\" data-layout=\"box_count\" data-width=\"55\" data-show-faces=\"false\"><\/div><\/span><\/span><span class=\"mr_social_sharing_top\"><fb:share-button type=\"box_count\" href=\"http:\/\/www.blogdopilako.com.br\/wp\/2021\/07\/21\/manoel-trompetista-musica-na-praca\/\"><\/fb:share-button><\/span><span class=\"mr_social_sharing\"><a rel=\"nofollow\" class=\"linksalpha_button linksalpha_link\" href=\"\/\/www.linksalpha.com\/social\/mobile\" data-url=\"http:\/\/www.blogdopilako.com.br\/wp\/2021\/07\/21\/manoel-trompetista-musica-na-praca\/\" data-text=\"Manoel Trompetista: m\u00fasica na pra\u00e7a\u2026..\" data-desc=\"Vez por outra, da reda\u00e7\u00e3o do blog, situada \u00e0 Pra\u00e7a Le\u00e3o Coroado \u2013 ponto fixo de lavagem de carro \u2013 escuto \u00a0essas \u201cm\u00fasicas da moda\u201d, emitidas por potentes aparelhos de som dos autom\u00f3veis dos \u201cfregueses\u201d do pessoal da \u201clavagem de carro\u201d. Algo que me remete \u00a0ao estrondoso\" data-image=\"http:\/\/www.blogdopilako.com.br\/wp\/wp-content\/uploads\/2021\/07\/e63fd504-8a6c-41eb-be9c-a8251489bd91-1.jpg\" data-button=\"none\">\n\t\t\t\t\t<img src=\"\/\/www.linksalpha.com\/images\/social_share_button.png\" alt=\"Share\" class=\"linksalpha_image\" \/>\n\t\t\t\t\t<\/a><script type=\"text\/javascript\" src=\"\/\/www.linksalpha.com\/scripts\/loader_iconbox.js?v=2.4\"><\/script><\/span><\/div><p><img loading=\"lazy\" class=\"wp-image-133552 size-full aligncenter\" src=\"http:\/\/www.blogdopilako.com.br\/wp\/wp-content\/uploads\/2021\/07\/e63fd504-8a6c-41eb-be9c-a8251489bd91-1.jpg\" alt=\"\" width=\"1024\" height=\"768\" srcset=\"http:\/\/www.blogdopilako.com.br\/wp\/wp-content\/uploads\/2021\/07\/e63fd504-8a6c-41eb-be9c-a8251489bd91-1.jpg 1024w, http:\/\/www.blogdopilako.com.br\/wp\/wp-content\/uploads\/2021\/07\/e63fd504-8a6c-41eb-be9c-a8251489bd91-1-300x225.jpg 300w, http:\/\/www.blogdopilako.com.br\/wp\/wp-content\/uploads\/2021\/07\/e63fd504-8a6c-41eb-be9c-a8251489bd91-1-768x576.jpg 768w, http:\/\/www.blogdopilako.com.br\/wp\/wp-content\/uploads\/2021\/07\/e63fd504-8a6c-41eb-be9c-a8251489bd91-1-400x300.jpg 400w\" sizes=\"(max-width: 1024px) 100vw, 1024px\" \/><\/p>\n<p style=\"text-align: justify;\">Vez por outra, da reda\u00e7\u00e3o do blog, situada \u00e0 Pra\u00e7a Le\u00e3o Coroado \u2013 ponto fixo de lavagem de carro \u2013 escuto \u00a0essas \u201cm\u00fasicas da moda\u201d, emitidas por potentes aparelhos de som dos autom\u00f3veis dos \u201cfregueses\u201d do pessoal da \u201clavagem de carro\u201d. Algo que me remete \u00a0ao estrondoso sucesso epis\u00f3dico do cantor \u201cDuquinha\u201d,\u00a0 com a m\u00fasica: \u201cabra a mala e solte som\u201d.<\/p>\n<p style=\"text-align: justify;\">Pois bem, recentemente, numa manh\u00e3 de s\u00e1bado (17-07-2-21), dia em que naturalmente o \u201cvuco-vuco\u201d do comercio ganha vento, em servi\u00e7o extra no escrit\u00f3rio, escutei um cont\u00ednuo som \u201cdiferente\u201d. Agrad\u00e1vel e bem distante, confesso, que as melodias estavam\u00a0 at\u00e9 agradando aos ouvidos.<\/p>\n<p style=\"text-align: justify;\">Conclu\u00edda a tarefa, desci para tomar rumo. De longe, avistei um senhor sentando num dos bancos da referida pra\u00e7a. Era ele, por assim dizer, o protagonista da quebra da rotina musical do lugar. Curioso, liguei o telefone no sistema de filmagem, e aproximei-me. Ele seguiu tocando.<\/p>\n<p><iframe loading=\"lazy\" title=\"Blog do Pilako: VIT\u00d3RIA DE SANTO ANT\u00c3O - MANOEL TROMPETISTA - PRA\u00c7A LE\u00c3O COROADO - 17-07-2021\" width=\"584\" height=\"329\" src=\"https:\/\/www.youtube.com\/embed\/pCG74YrJy1U?feature=oembed\" frameborder=\"0\" allow=\"accelerometer; autoplay; clipboard-write; encrypted-media; gyroscope; picture-in-picture\" allowfullscreen><\/iframe><\/p>\n<p style=\"text-align: justify;\">Em seguida, sem atrapalhar o seu show particular, trocamos algumas figurinhas. Ele \u00e9 mais conhecido por <strong>\u201cManoel Trompetista\u201d<\/strong>. \u00c9 conterr\u00e2neo, mas j\u00e1 morou um tempo fora. Sobre a musicalidade, disse ele: \u201cgosto de levar a palavra de Deus, atrav\u00e9s da m\u00fasica sacra\u201d. Gostei! Primeira vez que escutei\u00a0 esse tipo de apresenta\u00e7\u00e3o nessa pra\u00e7a.<\/p>\n<p><iframe loading=\"lazy\" title=\"Blog do Pilako: VIT\u00d3RIA DE SANTO ANT\u00c3O - MANOEL TROMPETISTA - LE\u00c3O COROADO - 17-07-2021\" width=\"584\" height=\"329\" src=\"https:\/\/www.youtube.com\/embed\/yd4Aqz__V2E?feature=oembed\" frameborder=\"0\" allow=\"accelerometer; autoplay; clipboard-write; encrypted-media; gyroscope; picture-in-picture\" allowfullscreen><\/iframe><\/p>\n\n\t\t\t\t<div class=\"mr_social_sharing_wrapper\">\n\t\t\t\t<!-- Social Sharing Toolkit v2.2 --><span class=\"mr_social_sharing_top\"><span style=\"display: inline-block; width: 55px; height: 62px; overflow: hidden;\"><div class=\"fb-like\" data-href=\"http:\/\/www.blogdopilako.com.br\/wp\/2021\/07\/21\/manoel-trompetista-musica-na-praca\/\" data-send=\"false\" data-layout=\"box_count\" data-width=\"55\" data-show-faces=\"false\"><\/div><\/span><\/span><span class=\"mr_social_sharing_top\"><fb:share-button type=\"box_count\" href=\"http:\/\/www.blogdopilako.com.br\/wp\/2021\/07\/21\/manoel-trompetista-musica-na-praca\/\"><\/fb:share-button><\/span><span class=\"mr_social_sharing\"><a rel=\"nofollow\" class=\"linksalpha_button linksalpha_link\" href=\"\/\/www.linksalpha.com\/social\/mobile\" data-url=\"http:\/\/www.blogdopilako.com.br\/wp\/2021\/07\/21\/manoel-trompetista-musica-na-praca\/\" data-text=\"Manoel Trompetista: m\u00fasica na pra\u00e7a\u2026..\" data-desc=\"Vez por outra, da reda\u00e7\u00e3o do blog, situada \u00e0 Pra\u00e7a Le\u00e3o Coroado \u2013 ponto fixo de lavagem de carro \u2013 escuto \u00a0essas \u201cm\u00fasicas da moda\u201d, emitidas por potentes aparelhos de som dos autom\u00f3veis dos \u201cfregueses\u201d do pessoal da \u201clavagem de carro\u201d. Algo que me remete \u00a0ao estrondoso\" data-image=\"http:\/\/www.blogdopilako.com.br\/wp\/wp-content\/uploads\/2021\/07\/e63fd504-8a6c-41eb-be9c-a8251489bd91-1.jpg\" data-button=\"none\">\n\t\t\t\t\t<img src=\"\/\/www.linksalpha.com\/images\/social_share_button.png\" alt=\"Share\" class=\"linksalpha_image\" \/>\n\t\t\t\t\t<\/a><script type=\"text\/javascript\" src=\"\/\/www.linksalpha.com\/scripts\/loader_iconbox.js?v=2.4\"><\/script><\/span><\/div>","protected":false},"excerpt":{"rendered":"\n\t\t\t\t<div class=\"mr_social_sharing_wrapper\">\n\t\t\t\t<!-- Social Sharing Toolkit v2.2 --><span class=\"mr_social_sharing_top\"><span style=\"display: inline-block; width: 55px; height: 62px; overflow: hidden;\"><div class=\"fb-like\" data-href=\"http:\/\/www.blogdopilako.com.br\/wp\/2021\/07\/21\/manoel-trompetista-musica-na-praca\/\" data-send=\"false\" data-layout=\"box_count\" data-width=\"55\" data-show-faces=\"false\"><\/div><\/span><\/span><span class=\"mr_social_sharing_top\"><fb:share-button type=\"box_count\" href=\"http:\/\/www.blogdopilako.com.br\/wp\/2021\/07\/21\/manoel-trompetista-musica-na-praca\/\"><\/fb:share-button><\/span><span class=\"mr_social_sharing\"><a rel=\"nofollow\" class=\"linksalpha_button linksalpha_link\" href=\"\/\/www.linksalpha.com\/social\/mobile\" data-url=\"http:\/\/www.blogdopilako.com.br\/wp\/2021\/07\/21\/manoel-trompetista-musica-na-praca\/\" data-text=\"Manoel Trompetista: m\u00fasica na pra\u00e7a\u2026..\" data-desc=\"Vez por outra, da reda\u00e7\u00e3o do blog, situada \u00e0 Pra\u00e7a Le\u00e3o Coroado \u2013 ponto fixo de lavagem de carro \u2013 escuto \u00a0essas \u201cm\u00fasicas da moda\u201d, emitidas por potentes aparelhos de som dos autom\u00f3veis dos \u201cfregueses\u201d do pessoal da \u201clavagem de carro\u201d. Algo que me remete \u00a0ao estrondoso\" data-image=\"\" data-button=\"none\">\n\t\t\t\t\t<img src=\"\/\/www.linksalpha.com\/images\/social_share_button.png\" alt=\"Share\" class=\"linksalpha_image\" \/>\n\t\t\t\t\t<\/a><script type=\"text\/javascript\" src=\"\/\/www.linksalpha.com\/scripts\/loader_iconbox.js?v=2.4\"><\/script><\/span><\/div><p>Vez por outra, da reda\u00e7\u00e3o do blog, situada \u00e0 Pra\u00e7a Le\u00e3o Coroado \u2013 ponto fixo de lavagem de carro \u2013 escuto \u00a0essas \u201cm\u00fasicas da moda\u201d, emitidas por potentes aparelhos de som dos autom\u00f3veis dos \u201cfregueses\u201d do pessoal da \u201clavagem de &hellip; <a href=\"http:\/\/www.blogdopilako.com.br\/wp\/2021\/07\/21\/manoel-trompetista-musica-na-praca\/\">Continue lendo <span class=\"meta-nav\">&rarr;<\/span><\/a><\/p>\n\n\t\t\t\t<div class=\"mr_social_sharing_wrapper\">\n\t\t\t\t<!-- Social Sharing Toolkit v2.2 --><span class=\"mr_social_sharing_top\"><span style=\"display: inline-block; width: 55px; height: 62px; overflow: hidden;\"><div class=\"fb-like\" data-href=\"http:\/\/www.blogdopilako.com.br\/wp\/2021\/07\/21\/manoel-trompetista-musica-na-praca\/\" data-send=\"false\" data-layout=\"box_count\" data-width=\"55\" data-show-faces=\"false\"><\/div><\/span><\/span><span class=\"mr_social_sharing_top\"><fb:share-button type=\"box_count\" href=\"http:\/\/www.blogdopilako.com.br\/wp\/2021\/07\/21\/manoel-trompetista-musica-na-praca\/\"><\/fb:share-button><\/span><span class=\"mr_social_sharing\"><a rel=\"nofollow\" class=\"linksalpha_button linksalpha_link\" href=\"\/\/www.linksalpha.com\/social\/mobile\" data-url=\"http:\/\/www.blogdopilako.com.br\/wp\/2021\/07\/21\/manoel-trompetista-musica-na-praca\/\" data-text=\"Manoel Trompetista: m\u00fasica na pra\u00e7a\u2026..\" data-desc=\"Vez por outra, da reda\u00e7\u00e3o do blog, situada \u00e0 Pra\u00e7a Le\u00e3o Coroado \u2013 ponto fixo de lavagem de carro \u2013 escuto \u00a0essas \u201cm\u00fasicas da moda\u201d, emitidas por potentes aparelhos de som dos autom\u00f3veis dos \u201cfregueses\u201d do pessoal da \u201clavagem de carro\u201d. Algo que me remete \u00a0ao estrondoso\" data-image=\"\" data-button=\"none\">\n\t\t\t\t\t<img src=\"\/\/www.linksalpha.com\/images\/social_share_button.png\" alt=\"Share\" class=\"linksalpha_image\" \/>\n\t\t\t\t\t<\/a><script type=\"text\/javascript\" src=\"\/\/www.linksalpha.com\/scripts\/loader_iconbox.js?v=2.4\"><\/script><\/span><\/div>","protected":false},"author":2,"featured_media":0,"comment_status":"open","ping_status":"open","sticky":false,"template":"","format":"standard","meta":[],"categories":[21],"tags":[],"_links":{"self":[{"href":"http:\/\/www.blogdopilako.com.br\/wp\/wp-json\/wp\/v2\/posts\/133550"}],"collection":[{"href":"http:\/\/www.blogdopilako.com.br\/wp\/wp-json\/wp\/v2\/posts"}],"about":[{"href":"http:\/\/www.blogdopilako.com.br\/wp\/wp-json\/wp\/v2\/types\/post"}],"author":[{"embeddable":true,"href":"http:\/\/www.blogdopilako.com.br\/wp\/wp-json\/wp\/v2\/users\/2"}],"replies":[{"embeddable":true,"href":"http:\/\/www.blogdopilako.com.br\/wp\/wp-json\/wp\/v2\/comments?post=133550"}],"version-history":[{"count":1,"href":"http:\/\/www.blogdopilako.com.br\/wp\/wp-json\/wp\/v2\/posts\/133550\/revisions"}],"predecessor-version":[{"id":133553,"href":"http:\/\/www.blogdopilako.com.br\/wp\/wp-json\/wp\/v2\/posts\/133550\/revisions\/133553"}],"wp:attachment":[{"href":"http:\/\/www.blogdopilako.com.br\/wp\/wp-json\/wp\/v2\/media?parent=133550"}],"wp:term":[{"taxonomy":"category","embeddable":true,"href":"http:\/\/www.blogdopilako.com.br\/wp\/wp-json\/wp\/v2\/categories?post=133550"},{"taxonomy":"post_tag","embeddable":true,"href":"http:\/\/www.blogdopilako.com.br\/wp\/wp-json\/wp\/v2\/tags?post=133550"}],"curies":[{"name":"wp","href":"https:\/\/api.w.org\/{rel}","templated":true}]}}