{"id":132269,"date":"2021-02-26T17:02:00","date_gmt":"2021-02-26T20:02:00","guid":{"rendered":"http:\/\/www.blogdopilako.com.br\/wp\/?p=132269"},"modified":"2021-02-26T19:00:06","modified_gmt":"2021-02-26T22:00:06","slug":"live-86-ao-vivo-projeto-carnaval-na-live-avaliacao-final-carnaval-2021-com-o-carnavalesco-ageu-jr-o-comunicador-caxias-e-o-historiador-lazzaro","status":"publish","type":"post","link":"http:\/\/www.blogdopilako.com.br\/wp\/2021\/02\/26\/live-86-ao-vivo-projeto-carnaval-na-live-avaliacao-final-carnaval-2021-com-o-carnavalesco-ageu-jr-o-comunicador-caxias-e-o-historiador-lazzaro\/","title":{"rendered":"LIVE 86 &#8211; AO VIVO &#8211; Projeto Carnaval na Live \u2013 \u201dAVALIA\u00c7\u00c3O FINAL \u2013 CARNAVAL 2021\u201d \u2013 com o carnavalesco Ageu Jr, o comunicador Caxias e o historiador L\u00e1zzaro."},"content":{"rendered":"\n\t\t\t\t<div class=\"mr_social_sharing_wrapper\">\n\t\t\t\t<!-- Social Sharing Toolkit v2.2 --><span class=\"mr_social_sharing_top\"><span style=\"display: inline-block; width: 55px; height: 62px; overflow: hidden;\"><div class=\"fb-like\" data-href=\"http:\/\/www.blogdopilako.com.br\/wp\/2021\/02\/26\/live-86-ao-vivo-projeto-carnaval-na-live-avaliacao-final-carnaval-2021-com-o-carnavalesco-ageu-jr-o-comunicador-caxias-e-o-historiador-lazzaro\/\" data-send=\"false\" data-layout=\"box_count\" data-width=\"55\" data-show-faces=\"false\"><\/div><\/span><\/span><span class=\"mr_social_sharing_top\"><fb:share-button type=\"box_count\" href=\"http:\/\/www.blogdopilako.com.br\/wp\/2021\/02\/26\/live-86-ao-vivo-projeto-carnaval-na-live-avaliacao-final-carnaval-2021-com-o-carnavalesco-ageu-jr-o-comunicador-caxias-e-o-historiador-lazzaro\/\"><\/fb:share-button><\/span><span class=\"mr_social_sharing\"><a rel=\"nofollow\" class=\"linksalpha_button linksalpha_link\" href=\"\/\/www.linksalpha.com\/social\/mobile\" data-url=\"http:\/\/www.blogdopilako.com.br\/wp\/2021\/02\/26\/live-86-ao-vivo-projeto-carnaval-na-live-avaliacao-final-carnaval-2021-com-o-carnavalesco-ageu-jr-o-comunicador-caxias-e-o-historiador-lazzaro\/\" data-text=\"LIVE 86 \u2013 AO VIVO \u2013 Projeto Carnaval na Live \u2013 \u201dAVALIA\u00c7\u00c3O FINAL \u2013 CARNAVAL 2021\u201d \u2013 com o carnavalesco Ageu Jr, o comunicador Caxias e o historiador L\u00e1zzaro.\" data-desc=\"Dando andamento\u00a0 ao Projeto Carnaval na Live,\u00a0 hoje, produzimos conte\u00fado no sentido de uma avalia\u00e7\u00e3o final sobre o nosso projeto, assim como de uma leitura critica um carnaval sem foli\u00f5es nas ruas.\u00a0 APOIO:\u00a0 Com o carnavalesco Ageu J\u00fanior, o comunicador Caxias J\u00fanior e o historiador\" data-image=\"http:\/\/www.blogdopilako.com.br\/wp\/wp-content\/uploads\/2021\/02\/2e1476bc-7664-467d-bc2a-ce874b555d0e-1024x577.jpg\" data-button=\"none\">\n\t\t\t\t\t<img src=\"\/\/www.linksalpha.com\/images\/social_share_button.png\" alt=\"Share\" class=\"linksalpha_image\" \/>\n\t\t\t\t\t<\/a><script type=\"text\/javascript\" src=\"\/\/www.linksalpha.com\/scripts\/loader_iconbox.js?v=2.4\"><\/script><\/span><\/div><p><a href=\"http:\/\/www.blogdopilako.com.br\/wp\/wp-content\/uploads\/2021\/02\/2e1476bc-7664-467d-bc2a-ce874b555d0e.jpg\"><img loading=\"lazy\" class=\"aligncenter size-large wp-image-132272\" src=\"http:\/\/www.blogdopilako.com.br\/wp\/wp-content\/uploads\/2021\/02\/2e1476bc-7664-467d-bc2a-ce874b555d0e-1024x577.jpg\" alt=\"\" width=\"640\" height=\"361\" srcset=\"http:\/\/www.blogdopilako.com.br\/wp\/wp-content\/uploads\/2021\/02\/2e1476bc-7664-467d-bc2a-ce874b555d0e-1024x577.jpg 1024w, http:\/\/www.blogdopilako.com.br\/wp\/wp-content\/uploads\/2021\/02\/2e1476bc-7664-467d-bc2a-ce874b555d0e-300x169.jpg 300w, http:\/\/www.blogdopilako.com.br\/wp\/wp-content\/uploads\/2021\/02\/2e1476bc-7664-467d-bc2a-ce874b555d0e-768x433.jpg 768w, http:\/\/www.blogdopilako.com.br\/wp\/wp-content\/uploads\/2021\/02\/2e1476bc-7664-467d-bc2a-ce874b555d0e.jpg 1136w\" sizes=\"(max-width: 640px) 100vw, 640px\" \/><\/a><\/p>\n<p style=\"text-align: justify;\"><strong>Dando andamento\u00a0 ao Projeto Carnaval na Live,\u00a0 hoje, produzimos conte\u00fado no sentido de uma avalia\u00e7\u00e3o final sobre o nosso projeto, assim como de uma leitura critica um carnaval sem foli\u00f5es nas ruas.\u00a0<\/strong><\/p>\n<p style=\"text-align: justify;\"><strong>APOIO:\u00a0<\/strong><\/p>\n<p><a href=\"http:\/\/www.blogdopilako.com.br\/wp\/wp-content\/uploads\/2021\/02\/download-6-8-5.jpg\"><img loading=\"lazy\" class=\"aligncenter size-full wp-image-132273\" src=\"http:\/\/www.blogdopilako.com.br\/wp\/wp-content\/uploads\/2021\/02\/download-6-8-5.jpg\" alt=\"\" width=\"178\" height=\"349\" srcset=\"http:\/\/www.blogdopilako.com.br\/wp\/wp-content\/uploads\/2021\/02\/download-6-8-5.jpg 178w, http:\/\/www.blogdopilako.com.br\/wp\/wp-content\/uploads\/2021\/02\/download-6-8-5-153x300.jpg 153w\" sizes=\"(max-width: 178px) 100vw, 178px\" \/><\/a><\/p>\n<p style=\"text-align: justify;\"><b>Com o carnavalesco Ageu J\u00fanior, o comunicador Caxias J\u00fanior e o historiador L\u00e1zzaro Santos conclu\u00edmos o nosso\u00a0 ousado e inovador projeto carnavalesco, em ano de pand\u00eamico. Produzimos, desde 0 dia 20 de janeiro at\u00e9 o dia de hoje (26\/02), 17 live(s) que contou com 52 participantes. Na perspectiva dos carnaval 2022, os participantes emitiram proje\u00e7\u00f5es e ensinamentos.\u00a0 \u00a0 \u00a0<\/b><\/p>\n<p style=\"text-align: justify;\"><strong>APOIO:<\/strong><\/p>\n<p><a href=\"http:\/\/www.blogdopilako.com.br\/wp\/wp-content\/uploads\/2021\/02\/marca-famam-21.png\"><img loading=\"lazy\" class=\"aligncenter size-large wp-image-132274\" src=\"http:\/\/www.blogdopilako.com.br\/wp\/wp-content\/uploads\/2021\/02\/marca-famam-21-1024x313.png\" alt=\"\" width=\"640\" height=\"196\" srcset=\"http:\/\/www.blogdopilako.com.br\/wp\/wp-content\/uploads\/2021\/02\/marca-famam-21-1024x313.png 1024w, http:\/\/www.blogdopilako.com.br\/wp\/wp-content\/uploads\/2021\/02\/marca-famam-21-300x92.png 300w, http:\/\/www.blogdopilako.com.br\/wp\/wp-content\/uploads\/2021\/02\/marca-famam-21-768x235.png 768w, http:\/\/www.blogdopilako.com.br\/wp\/wp-content\/uploads\/2021\/02\/marca-famam-21.png 1200w\" sizes=\"(max-width: 640px) 100vw, 640px\" \/><\/a><\/p>\n<p><a href=\"http:\/\/www.blogdopilako.com.br\/wp\/wp-content\/uploads\/2021\/02\/brand_camponesa-22.png\"><img loading=\"lazy\" class=\"aligncenter size-full wp-image-132275\" src=\"http:\/\/www.blogdopilako.com.br\/wp\/wp-content\/uploads\/2021\/02\/brand_camponesa-22.png\" alt=\"\" width=\"558\" height=\"224\" srcset=\"http:\/\/www.blogdopilako.com.br\/wp\/wp-content\/uploads\/2021\/02\/brand_camponesa-22.png 558w, http:\/\/www.blogdopilako.com.br\/wp\/wp-content\/uploads\/2021\/02\/brand_camponesa-22-300x120.png 300w\" sizes=\"(max-width: 558px) 100vw, 558px\" \/><\/a><\/p>\n<p>&nbsp;<\/p>\n<p><strong>ASSISTA A LIVE COMPLETA AQUI.\u00a0<\/strong><\/p>\n<p><iframe loading=\"lazy\" title=\"LIVE - PROJETO CARNAVAL NA LIVE - AGEU, CAXIAS E L\u00c1ZZARO.\" width=\"584\" height=\"329\" src=\"https:\/\/www.youtube.com\/embed\/Zq8YTQ7CNcM?feature=oembed\" frameborder=\"0\" allow=\"accelerometer; autoplay; clipboard-write; encrypted-media; gyroscope; picture-in-picture\" allowfullscreen><\/iframe><\/p>\n<p>&nbsp;<\/p>\n\n\t\t\t\t<div class=\"mr_social_sharing_wrapper\">\n\t\t\t\t<!-- Social Sharing Toolkit v2.2 --><span class=\"mr_social_sharing_top\"><span style=\"display: inline-block; width: 55px; height: 62px; overflow: hidden;\"><div class=\"fb-like\" data-href=\"http:\/\/www.blogdopilako.com.br\/wp\/2021\/02\/26\/live-86-ao-vivo-projeto-carnaval-na-live-avaliacao-final-carnaval-2021-com-o-carnavalesco-ageu-jr-o-comunicador-caxias-e-o-historiador-lazzaro\/\" data-send=\"false\" data-layout=\"box_count\" data-width=\"55\" data-show-faces=\"false\"><\/div><\/span><\/span><span class=\"mr_social_sharing_top\"><fb:share-button type=\"box_count\" href=\"http:\/\/www.blogdopilako.com.br\/wp\/2021\/02\/26\/live-86-ao-vivo-projeto-carnaval-na-live-avaliacao-final-carnaval-2021-com-o-carnavalesco-ageu-jr-o-comunicador-caxias-e-o-historiador-lazzaro\/\"><\/fb:share-button><\/span><span class=\"mr_social_sharing\"><a rel=\"nofollow\" class=\"linksalpha_button linksalpha_link\" href=\"\/\/www.linksalpha.com\/social\/mobile\" data-url=\"http:\/\/www.blogdopilako.com.br\/wp\/2021\/02\/26\/live-86-ao-vivo-projeto-carnaval-na-live-avaliacao-final-carnaval-2021-com-o-carnavalesco-ageu-jr-o-comunicador-caxias-e-o-historiador-lazzaro\/\" data-text=\"LIVE 86 \u2013 AO VIVO \u2013 Projeto Carnaval na Live \u2013 \u201dAVALIA\u00c7\u00c3O FINAL \u2013 CARNAVAL 2021\u201d \u2013 com o carnavalesco Ageu Jr, o comunicador Caxias e o historiador L\u00e1zzaro.\" data-desc=\"Dando andamento\u00a0 ao Projeto Carnaval na Live,\u00a0 hoje, produzimos conte\u00fado no sentido de uma avalia\u00e7\u00e3o final sobre o nosso projeto, assim como de uma leitura critica um carnaval sem foli\u00f5es nas ruas.\u00a0 APOIO:\u00a0 Com o carnavalesco Ageu J\u00fanior, o comunicador Caxias J\u00fanior e o historiador\" data-image=\"http:\/\/www.blogdopilako.com.br\/wp\/wp-content\/uploads\/2021\/02\/2e1476bc-7664-467d-bc2a-ce874b555d0e-1024x577.jpg\" data-button=\"none\">\n\t\t\t\t\t<img src=\"\/\/www.linksalpha.com\/images\/social_share_button.png\" alt=\"Share\" class=\"linksalpha_image\" \/>\n\t\t\t\t\t<\/a><script type=\"text\/javascript\" src=\"\/\/www.linksalpha.com\/scripts\/loader_iconbox.js?v=2.4\"><\/script><\/span><\/div>","protected":false},"excerpt":{"rendered":"\n\t\t\t\t<div class=\"mr_social_sharing_wrapper\">\n\t\t\t\t<!-- Social Sharing Toolkit v2.2 --><span class=\"mr_social_sharing_top\"><span style=\"display: inline-block; width: 55px; height: 62px; overflow: hidden;\"><div class=\"fb-like\" data-href=\"http:\/\/www.blogdopilako.com.br\/wp\/2021\/02\/26\/live-86-ao-vivo-projeto-carnaval-na-live-avaliacao-final-carnaval-2021-com-o-carnavalesco-ageu-jr-o-comunicador-caxias-e-o-historiador-lazzaro\/\" data-send=\"false\" data-layout=\"box_count\" data-width=\"55\" data-show-faces=\"false\"><\/div><\/span><\/span><span class=\"mr_social_sharing_top\"><fb:share-button type=\"box_count\" href=\"http:\/\/www.blogdopilako.com.br\/wp\/2021\/02\/26\/live-86-ao-vivo-projeto-carnaval-na-live-avaliacao-final-carnaval-2021-com-o-carnavalesco-ageu-jr-o-comunicador-caxias-e-o-historiador-lazzaro\/\"><\/fb:share-button><\/span><span class=\"mr_social_sharing\"><a rel=\"nofollow\" class=\"linksalpha_button linksalpha_link\" href=\"\/\/www.linksalpha.com\/social\/mobile\" data-url=\"http:\/\/www.blogdopilako.com.br\/wp\/2021\/02\/26\/live-86-ao-vivo-projeto-carnaval-na-live-avaliacao-final-carnaval-2021-com-o-carnavalesco-ageu-jr-o-comunicador-caxias-e-o-historiador-lazzaro\/\" data-text=\"LIVE 86 \u2013 AO VIVO \u2013 Projeto Carnaval na Live \u2013 \u201dAVALIA\u00c7\u00c3O FINAL \u2013 CARNAVAL 2021\u201d \u2013 com o carnavalesco Ageu Jr, o comunicador Caxias e o historiador L\u00e1zzaro.\" data-desc=\"Dando andamento\u00a0 ao Projeto Carnaval na Live,\u00a0 hoje, produzimos conte\u00fado no sentido de uma avalia\u00e7\u00e3o final sobre o nosso projeto, assim como de uma leitura critica um carnaval sem foli\u00f5es nas ruas.\u00a0 APOIO:\u00a0 Com o carnavalesco Ageu J\u00fanior, o comunicador Caxias J\u00fanior e o historiador\" data-image=\"\" data-button=\"none\">\n\t\t\t\t\t<img src=\"\/\/www.linksalpha.com\/images\/social_share_button.png\" alt=\"Share\" class=\"linksalpha_image\" \/>\n\t\t\t\t\t<\/a><script type=\"text\/javascript\" src=\"\/\/www.linksalpha.com\/scripts\/loader_iconbox.js?v=2.4\"><\/script><\/span><\/div><p>Dando andamento\u00a0 ao Projeto Carnaval na Live,\u00a0 hoje, produzimos conte\u00fado no sentido de uma avalia\u00e7\u00e3o final sobre o nosso projeto, assim como de uma leitura critica um carnaval sem foli\u00f5es nas ruas.\u00a0 APOIO:\u00a0 Com o carnavalesco Ageu J\u00fanior, o comunicador &hellip; <a href=\"http:\/\/www.blogdopilako.com.br\/wp\/2021\/02\/26\/live-86-ao-vivo-projeto-carnaval-na-live-avaliacao-final-carnaval-2021-com-o-carnavalesco-ageu-jr-o-comunicador-caxias-e-o-historiador-lazzaro\/\">Continue lendo <span class=\"meta-nav\">&rarr;<\/span><\/a><\/p>\n\n\t\t\t\t<div class=\"mr_social_sharing_wrapper\">\n\t\t\t\t<!-- Social Sharing Toolkit v2.2 --><span class=\"mr_social_sharing_top\"><span style=\"display: inline-block; width: 55px; height: 62px; overflow: hidden;\"><div class=\"fb-like\" data-href=\"http:\/\/www.blogdopilako.com.br\/wp\/2021\/02\/26\/live-86-ao-vivo-projeto-carnaval-na-live-avaliacao-final-carnaval-2021-com-o-carnavalesco-ageu-jr-o-comunicador-caxias-e-o-historiador-lazzaro\/\" data-send=\"false\" data-layout=\"box_count\" data-width=\"55\" data-show-faces=\"false\"><\/div><\/span><\/span><span class=\"mr_social_sharing_top\"><fb:share-button type=\"box_count\" href=\"http:\/\/www.blogdopilako.com.br\/wp\/2021\/02\/26\/live-86-ao-vivo-projeto-carnaval-na-live-avaliacao-final-carnaval-2021-com-o-carnavalesco-ageu-jr-o-comunicador-caxias-e-o-historiador-lazzaro\/\"><\/fb:share-button><\/span><span class=\"mr_social_sharing\"><a rel=\"nofollow\" class=\"linksalpha_button linksalpha_link\" href=\"\/\/www.linksalpha.com\/social\/mobile\" data-url=\"http:\/\/www.blogdopilako.com.br\/wp\/2021\/02\/26\/live-86-ao-vivo-projeto-carnaval-na-live-avaliacao-final-carnaval-2021-com-o-carnavalesco-ageu-jr-o-comunicador-caxias-e-o-historiador-lazzaro\/\" data-text=\"LIVE 86 \u2013 AO VIVO \u2013 Projeto Carnaval na Live \u2013 \u201dAVALIA\u00c7\u00c3O FINAL \u2013 CARNAVAL 2021\u201d \u2013 com o carnavalesco Ageu Jr, o comunicador Caxias e o historiador L\u00e1zzaro.\" data-desc=\"Dando andamento\u00a0 ao Projeto Carnaval na Live,\u00a0 hoje, produzimos conte\u00fado no sentido de uma avalia\u00e7\u00e3o final sobre o nosso projeto, assim como de uma leitura critica um carnaval sem foli\u00f5es nas ruas.\u00a0 APOIO:\u00a0 Com o carnavalesco Ageu J\u00fanior, o comunicador Caxias J\u00fanior e o historiador\" data-image=\"\" data-button=\"none\">\n\t\t\t\t\t<img src=\"\/\/www.linksalpha.com\/images\/social_share_button.png\" alt=\"Share\" class=\"linksalpha_image\" \/>\n\t\t\t\t\t<\/a><script type=\"text\/javascript\" src=\"\/\/www.linksalpha.com\/scripts\/loader_iconbox.js?v=2.4\"><\/script><\/span><\/div>","protected":false},"author":2,"featured_media":0,"comment_status":"open","ping_status":"open","sticky":false,"template":"","format":"standard","meta":[],"categories":[21],"tags":[],"_links":{"self":[{"href":"http:\/\/www.blogdopilako.com.br\/wp\/wp-json\/wp\/v2\/posts\/132269"}],"collection":[{"href":"http:\/\/www.blogdopilako.com.br\/wp\/wp-json\/wp\/v2\/posts"}],"about":[{"href":"http:\/\/www.blogdopilako.com.br\/wp\/wp-json\/wp\/v2\/types\/post"}],"author":[{"embeddable":true,"href":"http:\/\/www.blogdopilako.com.br\/wp\/wp-json\/wp\/v2\/users\/2"}],"replies":[{"embeddable":true,"href":"http:\/\/www.blogdopilako.com.br\/wp\/wp-json\/wp\/v2\/comments?post=132269"}],"version-history":[{"count":3,"href":"http:\/\/www.blogdopilako.com.br\/wp\/wp-json\/wp\/v2\/posts\/132269\/revisions"}],"predecessor-version":[{"id":132276,"href":"http:\/\/www.blogdopilako.com.br\/wp\/wp-json\/wp\/v2\/posts\/132269\/revisions\/132276"}],"wp:attachment":[{"href":"http:\/\/www.blogdopilako.com.br\/wp\/wp-json\/wp\/v2\/media?parent=132269"}],"wp:term":[{"taxonomy":"category","embeddable":true,"href":"http:\/\/www.blogdopilako.com.br\/wp\/wp-json\/wp\/v2\/categories?post=132269"},{"taxonomy":"post_tag","embeddable":true,"href":"http:\/\/www.blogdopilako.com.br\/wp\/wp-json\/wp\/v2\/tags?post=132269"}],"curies":[{"name":"wp","href":"https:\/\/api.w.org\/{rel}","templated":true}]}}