{"id":131594,"date":"2020-12-28T11:02:39","date_gmt":"2020-12-28T14:02:39","guid":{"rendered":"http:\/\/www.blogdopilako.com.br\/wp\/?p=131594"},"modified":"2020-12-28T11:18:14","modified_gmt":"2020-12-28T14:18:14","slug":"live-bate-papo-memorias-antonenses-com-o-amigo-adelson-cardoso","status":"publish","type":"post","link":"http:\/\/www.blogdopilako.com.br\/wp\/2020\/12\/28\/live-bate-papo-memorias-antonenses-com-o-amigo-adelson-cardoso\/","title":{"rendered":"LIVE bate-papo \u2013 &#8220;Mem\u00f3rias Antonenses&#8221; &#8211; com o amigo Adelson Cardoso."},"content":{"rendered":"\n\t\t\t\t<div class=\"mr_social_sharing_wrapper\">\n\t\t\t\t<!-- Social Sharing Toolkit v2.2 --><span class=\"mr_social_sharing_top\"><span style=\"display: inline-block; width: 55px; height: 62px; overflow: hidden;\"><div class=\"fb-like\" data-href=\"http:\/\/www.blogdopilako.com.br\/wp\/2020\/12\/28\/live-bate-papo-memorias-antonenses-com-o-amigo-adelson-cardoso\/\" data-send=\"false\" data-layout=\"box_count\" data-width=\"55\" data-show-faces=\"false\"><\/div><\/span><\/span><span class=\"mr_social_sharing_top\"><fb:share-button type=\"box_count\" href=\"http:\/\/www.blogdopilako.com.br\/wp\/2020\/12\/28\/live-bate-papo-memorias-antonenses-com-o-amigo-adelson-cardoso\/\"><\/fb:share-button><\/span><span class=\"mr_social_sharing\"><a rel=\"nofollow\" class=\"linksalpha_button linksalpha_link\" href=\"\/\/www.linksalpha.com\/social\/mobile\" data-url=\"http:\/\/www.blogdopilako.com.br\/wp\/2020\/12\/28\/live-bate-papo-memorias-antonenses-com-o-amigo-adelson-cardoso\/\" data-text=\"LIVE bate-papo \u2013 \u201cMem\u00f3rias Antonenses\u201d \u2013 com o amigo Adelson Cardoso.\" data-desc=\"No conjunto das\u00a0 \"LIVEs\", amanh\u00e3, ter\u00e7a-feira, 29\u00a0 de dezembro, \u00e0s 17h, estaremos produzindo mais um conte\u00fado de \"Mem\u00f3rias Antonenses\".\u00a0 Convidamos para construir conosco esse momento, o amigo, radicado em\u00a0 Bras\u00edlia,\u00a0 h\u00e1 mais de 50 anos, Adelson Cardoso . Entre outros assuntos,\" data-image=\"http:\/\/www.blogdopilako.com.br\/wp\/wp-content\/uploads\/2020\/12\/2edcc1a6-fe8d-4d2c-98c7-17e46363dd28.jpg\" data-button=\"none\">\n\t\t\t\t\t<img src=\"\/\/www.linksalpha.com\/images\/social_share_button.png\" alt=\"Share\" class=\"linksalpha_image\" \/>\n\t\t\t\t\t<\/a><script type=\"text\/javascript\" src=\"\/\/www.linksalpha.com\/scripts\/loader_iconbox.js?v=2.4\"><\/script><\/span><\/div><p><a href=\"http:\/\/www.blogdopilako.com.br\/wp\/wp-content\/uploads\/2020\/12\/2edcc1a6-fe8d-4d2c-98c7-17e46363dd28.jpg\"><img loading=\"lazy\" class=\"aligncenter size-full wp-image-131595\" src=\"http:\/\/www.blogdopilako.com.br\/wp\/wp-content\/uploads\/2020\/12\/2edcc1a6-fe8d-4d2c-98c7-17e46363dd28.jpg\" alt=\"\" width=\"640\" height=\"629\" srcset=\"http:\/\/www.blogdopilako.com.br\/wp\/wp-content\/uploads\/2020\/12\/2edcc1a6-fe8d-4d2c-98c7-17e46363dd28.jpg 640w, http:\/\/www.blogdopilako.com.br\/wp\/wp-content\/uploads\/2020\/12\/2edcc1a6-fe8d-4d2c-98c7-17e46363dd28-300x295.jpg 300w\" sizes=\"(max-width: 640px) 100vw, 640px\" \/><\/a><\/p>\n<p style=\"text-align: justify;\"><strong>No conjunto das\u00a0 &#8220;LIVEs&#8221;, amanh\u00e3, ter\u00e7a-feira, 29\u00a0 de dezembro, \u00e0s 17h, estaremos produzindo mais um conte\u00fado de &#8220;Mem\u00f3rias Antonenses&#8221;.\u00a0<\/strong><\/p>\n<p style=\"text-align: justify;\"><strong>Convidamos para construir conosco esse momento, o amigo, radicado em\u00a0 Bras\u00edlia,\u00a0 h\u00e1 mais de 50 anos, Adelson Cardoso . Entre outros assuntos, abordaremos o conte\u00fado do seu livro de mem\u00f3rias e sua vida em Vit\u00f3ria de Santo Ant\u00e3o.\u00a0\u00a0<\/strong><\/p>\n<p style=\"text-align: justify;\"><strong>Live Bate-papo \u2013 Adelson Cardoso.<\/strong><\/p>\n<p style=\"text-align: justify;\"><strong>Ter\u00e7a-feira \u2013 29\u00a0 de dezembro \u2013 \u00e0s 17h \u2013<\/strong><\/p>\n<p style=\"text-align: justify;\"><strong>Transmiss\u00e3o pelo Blog do Pilako.<\/strong><\/p>\n<p><iframe loading=\"lazy\" title=\"Blog do Pilako: LIVE - CHAMADA - ADELSON CARDOSO - ULTIMA LIVE DO ANOS - DEZEMBRO 2020.\" width=\"584\" height=\"329\" src=\"https:\/\/www.youtube.com\/embed\/o4CWmT9GUn8?feature=oembed\" frameborder=\"0\" allow=\"accelerometer; autoplay; clipboard-write; encrypted-media; gyroscope; picture-in-picture\" allowfullscreen><\/iframe><\/p>\n\n\t\t\t\t<div class=\"mr_social_sharing_wrapper\">\n\t\t\t\t<!-- Social Sharing Toolkit v2.2 --><span class=\"mr_social_sharing_top\"><span style=\"display: inline-block; width: 55px; height: 62px; overflow: hidden;\"><div class=\"fb-like\" data-href=\"http:\/\/www.blogdopilako.com.br\/wp\/2020\/12\/28\/live-bate-papo-memorias-antonenses-com-o-amigo-adelson-cardoso\/\" data-send=\"false\" data-layout=\"box_count\" data-width=\"55\" data-show-faces=\"false\"><\/div><\/span><\/span><span class=\"mr_social_sharing_top\"><fb:share-button type=\"box_count\" href=\"http:\/\/www.blogdopilako.com.br\/wp\/2020\/12\/28\/live-bate-papo-memorias-antonenses-com-o-amigo-adelson-cardoso\/\"><\/fb:share-button><\/span><span class=\"mr_social_sharing\"><a rel=\"nofollow\" class=\"linksalpha_button linksalpha_link\" href=\"\/\/www.linksalpha.com\/social\/mobile\" data-url=\"http:\/\/www.blogdopilako.com.br\/wp\/2020\/12\/28\/live-bate-papo-memorias-antonenses-com-o-amigo-adelson-cardoso\/\" data-text=\"LIVE bate-papo \u2013 \u201cMem\u00f3rias Antonenses\u201d \u2013 com o amigo Adelson Cardoso.\" data-desc=\"No conjunto das\u00a0 \"LIVEs\", amanh\u00e3, ter\u00e7a-feira, 29\u00a0 de dezembro, \u00e0s 17h, estaremos produzindo mais um conte\u00fado de \"Mem\u00f3rias Antonenses\".\u00a0 Convidamos para construir conosco esse momento, o amigo, radicado em\u00a0 Bras\u00edlia,\u00a0 h\u00e1 mais de 50 anos, Adelson Cardoso . Entre outros assuntos,\" data-image=\"http:\/\/www.blogdopilako.com.br\/wp\/wp-content\/uploads\/2020\/12\/2edcc1a6-fe8d-4d2c-98c7-17e46363dd28.jpg\" data-button=\"none\">\n\t\t\t\t\t<img src=\"\/\/www.linksalpha.com\/images\/social_share_button.png\" alt=\"Share\" class=\"linksalpha_image\" \/>\n\t\t\t\t\t<\/a><script type=\"text\/javascript\" src=\"\/\/www.linksalpha.com\/scripts\/loader_iconbox.js?v=2.4\"><\/script><\/span><\/div>","protected":false},"excerpt":{"rendered":"\n\t\t\t\t<div class=\"mr_social_sharing_wrapper\">\n\t\t\t\t<!-- Social Sharing Toolkit v2.2 --><span class=\"mr_social_sharing_top\"><span style=\"display: inline-block; width: 55px; height: 62px; overflow: hidden;\"><div class=\"fb-like\" data-href=\"http:\/\/www.blogdopilako.com.br\/wp\/2020\/12\/28\/live-bate-papo-memorias-antonenses-com-o-amigo-adelson-cardoso\/\" data-send=\"false\" data-layout=\"box_count\" data-width=\"55\" data-show-faces=\"false\"><\/div><\/span><\/span><span class=\"mr_social_sharing_top\"><fb:share-button type=\"box_count\" href=\"http:\/\/www.blogdopilako.com.br\/wp\/2020\/12\/28\/live-bate-papo-memorias-antonenses-com-o-amigo-adelson-cardoso\/\"><\/fb:share-button><\/span><span class=\"mr_social_sharing\"><a rel=\"nofollow\" class=\"linksalpha_button linksalpha_link\" href=\"\/\/www.linksalpha.com\/social\/mobile\" data-url=\"http:\/\/www.blogdopilako.com.br\/wp\/2020\/12\/28\/live-bate-papo-memorias-antonenses-com-o-amigo-adelson-cardoso\/\" data-text=\"LIVE bate-papo \u2013 \u201cMem\u00f3rias Antonenses\u201d \u2013 com o amigo Adelson Cardoso.\" data-desc=\"No conjunto das\u00a0 \"LIVEs\", amanh\u00e3, ter\u00e7a-feira, 29\u00a0 de dezembro, \u00e0s 17h, estaremos produzindo mais um conte\u00fado de \"Mem\u00f3rias Antonenses\".\u00a0 Convidamos para construir conosco esse momento, o amigo, radicado em\u00a0 Bras\u00edlia,\u00a0 h\u00e1 mais de 50 anos, Adelson Cardoso . Entre outros assuntos,\" data-image=\"\" data-button=\"none\">\n\t\t\t\t\t<img src=\"\/\/www.linksalpha.com\/images\/social_share_button.png\" alt=\"Share\" class=\"linksalpha_image\" \/>\n\t\t\t\t\t<\/a><script type=\"text\/javascript\" src=\"\/\/www.linksalpha.com\/scripts\/loader_iconbox.js?v=2.4\"><\/script><\/span><\/div><p>No conjunto das\u00a0 &#8220;LIVEs&#8221;, amanh\u00e3, ter\u00e7a-feira, 29\u00a0 de dezembro, \u00e0s 17h, estaremos produzindo mais um conte\u00fado de &#8220;Mem\u00f3rias Antonenses&#8221;.\u00a0 Convidamos para construir conosco esse momento, o amigo, radicado em\u00a0 Bras\u00edlia,\u00a0 h\u00e1 mais de 50 anos, Adelson Cardoso . Entre outros &hellip; <a href=\"http:\/\/www.blogdopilako.com.br\/wp\/2020\/12\/28\/live-bate-papo-memorias-antonenses-com-o-amigo-adelson-cardoso\/\">Continue lendo <span class=\"meta-nav\">&rarr;<\/span><\/a><\/p>\n\n\t\t\t\t<div class=\"mr_social_sharing_wrapper\">\n\t\t\t\t<!-- Social Sharing Toolkit v2.2 --><span class=\"mr_social_sharing_top\"><span style=\"display: inline-block; width: 55px; height: 62px; overflow: hidden;\"><div class=\"fb-like\" data-href=\"http:\/\/www.blogdopilako.com.br\/wp\/2020\/12\/28\/live-bate-papo-memorias-antonenses-com-o-amigo-adelson-cardoso\/\" data-send=\"false\" data-layout=\"box_count\" data-width=\"55\" data-show-faces=\"false\"><\/div><\/span><\/span><span class=\"mr_social_sharing_top\"><fb:share-button type=\"box_count\" href=\"http:\/\/www.blogdopilako.com.br\/wp\/2020\/12\/28\/live-bate-papo-memorias-antonenses-com-o-amigo-adelson-cardoso\/\"><\/fb:share-button><\/span><span class=\"mr_social_sharing\"><a rel=\"nofollow\" class=\"linksalpha_button linksalpha_link\" href=\"\/\/www.linksalpha.com\/social\/mobile\" data-url=\"http:\/\/www.blogdopilako.com.br\/wp\/2020\/12\/28\/live-bate-papo-memorias-antonenses-com-o-amigo-adelson-cardoso\/\" data-text=\"LIVE bate-papo \u2013 \u201cMem\u00f3rias Antonenses\u201d \u2013 com o amigo Adelson Cardoso.\" data-desc=\"No conjunto das\u00a0 \"LIVEs\", amanh\u00e3, ter\u00e7a-feira, 29\u00a0 de dezembro, \u00e0s 17h, estaremos produzindo mais um conte\u00fado de \"Mem\u00f3rias Antonenses\".\u00a0 Convidamos para construir conosco esse momento, o amigo, radicado em\u00a0 Bras\u00edlia,\u00a0 h\u00e1 mais de 50 anos, Adelson Cardoso . Entre outros assuntos,\" data-image=\"\" data-button=\"none\">\n\t\t\t\t\t<img src=\"\/\/www.linksalpha.com\/images\/social_share_button.png\" alt=\"Share\" class=\"linksalpha_image\" \/>\n\t\t\t\t\t<\/a><script type=\"text\/javascript\" src=\"\/\/www.linksalpha.com\/scripts\/loader_iconbox.js?v=2.4\"><\/script><\/span><\/div>","protected":false},"author":2,"featured_media":0,"comment_status":"open","ping_status":"open","sticky":false,"template":"","format":"standard","meta":[],"categories":[21],"tags":[],"_links":{"self":[{"href":"http:\/\/www.blogdopilako.com.br\/wp\/wp-json\/wp\/v2\/posts\/131594"}],"collection":[{"href":"http:\/\/www.blogdopilako.com.br\/wp\/wp-json\/wp\/v2\/posts"}],"about":[{"href":"http:\/\/www.blogdopilako.com.br\/wp\/wp-json\/wp\/v2\/types\/post"}],"author":[{"embeddable":true,"href":"http:\/\/www.blogdopilako.com.br\/wp\/wp-json\/wp\/v2\/users\/2"}],"replies":[{"embeddable":true,"href":"http:\/\/www.blogdopilako.com.br\/wp\/wp-json\/wp\/v2\/comments?post=131594"}],"version-history":[{"count":3,"href":"http:\/\/www.blogdopilako.com.br\/wp\/wp-json\/wp\/v2\/posts\/131594\/revisions"}],"predecessor-version":[{"id":131598,"href":"http:\/\/www.blogdopilako.com.br\/wp\/wp-json\/wp\/v2\/posts\/131594\/revisions\/131598"}],"wp:attachment":[{"href":"http:\/\/www.blogdopilako.com.br\/wp\/wp-json\/wp\/v2\/media?parent=131594"}],"wp:term":[{"taxonomy":"category","embeddable":true,"href":"http:\/\/www.blogdopilako.com.br\/wp\/wp-json\/wp\/v2\/categories?post=131594"},{"taxonomy":"post_tag","embeddable":true,"href":"http:\/\/www.blogdopilako.com.br\/wp\/wp-json\/wp\/v2\/tags?post=131594"}],"curies":[{"name":"wp","href":"https:\/\/api.w.org\/{rel}","templated":true}]}}