{"id":130455,"date":"2020-10-09T15:38:08","date_gmt":"2020-10-09T18:38:08","guid":{"rendered":"http:\/\/www.blogdopilako.com.br\/wp\/?p=130455"},"modified":"2020-10-09T15:48:30","modified_gmt":"2020-10-09T18:48:30","slug":"moacir-da-mandioca-sai-na-frente","status":"publish","type":"post","link":"http:\/\/www.blogdopilako.com.br\/wp\/2020\/10\/09\/moacir-da-mandioca-sai-na-frente\/","title":{"rendered":"MOACIR DA MANDIOCA SAI NA FRENTE!!!"},"content":{"rendered":"\n\t\t\t\t<div class=\"mr_social_sharing_wrapper\">\n\t\t\t\t<!-- Social Sharing Toolkit v2.2 --><span class=\"mr_social_sharing_top\"><span style=\"display: inline-block; width: 55px; height: 62px; overflow: hidden;\"><div class=\"fb-like\" data-href=\"http:\/\/www.blogdopilako.com.br\/wp\/2020\/10\/09\/moacir-da-mandioca-sai-na-frente\/\" data-send=\"false\" data-layout=\"box_count\" data-width=\"55\" data-show-faces=\"false\"><\/div><\/span><\/span><span class=\"mr_social_sharing_top\"><fb:share-button type=\"box_count\" href=\"http:\/\/www.blogdopilako.com.br\/wp\/2020\/10\/09\/moacir-da-mandioca-sai-na-frente\/\"><\/fb:share-button><\/span><span class=\"mr_social_sharing\"><a rel=\"nofollow\" class=\"linksalpha_button linksalpha_link\" href=\"\/\/www.linksalpha.com\/social\/mobile\" data-url=\"http:\/\/www.blogdopilako.com.br\/wp\/2020\/10\/09\/moacir-da-mandioca-sai-na-frente\/\" data-text=\"MOACIR DA MANDIOCA SAI NA FRENTE!!!\" data-desc=\"A primeira chapa a fazer contato, no que se refere \u00e0 confirma\u00e7\u00e3o da LIVE\/entrevistas \u00a0do Blog do Pilako com os candidatos a prefeito e vice da Vit\u00f3ria de Santo Ant\u00e3o \u2013 Elei\u00e7\u00f5es 2020 \u2013,\u00a0 foi a do PTC (36) -\u00a0 formada por Moacir da Mandioca e Doutor Gil. Em v\u00eddeo gravado exclusivamente\" data-image=\"http:\/\/www.blogdopilako.com.br\/wp\/wp-content\/uploads\/2020\/10\/99e4b235-d02e-4e65-8dca-8e9349a4252f.jpg\" data-button=\"none\">\n\t\t\t\t\t<img src=\"\/\/www.linksalpha.com\/images\/social_share_button.png\" alt=\"Share\" class=\"linksalpha_image\" \/>\n\t\t\t\t\t<\/a><script type=\"text\/javascript\" src=\"\/\/www.linksalpha.com\/scripts\/loader_iconbox.js?v=2.4\"><\/script><\/span><\/div><p><img loading=\"lazy\" class=\"aligncenter wp-image-130456 size-full\" src=\"http:\/\/www.blogdopilako.com.br\/wp\/wp-content\/uploads\/2020\/10\/99e4b235-d02e-4e65-8dca-8e9349a4252f.jpg\" alt=\"\" width=\"590\" height=\"806\" srcset=\"http:\/\/www.blogdopilako.com.br\/wp\/wp-content\/uploads\/2020\/10\/99e4b235-d02e-4e65-8dca-8e9349a4252f.jpg 590w, http:\/\/www.blogdopilako.com.br\/wp\/wp-content\/uploads\/2020\/10\/99e4b235-d02e-4e65-8dca-8e9349a4252f-220x300.jpg 220w\" sizes=\"(max-width: 590px) 100vw, 590px\" \/><\/p>\n<p style=\"text-align: justify;\">A primeira chapa a fazer contato, no que se refere \u00e0 confirma\u00e7\u00e3o da LIVE\/entrevistas \u00a0do Blog do Pilako com os candidatos a prefeito e vice da Vit\u00f3ria de Santo Ant\u00e3o \u2013 Elei\u00e7\u00f5es 2020 \u2013,\u00a0 foi a do PTC (36) &#8211;\u00a0 formada por <strong>Moacir da Mandioca e Doutor Gil.<\/strong><\/p>\n<p style=\"text-align: justify;\">Em v\u00eddeo gravado exclusivamente para o blog, al\u00e9m de enaltecer e parabenizar o Blog do Pilako pela iniciativa, o candidato a prefeito, Moacir da Mandioca, <strong>confirmou a presen\u00e7a da chapa<\/strong>. Veja o v\u00eddeo.<\/p>\n<p><iframe loading=\"lazy\" title=\"Blog do Pilako: VIT\u00d3RIA DE SANTO ANT\u00c3O - CONFIRMA\u00c7\u00c3O LIVE\/ENTREVISTAS - MOACIR DA MANDIOCA\" width=\"584\" height=\"438\" src=\"https:\/\/www.youtube.com\/embed\/p0ib1zEZC8w?feature=oembed\" frameborder=\"0\" allow=\"accelerometer; autoplay; clipboard-write; encrypted-media; gyroscope; picture-in-picture\" allowfullscreen><\/iframe><\/p>\n\n\t\t\t\t<div class=\"mr_social_sharing_wrapper\">\n\t\t\t\t<!-- Social Sharing Toolkit v2.2 --><span class=\"mr_social_sharing_top\"><span style=\"display: inline-block; width: 55px; height: 62px; overflow: hidden;\"><div class=\"fb-like\" data-href=\"http:\/\/www.blogdopilako.com.br\/wp\/2020\/10\/09\/moacir-da-mandioca-sai-na-frente\/\" data-send=\"false\" data-layout=\"box_count\" data-width=\"55\" data-show-faces=\"false\"><\/div><\/span><\/span><span class=\"mr_social_sharing_top\"><fb:share-button type=\"box_count\" href=\"http:\/\/www.blogdopilako.com.br\/wp\/2020\/10\/09\/moacir-da-mandioca-sai-na-frente\/\"><\/fb:share-button><\/span><span class=\"mr_social_sharing\"><a rel=\"nofollow\" class=\"linksalpha_button linksalpha_link\" href=\"\/\/www.linksalpha.com\/social\/mobile\" data-url=\"http:\/\/www.blogdopilako.com.br\/wp\/2020\/10\/09\/moacir-da-mandioca-sai-na-frente\/\" data-text=\"MOACIR DA MANDIOCA SAI NA FRENTE!!!\" data-desc=\"A primeira chapa a fazer contato, no que se refere \u00e0 confirma\u00e7\u00e3o da LIVE\/entrevistas \u00a0do Blog do Pilako com os candidatos a prefeito e vice da Vit\u00f3ria de Santo Ant\u00e3o \u2013 Elei\u00e7\u00f5es 2020 \u2013,\u00a0 foi a do PTC (36) -\u00a0 formada por Moacir da Mandioca e Doutor Gil. Em v\u00eddeo gravado exclusivamente\" data-image=\"http:\/\/www.blogdopilako.com.br\/wp\/wp-content\/uploads\/2020\/10\/99e4b235-d02e-4e65-8dca-8e9349a4252f.jpg\" data-button=\"none\">\n\t\t\t\t\t<img src=\"\/\/www.linksalpha.com\/images\/social_share_button.png\" alt=\"Share\" class=\"linksalpha_image\" \/>\n\t\t\t\t\t<\/a><script type=\"text\/javascript\" src=\"\/\/www.linksalpha.com\/scripts\/loader_iconbox.js?v=2.4\"><\/script><\/span><\/div>","protected":false},"excerpt":{"rendered":"\n\t\t\t\t<div class=\"mr_social_sharing_wrapper\">\n\t\t\t\t<!-- Social Sharing Toolkit v2.2 --><span class=\"mr_social_sharing_top\"><span style=\"display: inline-block; width: 55px; height: 62px; overflow: hidden;\"><div class=\"fb-like\" data-href=\"http:\/\/www.blogdopilako.com.br\/wp\/2020\/10\/09\/moacir-da-mandioca-sai-na-frente\/\" data-send=\"false\" data-layout=\"box_count\" data-width=\"55\" data-show-faces=\"false\"><\/div><\/span><\/span><span class=\"mr_social_sharing_top\"><fb:share-button type=\"box_count\" href=\"http:\/\/www.blogdopilako.com.br\/wp\/2020\/10\/09\/moacir-da-mandioca-sai-na-frente\/\"><\/fb:share-button><\/span><span class=\"mr_social_sharing\"><a rel=\"nofollow\" class=\"linksalpha_button linksalpha_link\" href=\"\/\/www.linksalpha.com\/social\/mobile\" data-url=\"http:\/\/www.blogdopilako.com.br\/wp\/2020\/10\/09\/moacir-da-mandioca-sai-na-frente\/\" data-text=\"MOACIR DA MANDIOCA SAI NA FRENTE!!!\" data-desc=\"A primeira chapa a fazer contato, no que se refere \u00e0 confirma\u00e7\u00e3o da LIVE\/entrevistas \u00a0do Blog do Pilako com os candidatos a prefeito e vice da Vit\u00f3ria de Santo Ant\u00e3o \u2013 Elei\u00e7\u00f5es 2020 \u2013,\u00a0 foi a do PTC (36) -\u00a0 formada por Moacir da Mandioca e Doutor Gil. Em v\u00eddeo gravado exclusivamente\" data-image=\"\" data-button=\"none\">\n\t\t\t\t\t<img src=\"\/\/www.linksalpha.com\/images\/social_share_button.png\" alt=\"Share\" class=\"linksalpha_image\" \/>\n\t\t\t\t\t<\/a><script type=\"text\/javascript\" src=\"\/\/www.linksalpha.com\/scripts\/loader_iconbox.js?v=2.4\"><\/script><\/span><\/div><p>A primeira chapa a fazer contato, no que se refere \u00e0 confirma\u00e7\u00e3o da LIVE\/entrevistas \u00a0do Blog do Pilako com os candidatos a prefeito e vice da Vit\u00f3ria de Santo Ant\u00e3o \u2013 Elei\u00e7\u00f5es 2020 \u2013,\u00a0 foi a do PTC (36) &#8211;\u00a0 &hellip; <a href=\"http:\/\/www.blogdopilako.com.br\/wp\/2020\/10\/09\/moacir-da-mandioca-sai-na-frente\/\">Continue lendo <span class=\"meta-nav\">&rarr;<\/span><\/a><\/p>\n\n\t\t\t\t<div class=\"mr_social_sharing_wrapper\">\n\t\t\t\t<!-- Social Sharing Toolkit v2.2 --><span class=\"mr_social_sharing_top\"><span style=\"display: inline-block; width: 55px; height: 62px; overflow: hidden;\"><div class=\"fb-like\" data-href=\"http:\/\/www.blogdopilako.com.br\/wp\/2020\/10\/09\/moacir-da-mandioca-sai-na-frente\/\" data-send=\"false\" data-layout=\"box_count\" data-width=\"55\" data-show-faces=\"false\"><\/div><\/span><\/span><span class=\"mr_social_sharing_top\"><fb:share-button type=\"box_count\" href=\"http:\/\/www.blogdopilako.com.br\/wp\/2020\/10\/09\/moacir-da-mandioca-sai-na-frente\/\"><\/fb:share-button><\/span><span class=\"mr_social_sharing\"><a rel=\"nofollow\" class=\"linksalpha_button linksalpha_link\" href=\"\/\/www.linksalpha.com\/social\/mobile\" data-url=\"http:\/\/www.blogdopilako.com.br\/wp\/2020\/10\/09\/moacir-da-mandioca-sai-na-frente\/\" data-text=\"MOACIR DA MANDIOCA SAI NA FRENTE!!!\" data-desc=\"A primeira chapa a fazer contato, no que se refere \u00e0 confirma\u00e7\u00e3o da LIVE\/entrevistas \u00a0do Blog do Pilako com os candidatos a prefeito e vice da Vit\u00f3ria de Santo Ant\u00e3o \u2013 Elei\u00e7\u00f5es 2020 \u2013,\u00a0 foi a do PTC (36) -\u00a0 formada por Moacir da Mandioca e Doutor Gil. Em v\u00eddeo gravado exclusivamente\" data-image=\"\" data-button=\"none\">\n\t\t\t\t\t<img src=\"\/\/www.linksalpha.com\/images\/social_share_button.png\" alt=\"Share\" class=\"linksalpha_image\" \/>\n\t\t\t\t\t<\/a><script type=\"text\/javascript\" src=\"\/\/www.linksalpha.com\/scripts\/loader_iconbox.js?v=2.4\"><\/script><\/span><\/div>","protected":false},"author":2,"featured_media":0,"comment_status":"open","ping_status":"open","sticky":false,"template":"","format":"standard","meta":[],"categories":[21],"tags":[],"_links":{"self":[{"href":"http:\/\/www.blogdopilako.com.br\/wp\/wp-json\/wp\/v2\/posts\/130455"}],"collection":[{"href":"http:\/\/www.blogdopilako.com.br\/wp\/wp-json\/wp\/v2\/posts"}],"about":[{"href":"http:\/\/www.blogdopilako.com.br\/wp\/wp-json\/wp\/v2\/types\/post"}],"author":[{"embeddable":true,"href":"http:\/\/www.blogdopilako.com.br\/wp\/wp-json\/wp\/v2\/users\/2"}],"replies":[{"embeddable":true,"href":"http:\/\/www.blogdopilako.com.br\/wp\/wp-json\/wp\/v2\/comments?post=130455"}],"version-history":[{"count":2,"href":"http:\/\/www.blogdopilako.com.br\/wp\/wp-json\/wp\/v2\/posts\/130455\/revisions"}],"predecessor-version":[{"id":130458,"href":"http:\/\/www.blogdopilako.com.br\/wp\/wp-json\/wp\/v2\/posts\/130455\/revisions\/130458"}],"wp:attachment":[{"href":"http:\/\/www.blogdopilako.com.br\/wp\/wp-json\/wp\/v2\/media?parent=130455"}],"wp:term":[{"taxonomy":"category","embeddable":true,"href":"http:\/\/www.blogdopilako.com.br\/wp\/wp-json\/wp\/v2\/categories?post=130455"},{"taxonomy":"post_tag","embeddable":true,"href":"http:\/\/www.blogdopilako.com.br\/wp\/wp-json\/wp\/v2\/tags?post=130455"}],"curies":[{"name":"wp","href":"https:\/\/api.w.org\/{rel}","templated":true}]}}