{"id":130401,"date":"2020-10-03T12:32:45","date_gmt":"2020-10-03T15:32:45","guid":{"rendered":"http:\/\/www.blogdopilako.com.br\/wp\/?p=130401"},"modified":"2020-10-03T12:35:55","modified_gmt":"2020-10-03T15:35:55","slug":"eternas-lembrancas-do-militante-politico-dodo-carvalho","status":"publish","type":"post","link":"http:\/\/www.blogdopilako.com.br\/wp\/2020\/10\/03\/eternas-lembrancas-do-militante-politico-dodo-carvalho\/","title":{"rendered":"Dod\u00f3 Carvalho: um eterno  militante pol\u00edtico&#8230;"},"content":{"rendered":"\n\t\t\t\t<div class=\"mr_social_sharing_wrapper\">\n\t\t\t\t<!-- Social Sharing Toolkit v2.2 --><span class=\"mr_social_sharing_top\"><span style=\"display: inline-block; width: 55px; height: 62px; overflow: hidden;\"><div class=\"fb-like\" data-href=\"http:\/\/www.blogdopilako.com.br\/wp\/2020\/10\/03\/eternas-lembrancas-do-militante-politico-dodo-carvalho\/\" data-send=\"false\" data-layout=\"box_count\" data-width=\"55\" data-show-faces=\"false\"><\/div><\/span><\/span><span class=\"mr_social_sharing_top\"><fb:share-button type=\"box_count\" href=\"http:\/\/www.blogdopilako.com.br\/wp\/2020\/10\/03\/eternas-lembrancas-do-militante-politico-dodo-carvalho\/\"><\/fb:share-button><\/span><span class=\"mr_social_sharing\"><a rel=\"nofollow\" class=\"linksalpha_button linksalpha_link\" href=\"\/\/www.linksalpha.com\/social\/mobile\" data-url=\"http:\/\/www.blogdopilako.com.br\/wp\/2020\/10\/03\/eternas-lembrancas-do-militante-politico-dodo-carvalho\/\" data-text=\"Dod\u00f3 Carvalho: um eterno militante pol\u00edtico\u2026\" data-desc=\"Hoje, s\u00e1bado, 03 de outubro, tomei conhecimento do falecimento do amigo Dod\u00f3 Carvalho. Para mim, seu tra\u00e7o mais forte caracterizou-se\u00a0 pela sintonia pol\u00edtica, sobretudo \u00e0 partid\u00e1ria. Esteve sempre no \u201cfront\u201d -\u00a0 armado at\u00e9 os dentes. Sua arma principal: \u00a0seus conceitos filos\u00f3ficos....\" data-image=\"http:\/\/www.blogdopilako.com.br\/wp\/wp-content\/uploads\/2020\/10\/IMG_5386-co\u0301pia-300x225.jpg\" data-button=\"none\">\n\t\t\t\t\t<img src=\"\/\/www.linksalpha.com\/images\/social_share_button.png\" alt=\"Share\" class=\"linksalpha_image\" \/>\n\t\t\t\t\t<\/a><script type=\"text\/javascript\" src=\"\/\/www.linksalpha.com\/scripts\/loader_iconbox.js?v=2.4\"><\/script><\/span><\/div><p><img loading=\"lazy\" class=\"size-medium wp-image-130402 alignleft\" src=\"http:\/\/www.blogdopilako.com.br\/wp\/wp-content\/uploads\/2020\/10\/IMG_5386-co\u0301pia-300x225.jpg\" alt=\"\" width=\"300\" height=\"225\" srcset=\"http:\/\/www.blogdopilako.com.br\/wp\/wp-content\/uploads\/2020\/10\/IMG_5386-co\u0301pia-300x225.jpg 300w, http:\/\/www.blogdopilako.com.br\/wp\/wp-content\/uploads\/2020\/10\/IMG_5386-co\u0301pia.jpg 600w\" sizes=\"(max-width: 300px) 100vw, 300px\" \/><\/p>\n<p style=\"text-align: justify;\">Hoje, s\u00e1bado, 03 de outubro, tomei conhecimento do falecimento do amigo <strong>Dod\u00f3 Carvalho<\/strong>. Para mim, seu tra\u00e7o mais forte caracterizou-se\u00a0 pela sintonia pol\u00edtica, sobretudo \u00e0 partid\u00e1ria. Esteve sempre no \u201cfront\u201d &#8211;\u00a0 armado at\u00e9 os dentes. <strong>Sua arma principal: \u00a0seus conceitos filos\u00f3ficos&#8230;.<\/strong><\/p>\n<p style=\"text-align: justify;\">Exatamente h\u00e1 quatro anos, em pleno domingo de elei\u00e7\u00e3o, \u00a0entrevistei-o no P\u00e1tio da Matriz. Fez-nos alguns elogios \u2013 enquanto membro da imprensa \u2013 e real\u00e7ou, naquela ocasi\u00e3o, o resultado do pleito, minutos antes do resultado oficial. Reveja o v\u00eddeo:<\/p>\n<p><iframe loading=\"lazy\" title=\"Blog do Pilako: VIT\u00d3RIA DE SANTO ANT\u00c3O - ELEI\u00c7\u00c3O 2016 - PROFESSOR  DODO CARVALHO\" width=\"584\" height=\"329\" src=\"https:\/\/www.youtube.com\/embed\/qi9cNH-t-KU?feature=oembed\" frameborder=\"0\" allow=\"accelerometer; autoplay; clipboard-write; encrypted-media; gyroscope; picture-in-picture\" allowfullscreen><\/iframe><\/p>\n<p style=\"text-align: justify;\">Pin\u00e7ado por mim para fazer parte da terceira publica\u00e7\u00e3o do nosso projeto<strong> \u201cApelidos Vitoriense\u201d<\/strong>, que se encontra em \u00a0fase de conclus\u00e3o para ser lan\u00e7ado em momento oportuno, \u00a0tamb\u00e9m registrei , em v\u00eddeo, a hist\u00f3ria pela qual o <strong>Severino Adroaldo de Carvalho tornou-se o \u201cProfessor Dod\u00f3\u201d\u00a0 ou mesmo \u201cDod\u00f3 Carvalho\u201d<\/strong>. Reveja o v\u00eddeo:<\/p>\n<p><iframe loading=\"lazy\" title=\"Blog do Pilako: VIT\u00d3RIA DE SANTO ANT\u00c3O - APELIDOS VITORIENSES - PROFESSOR DODO\" width=\"584\" height=\"329\" src=\"https:\/\/www.youtube.com\/embed\/xcj1JGOZvMA?feature=oembed\" frameborder=\"0\" allow=\"accelerometer; autoplay; clipboard-write; encrypted-media; gyroscope; picture-in-picture\" allowfullscreen><\/iframe><\/p>\n<p style=\"text-align: justify;\"><strong>Assim sendo, daqui, emitimos nossa solidariedade aos familiares, amigos e admiradores do eterno militante pol\u00edtico, Dod\u00f3 Carvalho.<\/strong><\/p>\n\n\t\t\t\t<div class=\"mr_social_sharing_wrapper\">\n\t\t\t\t<!-- Social Sharing Toolkit v2.2 --><span class=\"mr_social_sharing_top\"><span style=\"display: inline-block; width: 55px; height: 62px; overflow: hidden;\"><div class=\"fb-like\" data-href=\"http:\/\/www.blogdopilako.com.br\/wp\/2020\/10\/03\/eternas-lembrancas-do-militante-politico-dodo-carvalho\/\" data-send=\"false\" data-layout=\"box_count\" data-width=\"55\" data-show-faces=\"false\"><\/div><\/span><\/span><span class=\"mr_social_sharing_top\"><fb:share-button type=\"box_count\" href=\"http:\/\/www.blogdopilako.com.br\/wp\/2020\/10\/03\/eternas-lembrancas-do-militante-politico-dodo-carvalho\/\"><\/fb:share-button><\/span><span class=\"mr_social_sharing\"><a rel=\"nofollow\" class=\"linksalpha_button linksalpha_link\" href=\"\/\/www.linksalpha.com\/social\/mobile\" data-url=\"http:\/\/www.blogdopilako.com.br\/wp\/2020\/10\/03\/eternas-lembrancas-do-militante-politico-dodo-carvalho\/\" data-text=\"Dod\u00f3 Carvalho: um eterno militante pol\u00edtico\u2026\" data-desc=\"Hoje, s\u00e1bado, 03 de outubro, tomei conhecimento do falecimento do amigo Dod\u00f3 Carvalho. Para mim, seu tra\u00e7o mais forte caracterizou-se\u00a0 pela sintonia pol\u00edtica, sobretudo \u00e0 partid\u00e1ria. Esteve sempre no \u201cfront\u201d -\u00a0 armado at\u00e9 os dentes. Sua arma principal: \u00a0seus conceitos filos\u00f3ficos....\" data-image=\"http:\/\/www.blogdopilako.com.br\/wp\/wp-content\/uploads\/2020\/10\/IMG_5386-co\u0301pia-300x225.jpg\" data-button=\"none\">\n\t\t\t\t\t<img src=\"\/\/www.linksalpha.com\/images\/social_share_button.png\" alt=\"Share\" class=\"linksalpha_image\" \/>\n\t\t\t\t\t<\/a><script type=\"text\/javascript\" src=\"\/\/www.linksalpha.com\/scripts\/loader_iconbox.js?v=2.4\"><\/script><\/span><\/div>","protected":false},"excerpt":{"rendered":"\n\t\t\t\t<div class=\"mr_social_sharing_wrapper\">\n\t\t\t\t<!-- Social Sharing Toolkit v2.2 --><span class=\"mr_social_sharing_top\"><span style=\"display: inline-block; width: 55px; height: 62px; overflow: hidden;\"><div class=\"fb-like\" data-href=\"http:\/\/www.blogdopilako.com.br\/wp\/2020\/10\/03\/eternas-lembrancas-do-militante-politico-dodo-carvalho\/\" data-send=\"false\" data-layout=\"box_count\" data-width=\"55\" data-show-faces=\"false\"><\/div><\/span><\/span><span class=\"mr_social_sharing_top\"><fb:share-button type=\"box_count\" href=\"http:\/\/www.blogdopilako.com.br\/wp\/2020\/10\/03\/eternas-lembrancas-do-militante-politico-dodo-carvalho\/\"><\/fb:share-button><\/span><span class=\"mr_social_sharing\"><a rel=\"nofollow\" class=\"linksalpha_button linksalpha_link\" href=\"\/\/www.linksalpha.com\/social\/mobile\" data-url=\"http:\/\/www.blogdopilako.com.br\/wp\/2020\/10\/03\/eternas-lembrancas-do-militante-politico-dodo-carvalho\/\" data-text=\"Dod\u00f3 Carvalho: um eterno militante pol\u00edtico\u2026\" data-desc=\"Hoje, s\u00e1bado, 03 de outubro, tomei conhecimento do falecimento do amigo Dod\u00f3 Carvalho. Para mim, seu tra\u00e7o mais forte caracterizou-se\u00a0 pela sintonia pol\u00edtica, sobretudo \u00e0 partid\u00e1ria. Esteve sempre no \u201cfront\u201d -\u00a0 armado at\u00e9 os dentes. Sua arma principal: \u00a0seus conceitos filos\u00f3ficos....\" data-image=\"\" data-button=\"none\">\n\t\t\t\t\t<img src=\"\/\/www.linksalpha.com\/images\/social_share_button.png\" alt=\"Share\" class=\"linksalpha_image\" \/>\n\t\t\t\t\t<\/a><script type=\"text\/javascript\" src=\"\/\/www.linksalpha.com\/scripts\/loader_iconbox.js?v=2.4\"><\/script><\/span><\/div><p>Hoje, s\u00e1bado, 03 de outubro, tomei conhecimento do falecimento do amigo Dod\u00f3 Carvalho. Para mim, seu tra\u00e7o mais forte caracterizou-se\u00a0 pela sintonia pol\u00edtica, sobretudo \u00e0 partid\u00e1ria. Esteve sempre no \u201cfront\u201d &#8211;\u00a0 armado at\u00e9 os dentes. Sua arma principal: \u00a0seus conceitos &hellip; <a href=\"http:\/\/www.blogdopilako.com.br\/wp\/2020\/10\/03\/eternas-lembrancas-do-militante-politico-dodo-carvalho\/\">Continue lendo <span class=\"meta-nav\">&rarr;<\/span><\/a><\/p>\n\n\t\t\t\t<div class=\"mr_social_sharing_wrapper\">\n\t\t\t\t<!-- Social Sharing Toolkit v2.2 --><span class=\"mr_social_sharing_top\"><span style=\"display: inline-block; width: 55px; height: 62px; overflow: hidden;\"><div class=\"fb-like\" data-href=\"http:\/\/www.blogdopilako.com.br\/wp\/2020\/10\/03\/eternas-lembrancas-do-militante-politico-dodo-carvalho\/\" data-send=\"false\" data-layout=\"box_count\" data-width=\"55\" data-show-faces=\"false\"><\/div><\/span><\/span><span class=\"mr_social_sharing_top\"><fb:share-button type=\"box_count\" href=\"http:\/\/www.blogdopilako.com.br\/wp\/2020\/10\/03\/eternas-lembrancas-do-militante-politico-dodo-carvalho\/\"><\/fb:share-button><\/span><span class=\"mr_social_sharing\"><a rel=\"nofollow\" class=\"linksalpha_button linksalpha_link\" href=\"\/\/www.linksalpha.com\/social\/mobile\" data-url=\"http:\/\/www.blogdopilako.com.br\/wp\/2020\/10\/03\/eternas-lembrancas-do-militante-politico-dodo-carvalho\/\" data-text=\"Dod\u00f3 Carvalho: um eterno militante pol\u00edtico\u2026\" data-desc=\"Hoje, s\u00e1bado, 03 de outubro, tomei conhecimento do falecimento do amigo Dod\u00f3 Carvalho. Para mim, seu tra\u00e7o mais forte caracterizou-se\u00a0 pela sintonia pol\u00edtica, sobretudo \u00e0 partid\u00e1ria. Esteve sempre no \u201cfront\u201d -\u00a0 armado at\u00e9 os dentes. Sua arma principal: \u00a0seus conceitos filos\u00f3ficos....\" data-image=\"\" data-button=\"none\">\n\t\t\t\t\t<img src=\"\/\/www.linksalpha.com\/images\/social_share_button.png\" alt=\"Share\" class=\"linksalpha_image\" \/>\n\t\t\t\t\t<\/a><script type=\"text\/javascript\" src=\"\/\/www.linksalpha.com\/scripts\/loader_iconbox.js?v=2.4\"><\/script><\/span><\/div>","protected":false},"author":2,"featured_media":0,"comment_status":"open","ping_status":"open","sticky":false,"template":"","format":"standard","meta":[],"categories":[21],"tags":[],"_links":{"self":[{"href":"http:\/\/www.blogdopilako.com.br\/wp\/wp-json\/wp\/v2\/posts\/130401"}],"collection":[{"href":"http:\/\/www.blogdopilako.com.br\/wp\/wp-json\/wp\/v2\/posts"}],"about":[{"href":"http:\/\/www.blogdopilako.com.br\/wp\/wp-json\/wp\/v2\/types\/post"}],"author":[{"embeddable":true,"href":"http:\/\/www.blogdopilako.com.br\/wp\/wp-json\/wp\/v2\/users\/2"}],"replies":[{"embeddable":true,"href":"http:\/\/www.blogdopilako.com.br\/wp\/wp-json\/wp\/v2\/comments?post=130401"}],"version-history":[{"count":4,"href":"http:\/\/www.blogdopilako.com.br\/wp\/wp-json\/wp\/v2\/posts\/130401\/revisions"}],"predecessor-version":[{"id":130406,"href":"http:\/\/www.blogdopilako.com.br\/wp\/wp-json\/wp\/v2\/posts\/130401\/revisions\/130406"}],"wp:attachment":[{"href":"http:\/\/www.blogdopilako.com.br\/wp\/wp-json\/wp\/v2\/media?parent=130401"}],"wp:term":[{"taxonomy":"category","embeddable":true,"href":"http:\/\/www.blogdopilako.com.br\/wp\/wp-json\/wp\/v2\/categories?post=130401"},{"taxonomy":"post_tag","embeddable":true,"href":"http:\/\/www.blogdopilako.com.br\/wp\/wp-json\/wp\/v2\/tags?post=130401"}],"curies":[{"name":"wp","href":"https:\/\/api.w.org\/{rel}","templated":true}]}}