{"id":130396,"date":"2020-10-02T16:57:52","date_gmt":"2020-10-02T19:57:52","guid":{"rendered":"http:\/\/www.blogdopilako.com.br\/wp\/?p=130396"},"modified":"2020-10-02T18:56:46","modified_gmt":"2020-10-02T21:56:46","slug":"live-18-ao-vivo-com-o-jornalista-e-candidato-a-vereador-cristiano-bassan","status":"publish","type":"post","link":"http:\/\/www.blogdopilako.com.br\/wp\/2020\/10\/02\/live-18-ao-vivo-com-o-jornalista-e-candidato-a-vereador-cristiano-bassan\/","title":{"rendered":"LIVE 18 \u2013 AO VIVO \u2013 com o jornalista e candidato a vereador Cristiano Bassan."},"content":{"rendered":"\n\t\t\t\t<div class=\"mr_social_sharing_wrapper\">\n\t\t\t\t<!-- Social Sharing Toolkit v2.2 --><span class=\"mr_social_sharing_top\"><span style=\"display: inline-block; width: 55px; height: 62px; overflow: hidden;\"><div class=\"fb-like\" data-href=\"http:\/\/www.blogdopilako.com.br\/wp\/2020\/10\/02\/live-18-ao-vivo-com-o-jornalista-e-candidato-a-vereador-cristiano-bassan\/\" data-send=\"false\" data-layout=\"box_count\" data-width=\"55\" data-show-faces=\"false\"><\/div><\/span><\/span><span class=\"mr_social_sharing_top\"><fb:share-button type=\"box_count\" href=\"http:\/\/www.blogdopilako.com.br\/wp\/2020\/10\/02\/live-18-ao-vivo-com-o-jornalista-e-candidato-a-vereador-cristiano-bassan\/\"><\/fb:share-button><\/span><span class=\"mr_social_sharing\"><a rel=\"nofollow\" class=\"linksalpha_button linksalpha_link\" href=\"\/\/www.linksalpha.com\/social\/mobile\" data-url=\"http:\/\/www.blogdopilako.com.br\/wp\/2020\/10\/02\/live-18-ao-vivo-com-o-jornalista-e-candidato-a-vereador-cristiano-bassan\/\" data-text=\"LIVE 18 \u2013 AO VIVO \u2013 com o jornalista e candidato a vereador Cristiano Bassan.\" data-desc=\"Na LIVE de hoje, recebemos o jornalista e candidato a vereador Cristiano Bassan. Sobre o seu cotidiano nesse momento pand\u00eamico, falou que o seu of\u00edcio de rep\u00f3rter \u201c falou mais alto\u201d, ou seja, com todos os cuidados, n\u00e3o parou de trabalhar. De origem humilde e morador do bairro de Reden\u00e7\u00e3o,\" data-image=\"http:\/\/www.blogdopilako.com.br\/wp\/wp-content\/uploads\/2020\/10\/04e2bcc9-790a-4801-8344-adc791cc0e28-1024x577.jpg\" data-button=\"none\">\n\t\t\t\t\t<img src=\"\/\/www.linksalpha.com\/images\/social_share_button.png\" alt=\"Share\" class=\"linksalpha_image\" \/>\n\t\t\t\t\t<\/a><script type=\"text\/javascript\" src=\"\/\/www.linksalpha.com\/scripts\/loader_iconbox.js?v=2.4\"><\/script><\/span><\/div><p><img loading=\"lazy\" class=\"aligncenter wp-image-130398 size-large\" src=\"http:\/\/www.blogdopilako.com.br\/wp\/wp-content\/uploads\/2020\/10\/04e2bcc9-790a-4801-8344-adc791cc0e28-1024x577.jpg\" alt=\"\" width=\"640\" height=\"361\" srcset=\"http:\/\/www.blogdopilako.com.br\/wp\/wp-content\/uploads\/2020\/10\/04e2bcc9-790a-4801-8344-adc791cc0e28-1024x577.jpg 1024w, http:\/\/www.blogdopilako.com.br\/wp\/wp-content\/uploads\/2020\/10\/04e2bcc9-790a-4801-8344-adc791cc0e28-300x169.jpg 300w, http:\/\/www.blogdopilako.com.br\/wp\/wp-content\/uploads\/2020\/10\/04e2bcc9-790a-4801-8344-adc791cc0e28-768x433.jpg 768w, http:\/\/www.blogdopilako.com.br\/wp\/wp-content\/uploads\/2020\/10\/04e2bcc9-790a-4801-8344-adc791cc0e28.jpg 1136w\" sizes=\"(max-width: 640px) 100vw, 640px\" \/><\/p>\n<p style=\"text-align: justify;\">Na LIVE de hoje, recebemos o jornalista e candidato a vereador Cristiano Bassan. Sobre o seu cotidiano nesse momento pand\u00eamico, falou que o seu of\u00edcio de rep\u00f3rter \u201c falou mais alto\u201d, ou seja, com todos os cuidados, n\u00e3o parou de trabalhar.<\/p>\n<p style=\"text-align: justify;\">De origem humilde e morador do bairro de Reden\u00e7\u00e3o, Bassan relembrou que sempre foi um guerreiro. Quando crian\u00e7a, com pouco mais de 12 anos, trabalhou vendendo picol\u00e9, passando \u201cjogo do bicho\u201d, em um frigor\u00edfico at\u00e9 se \u201cencontrar\u201d no mundo da comunica\u00e7\u00e3o sendo, hoje, jornalista formado.<\/p>\n<p style=\"text-align: justify;\">Na sua avalia\u00e7\u00e3o, a atua\u00e7\u00e3o do parlamento local \u00e9 bastante deficit\u00e1ria. Revelou, inclusive, que muitas \u00a0vezes, tem vereador que participa das reuni\u00f5es embriagado.\u00a0 Sobre a gest\u00e3o do prefeito Aglailson \u00a0Junior, sapecou uma \u201cnota 9), dizendo: \u201c mesmo a nova gest\u00e3o encontrando problemas, conseguiu realizar muitas obras\u201d.<\/p>\n<p style=\"text-align: justify;\">Sobre o projeto de se candidatar a verean\u00e7a, disse que foi consolidado depois que o atual prefeito pediu para se filiar ao PSB. Com forma\u00e7\u00e3o evang\u00e9lica, bem ambientado no mundo do futebol e com um bom tr\u00e2nsito em v\u00e1rios seguimentos da cidade, Bassan real\u00e7ou, caso seja vitorioso, ser um vereador independente e focado no di\u00e1logo com todos.<\/p>\n<p style=\"text-align: justify;\">ASSISTA A LIVE COMPLETA AQUI.<\/p>\n<p><iframe loading=\"lazy\" title=\"Blog do Pilako: LIVE 18 -  AO VIVO - COM O JORNALISTA E CANDIDATO A VEREADOR CRISTIANO BASSAN\" width=\"584\" height=\"329\" src=\"https:\/\/www.youtube.com\/embed\/Ish2-F18iVE?feature=oembed\" frameborder=\"0\" allow=\"accelerometer; autoplay; clipboard-write; encrypted-media; gyroscope; picture-in-picture\" allowfullscreen><\/iframe><\/p>\n\n\t\t\t\t<div class=\"mr_social_sharing_wrapper\">\n\t\t\t\t<!-- Social Sharing Toolkit v2.2 --><span class=\"mr_social_sharing_top\"><span style=\"display: inline-block; width: 55px; height: 62px; overflow: hidden;\"><div class=\"fb-like\" data-href=\"http:\/\/www.blogdopilako.com.br\/wp\/2020\/10\/02\/live-18-ao-vivo-com-o-jornalista-e-candidato-a-vereador-cristiano-bassan\/\" data-send=\"false\" data-layout=\"box_count\" data-width=\"55\" data-show-faces=\"false\"><\/div><\/span><\/span><span class=\"mr_social_sharing_top\"><fb:share-button type=\"box_count\" href=\"http:\/\/www.blogdopilako.com.br\/wp\/2020\/10\/02\/live-18-ao-vivo-com-o-jornalista-e-candidato-a-vereador-cristiano-bassan\/\"><\/fb:share-button><\/span><span class=\"mr_social_sharing\"><a rel=\"nofollow\" class=\"linksalpha_button linksalpha_link\" href=\"\/\/www.linksalpha.com\/social\/mobile\" data-url=\"http:\/\/www.blogdopilako.com.br\/wp\/2020\/10\/02\/live-18-ao-vivo-com-o-jornalista-e-candidato-a-vereador-cristiano-bassan\/\" data-text=\"LIVE 18 \u2013 AO VIVO \u2013 com o jornalista e candidato a vereador Cristiano Bassan.\" data-desc=\"Na LIVE de hoje, recebemos o jornalista e candidato a vereador Cristiano Bassan. Sobre o seu cotidiano nesse momento pand\u00eamico, falou que o seu of\u00edcio de rep\u00f3rter \u201c falou mais alto\u201d, ou seja, com todos os cuidados, n\u00e3o parou de trabalhar. De origem humilde e morador do bairro de Reden\u00e7\u00e3o,\" data-image=\"http:\/\/www.blogdopilako.com.br\/wp\/wp-content\/uploads\/2020\/10\/04e2bcc9-790a-4801-8344-adc791cc0e28-1024x577.jpg\" data-button=\"none\">\n\t\t\t\t\t<img src=\"\/\/www.linksalpha.com\/images\/social_share_button.png\" alt=\"Share\" class=\"linksalpha_image\" \/>\n\t\t\t\t\t<\/a><script type=\"text\/javascript\" src=\"\/\/www.linksalpha.com\/scripts\/loader_iconbox.js?v=2.4\"><\/script><\/span><\/div>","protected":false},"excerpt":{"rendered":"\n\t\t\t\t<div class=\"mr_social_sharing_wrapper\">\n\t\t\t\t<!-- Social Sharing Toolkit v2.2 --><span class=\"mr_social_sharing_top\"><span style=\"display: inline-block; width: 55px; height: 62px; overflow: hidden;\"><div class=\"fb-like\" data-href=\"http:\/\/www.blogdopilako.com.br\/wp\/2020\/10\/02\/live-18-ao-vivo-com-o-jornalista-e-candidato-a-vereador-cristiano-bassan\/\" data-send=\"false\" data-layout=\"box_count\" data-width=\"55\" data-show-faces=\"false\"><\/div><\/span><\/span><span class=\"mr_social_sharing_top\"><fb:share-button type=\"box_count\" href=\"http:\/\/www.blogdopilako.com.br\/wp\/2020\/10\/02\/live-18-ao-vivo-com-o-jornalista-e-candidato-a-vereador-cristiano-bassan\/\"><\/fb:share-button><\/span><span class=\"mr_social_sharing\"><a rel=\"nofollow\" class=\"linksalpha_button linksalpha_link\" href=\"\/\/www.linksalpha.com\/social\/mobile\" data-url=\"http:\/\/www.blogdopilako.com.br\/wp\/2020\/10\/02\/live-18-ao-vivo-com-o-jornalista-e-candidato-a-vereador-cristiano-bassan\/\" data-text=\"LIVE 18 \u2013 AO VIVO \u2013 com o jornalista e candidato a vereador Cristiano Bassan.\" data-desc=\"Na LIVE de hoje, recebemos o jornalista e candidato a vereador Cristiano Bassan. Sobre o seu cotidiano nesse momento pand\u00eamico, falou que o seu of\u00edcio de rep\u00f3rter \u201c falou mais alto\u201d, ou seja, com todos os cuidados, n\u00e3o parou de trabalhar. De origem humilde e morador do bairro de Reden\u00e7\u00e3o,\" data-image=\"\" data-button=\"none\">\n\t\t\t\t\t<img src=\"\/\/www.linksalpha.com\/images\/social_share_button.png\" alt=\"Share\" class=\"linksalpha_image\" \/>\n\t\t\t\t\t<\/a><script type=\"text\/javascript\" src=\"\/\/www.linksalpha.com\/scripts\/loader_iconbox.js?v=2.4\"><\/script><\/span><\/div><p>Na LIVE de hoje, recebemos o jornalista e candidato a vereador Cristiano Bassan. Sobre o seu cotidiano nesse momento pand\u00eamico, falou que o seu of\u00edcio de rep\u00f3rter \u201c falou mais alto\u201d, ou seja, com todos os cuidados, n\u00e3o parou de &hellip; <a href=\"http:\/\/www.blogdopilako.com.br\/wp\/2020\/10\/02\/live-18-ao-vivo-com-o-jornalista-e-candidato-a-vereador-cristiano-bassan\/\">Continue lendo <span class=\"meta-nav\">&rarr;<\/span><\/a><\/p>\n\n\t\t\t\t<div class=\"mr_social_sharing_wrapper\">\n\t\t\t\t<!-- Social Sharing Toolkit v2.2 --><span class=\"mr_social_sharing_top\"><span style=\"display: inline-block; width: 55px; height: 62px; overflow: hidden;\"><div class=\"fb-like\" data-href=\"http:\/\/www.blogdopilako.com.br\/wp\/2020\/10\/02\/live-18-ao-vivo-com-o-jornalista-e-candidato-a-vereador-cristiano-bassan\/\" data-send=\"false\" data-layout=\"box_count\" data-width=\"55\" data-show-faces=\"false\"><\/div><\/span><\/span><span class=\"mr_social_sharing_top\"><fb:share-button type=\"box_count\" href=\"http:\/\/www.blogdopilako.com.br\/wp\/2020\/10\/02\/live-18-ao-vivo-com-o-jornalista-e-candidato-a-vereador-cristiano-bassan\/\"><\/fb:share-button><\/span><span class=\"mr_social_sharing\"><a rel=\"nofollow\" class=\"linksalpha_button linksalpha_link\" href=\"\/\/www.linksalpha.com\/social\/mobile\" data-url=\"http:\/\/www.blogdopilako.com.br\/wp\/2020\/10\/02\/live-18-ao-vivo-com-o-jornalista-e-candidato-a-vereador-cristiano-bassan\/\" data-text=\"LIVE 18 \u2013 AO VIVO \u2013 com o jornalista e candidato a vereador Cristiano Bassan.\" data-desc=\"Na LIVE de hoje, recebemos o jornalista e candidato a vereador Cristiano Bassan. Sobre o seu cotidiano nesse momento pand\u00eamico, falou que o seu of\u00edcio de rep\u00f3rter \u201c falou mais alto\u201d, ou seja, com todos os cuidados, n\u00e3o parou de trabalhar. De origem humilde e morador do bairro de Reden\u00e7\u00e3o,\" data-image=\"\" data-button=\"none\">\n\t\t\t\t\t<img src=\"\/\/www.linksalpha.com\/images\/social_share_button.png\" alt=\"Share\" class=\"linksalpha_image\" \/>\n\t\t\t\t\t<\/a><script type=\"text\/javascript\" src=\"\/\/www.linksalpha.com\/scripts\/loader_iconbox.js?v=2.4\"><\/script><\/span><\/div>","protected":false},"author":2,"featured_media":0,"comment_status":"open","ping_status":"open","sticky":false,"template":"","format":"standard","meta":[],"categories":[1],"tags":[],"_links":{"self":[{"href":"http:\/\/www.blogdopilako.com.br\/wp\/wp-json\/wp\/v2\/posts\/130396"}],"collection":[{"href":"http:\/\/www.blogdopilako.com.br\/wp\/wp-json\/wp\/v2\/posts"}],"about":[{"href":"http:\/\/www.blogdopilako.com.br\/wp\/wp-json\/wp\/v2\/types\/post"}],"author":[{"embeddable":true,"href":"http:\/\/www.blogdopilako.com.br\/wp\/wp-json\/wp\/v2\/users\/2"}],"replies":[{"embeddable":true,"href":"http:\/\/www.blogdopilako.com.br\/wp\/wp-json\/wp\/v2\/comments?post=130396"}],"version-history":[{"count":3,"href":"http:\/\/www.blogdopilako.com.br\/wp\/wp-json\/wp\/v2\/posts\/130396\/revisions"}],"predecessor-version":[{"id":130400,"href":"http:\/\/www.blogdopilako.com.br\/wp\/wp-json\/wp\/v2\/posts\/130396\/revisions\/130400"}],"wp:attachment":[{"href":"http:\/\/www.blogdopilako.com.br\/wp\/wp-json\/wp\/v2\/media?parent=130396"}],"wp:term":[{"taxonomy":"category","embeddable":true,"href":"http:\/\/www.blogdopilako.com.br\/wp\/wp-json\/wp\/v2\/categories?post=130396"},{"taxonomy":"post_tag","embeddable":true,"href":"http:\/\/www.blogdopilako.com.br\/wp\/wp-json\/wp\/v2\/tags?post=130396"}],"curies":[{"name":"wp","href":"https:\/\/api.w.org\/{rel}","templated":true}]}}