{"id":130247,"date":"2020-09-18T17:00:42","date_gmt":"2020-09-18T20:00:42","guid":{"rendered":"http:\/\/www.blogdopilako.com.br\/wp\/?p=130247"},"modified":"2020-09-18T19:01:30","modified_gmt":"2020-09-18T22:01:30","slug":"live-14-ao-vivo-consultor-de-politicas-publicas-julio-de-pipia","status":"publish","type":"post","link":"http:\/\/www.blogdopilako.com.br\/wp\/2020\/09\/18\/live-14-ao-vivo-consultor-de-politicas-publicas-julio-de-pipia\/","title":{"rendered":"LIVE 14 \u2013 AO VIVO &#8211;  CONSULTOR EM POL\u00cdTICAS P\u00daBLICAS J\u00daLIO DE PIPIA."},"content":{"rendered":"\n\t\t\t\t<div class=\"mr_social_sharing_wrapper\">\n\t\t\t\t<!-- Social Sharing Toolkit v2.2 --><span class=\"mr_social_sharing_top\"><span style=\"display: inline-block; width: 55px; height: 62px; overflow: hidden;\"><div class=\"fb-like\" data-href=\"http:\/\/www.blogdopilako.com.br\/wp\/2020\/09\/18\/live-14-ao-vivo-consultor-de-politicas-publicas-julio-de-pipia\/\" data-send=\"false\" data-layout=\"box_count\" data-width=\"55\" data-show-faces=\"false\"><\/div><\/span><\/span><span class=\"mr_social_sharing_top\"><fb:share-button type=\"box_count\" href=\"http:\/\/www.blogdopilako.com.br\/wp\/2020\/09\/18\/live-14-ao-vivo-consultor-de-politicas-publicas-julio-de-pipia\/\"><\/fb:share-button><\/span><span class=\"mr_social_sharing\"><a rel=\"nofollow\" class=\"linksalpha_button linksalpha_link\" href=\"\/\/www.linksalpha.com\/social\/mobile\" data-url=\"http:\/\/www.blogdopilako.com.br\/wp\/2020\/09\/18\/live-14-ao-vivo-consultor-de-politicas-publicas-julio-de-pipia\/\" data-text=\"LIVE 14 \u2013 AO VIVO \u2013 CONSULTOR EM POL\u00cdTICAS P\u00daBLICAS J\u00daLIO DE PIPIA.\" data-desc=\"Na LIVE do Blog do Pilako de hoje (18), recebemos o consultor em pol\u00edticas p\u00fablicas J\u00falio de Pipia. Com origem na vizinha cidade de Gravat\u00e1, J\u00falio, que tr\u00e1s no nome uma refer\u00eancia ao apelido da m\u00e3e \u2013 parteira \u2013, visivelmente emocionado,\u00a0 real\u00e7ou uma inf\u00e2ncia pobre de muitas\" data-image=\"http:\/\/www.blogdopilako.com.br\/wp\/wp-content\/uploads\/2020\/09\/4587a2b6-9a98-40a0-ad7d-dc1eefffc428-1024x577.jpg\" data-button=\"none\">\n\t\t\t\t\t<img src=\"\/\/www.linksalpha.com\/images\/social_share_button.png\" alt=\"Share\" class=\"linksalpha_image\" \/>\n\t\t\t\t\t<\/a><script type=\"text\/javascript\" src=\"\/\/www.linksalpha.com\/scripts\/loader_iconbox.js?v=2.4\"><\/script><\/span><\/div><p><img loading=\"lazy\" class=\"aligncenter wp-image-130251 size-large\" src=\"http:\/\/www.blogdopilako.com.br\/wp\/wp-content\/uploads\/2020\/09\/4587a2b6-9a98-40a0-ad7d-dc1eefffc428-1024x577.jpg\" alt=\"\" width=\"640\" height=\"361\" srcset=\"http:\/\/www.blogdopilako.com.br\/wp\/wp-content\/uploads\/2020\/09\/4587a2b6-9a98-40a0-ad7d-dc1eefffc428-1024x577.jpg 1024w, http:\/\/www.blogdopilako.com.br\/wp\/wp-content\/uploads\/2020\/09\/4587a2b6-9a98-40a0-ad7d-dc1eefffc428-300x169.jpg 300w, http:\/\/www.blogdopilako.com.br\/wp\/wp-content\/uploads\/2020\/09\/4587a2b6-9a98-40a0-ad7d-dc1eefffc428-768x433.jpg 768w, http:\/\/www.blogdopilako.com.br\/wp\/wp-content\/uploads\/2020\/09\/4587a2b6-9a98-40a0-ad7d-dc1eefffc428.jpg 1136w\" sizes=\"(max-width: 640px) 100vw, 640px\" \/><\/p>\n<p style=\"text-align: justify;\">Na LIVE do Blog do Pilako de hoje (18), recebemos o <strong>consultor em pol\u00edticas p\u00fablicas J\u00falio de Pipia<\/strong>. Com origem na vizinha cidade de Gravat\u00e1, J\u00falio, que tr\u00e1s no nome uma refer\u00eancia ao apelido da m\u00e3e \u2013 parteira \u2013, visivelmente emocionado,\u00a0 real\u00e7ou uma inf\u00e2ncia pobre de muitas \u00a0dificuldades. Na qualidade de jovem encontrou \u201ca porta de sa\u00edda\u201d nos movimentos sociais.<\/p>\n<p style=\"text-align: justify;\">Foi atrav\u00e9s da amplia\u00e7\u00e3o das pol\u00edticas p\u00fablicas no nosso munic\u00edpio, no inicio dos anos 2000, \u00a0que J\u00falio passou a \u201cdialogar\u201d com Vit\u00f3ria de Santo Ant\u00e3o. Ap\u00f3s casar e estabelecer resid\u00eancia aqui que o mesmo avan\u00e7ou nos estudos concluindo o curso de direito.<\/p>\n<p style=\"text-align: justify;\">Com significativa contribui\u00e7\u00e3o na \u00e1rea das pol\u00edticas p\u00fablicas na nossa cidade, \u00a0inclusive na revis\u00e3o da Lei Org\u00e2nica do Munic\u00edpio, J\u00falio teve efetiva participa\u00e7\u00e3o tamb\u00e9m na cria\u00e7\u00e3o e efetiva\u00e7\u00e3o na AMA \u2013 Associa\u00e7\u00e3o Maria Am\u00e9lia.<\/p>\n<p style=\"text-align: justify;\">\u00a0Com rela\u00e7\u00e3o aos membros do parlamento local, no que diz respeito ao conhecimento e preparo para atuar de forma efetiva na fun\u00e7\u00e3o, J\u00falio relatou ser bastante sofr\u00edvel. No que tange aos movimentos eleitoras que se avizinha, o mesmo aventou \u00e0 possibilidade de disputar uma vaga na Casa Diogo de Braga, j\u00e1 que teve seu nome in\u00e7ado na conven\u00e7\u00e3o partid\u00e1ria.<\/p>\n<p style=\"text-align: justify;\"><strong>ASSISTA A LIVE COMPLETA AQUI.<\/strong><\/p>\n<p><iframe loading=\"lazy\" title=\"LIVE 14 - CONSULTOR DE POL\u00cdTICAS P\u00daBLICAS J\u00daLIO DE PIPIA.\" width=\"584\" height=\"329\" src=\"https:\/\/www.youtube.com\/embed\/QB6-fl1hgp8?feature=oembed\" frameborder=\"0\" allow=\"accelerometer; autoplay; clipboard-write; encrypted-media; gyroscope; picture-in-picture\" allowfullscreen><\/iframe><\/p>\n\n\t\t\t\t<div class=\"mr_social_sharing_wrapper\">\n\t\t\t\t<!-- Social Sharing Toolkit v2.2 --><span class=\"mr_social_sharing_top\"><span style=\"display: inline-block; width: 55px; height: 62px; overflow: hidden;\"><div class=\"fb-like\" data-href=\"http:\/\/www.blogdopilako.com.br\/wp\/2020\/09\/18\/live-14-ao-vivo-consultor-de-politicas-publicas-julio-de-pipia\/\" data-send=\"false\" data-layout=\"box_count\" data-width=\"55\" data-show-faces=\"false\"><\/div><\/span><\/span><span class=\"mr_social_sharing_top\"><fb:share-button type=\"box_count\" href=\"http:\/\/www.blogdopilako.com.br\/wp\/2020\/09\/18\/live-14-ao-vivo-consultor-de-politicas-publicas-julio-de-pipia\/\"><\/fb:share-button><\/span><span class=\"mr_social_sharing\"><a rel=\"nofollow\" class=\"linksalpha_button linksalpha_link\" href=\"\/\/www.linksalpha.com\/social\/mobile\" data-url=\"http:\/\/www.blogdopilako.com.br\/wp\/2020\/09\/18\/live-14-ao-vivo-consultor-de-politicas-publicas-julio-de-pipia\/\" data-text=\"LIVE 14 \u2013 AO VIVO \u2013 CONSULTOR EM POL\u00cdTICAS P\u00daBLICAS J\u00daLIO DE PIPIA.\" data-desc=\"Na LIVE do Blog do Pilako de hoje (18), recebemos o consultor em pol\u00edticas p\u00fablicas J\u00falio de Pipia. Com origem na vizinha cidade de Gravat\u00e1, J\u00falio, que tr\u00e1s no nome uma refer\u00eancia ao apelido da m\u00e3e \u2013 parteira \u2013, visivelmente emocionado,\u00a0 real\u00e7ou uma inf\u00e2ncia pobre de muitas\" data-image=\"http:\/\/www.blogdopilako.com.br\/wp\/wp-content\/uploads\/2020\/09\/4587a2b6-9a98-40a0-ad7d-dc1eefffc428-1024x577.jpg\" data-button=\"none\">\n\t\t\t\t\t<img src=\"\/\/www.linksalpha.com\/images\/social_share_button.png\" alt=\"Share\" class=\"linksalpha_image\" \/>\n\t\t\t\t\t<\/a><script type=\"text\/javascript\" src=\"\/\/www.linksalpha.com\/scripts\/loader_iconbox.js?v=2.4\"><\/script><\/span><\/div>","protected":false},"excerpt":{"rendered":"\n\t\t\t\t<div class=\"mr_social_sharing_wrapper\">\n\t\t\t\t<!-- Social Sharing Toolkit v2.2 --><span class=\"mr_social_sharing_top\"><span style=\"display: inline-block; width: 55px; height: 62px; overflow: hidden;\"><div class=\"fb-like\" data-href=\"http:\/\/www.blogdopilako.com.br\/wp\/2020\/09\/18\/live-14-ao-vivo-consultor-de-politicas-publicas-julio-de-pipia\/\" data-send=\"false\" data-layout=\"box_count\" data-width=\"55\" data-show-faces=\"false\"><\/div><\/span><\/span><span class=\"mr_social_sharing_top\"><fb:share-button type=\"box_count\" href=\"http:\/\/www.blogdopilako.com.br\/wp\/2020\/09\/18\/live-14-ao-vivo-consultor-de-politicas-publicas-julio-de-pipia\/\"><\/fb:share-button><\/span><span class=\"mr_social_sharing\"><a rel=\"nofollow\" class=\"linksalpha_button linksalpha_link\" href=\"\/\/www.linksalpha.com\/social\/mobile\" data-url=\"http:\/\/www.blogdopilako.com.br\/wp\/2020\/09\/18\/live-14-ao-vivo-consultor-de-politicas-publicas-julio-de-pipia\/\" data-text=\"LIVE 14 \u2013 AO VIVO \u2013 CONSULTOR EM POL\u00cdTICAS P\u00daBLICAS J\u00daLIO DE PIPIA.\" data-desc=\"Na LIVE do Blog do Pilako de hoje (18), recebemos o consultor em pol\u00edticas p\u00fablicas J\u00falio de Pipia. Com origem na vizinha cidade de Gravat\u00e1, J\u00falio, que tr\u00e1s no nome uma refer\u00eancia ao apelido da m\u00e3e \u2013 parteira \u2013, visivelmente emocionado,\u00a0 real\u00e7ou uma inf\u00e2ncia pobre de muitas\" data-image=\"\" data-button=\"none\">\n\t\t\t\t\t<img src=\"\/\/www.linksalpha.com\/images\/social_share_button.png\" alt=\"Share\" class=\"linksalpha_image\" \/>\n\t\t\t\t\t<\/a><script type=\"text\/javascript\" src=\"\/\/www.linksalpha.com\/scripts\/loader_iconbox.js?v=2.4\"><\/script><\/span><\/div><p>Na LIVE do Blog do Pilako de hoje (18), recebemos o consultor em pol\u00edticas p\u00fablicas J\u00falio de Pipia. Com origem na vizinha cidade de Gravat\u00e1, J\u00falio, que tr\u00e1s no nome uma refer\u00eancia ao apelido da m\u00e3e \u2013 parteira \u2013, visivelmente &hellip; <a href=\"http:\/\/www.blogdopilako.com.br\/wp\/2020\/09\/18\/live-14-ao-vivo-consultor-de-politicas-publicas-julio-de-pipia\/\">Continue lendo <span class=\"meta-nav\">&rarr;<\/span><\/a><\/p>\n\n\t\t\t\t<div class=\"mr_social_sharing_wrapper\">\n\t\t\t\t<!-- Social Sharing Toolkit v2.2 --><span class=\"mr_social_sharing_top\"><span style=\"display: inline-block; width: 55px; height: 62px; overflow: hidden;\"><div class=\"fb-like\" data-href=\"http:\/\/www.blogdopilako.com.br\/wp\/2020\/09\/18\/live-14-ao-vivo-consultor-de-politicas-publicas-julio-de-pipia\/\" data-send=\"false\" data-layout=\"box_count\" data-width=\"55\" data-show-faces=\"false\"><\/div><\/span><\/span><span class=\"mr_social_sharing_top\"><fb:share-button type=\"box_count\" href=\"http:\/\/www.blogdopilako.com.br\/wp\/2020\/09\/18\/live-14-ao-vivo-consultor-de-politicas-publicas-julio-de-pipia\/\"><\/fb:share-button><\/span><span class=\"mr_social_sharing\"><a rel=\"nofollow\" class=\"linksalpha_button linksalpha_link\" href=\"\/\/www.linksalpha.com\/social\/mobile\" data-url=\"http:\/\/www.blogdopilako.com.br\/wp\/2020\/09\/18\/live-14-ao-vivo-consultor-de-politicas-publicas-julio-de-pipia\/\" data-text=\"LIVE 14 \u2013 AO VIVO \u2013 CONSULTOR EM POL\u00cdTICAS P\u00daBLICAS J\u00daLIO DE PIPIA.\" data-desc=\"Na LIVE do Blog do Pilako de hoje (18), recebemos o consultor em pol\u00edticas p\u00fablicas J\u00falio de Pipia. Com origem na vizinha cidade de Gravat\u00e1, J\u00falio, que tr\u00e1s no nome uma refer\u00eancia ao apelido da m\u00e3e \u2013 parteira \u2013, visivelmente emocionado,\u00a0 real\u00e7ou uma inf\u00e2ncia pobre de muitas\" data-image=\"\" data-button=\"none\">\n\t\t\t\t\t<img src=\"\/\/www.linksalpha.com\/images\/social_share_button.png\" alt=\"Share\" class=\"linksalpha_image\" \/>\n\t\t\t\t\t<\/a><script type=\"text\/javascript\" src=\"\/\/www.linksalpha.com\/scripts\/loader_iconbox.js?v=2.4\"><\/script><\/span><\/div>","protected":false},"author":2,"featured_media":0,"comment_status":"open","ping_status":"open","sticky":false,"template":"","format":"standard","meta":[],"categories":[1],"tags":[],"_links":{"self":[{"href":"http:\/\/www.blogdopilako.com.br\/wp\/wp-json\/wp\/v2\/posts\/130247"}],"collection":[{"href":"http:\/\/www.blogdopilako.com.br\/wp\/wp-json\/wp\/v2\/posts"}],"about":[{"href":"http:\/\/www.blogdopilako.com.br\/wp\/wp-json\/wp\/v2\/types\/post"}],"author":[{"embeddable":true,"href":"http:\/\/www.blogdopilako.com.br\/wp\/wp-json\/wp\/v2\/users\/2"}],"replies":[{"embeddable":true,"href":"http:\/\/www.blogdopilako.com.br\/wp\/wp-json\/wp\/v2\/comments?post=130247"}],"version-history":[{"count":4,"href":"http:\/\/www.blogdopilako.com.br\/wp\/wp-json\/wp\/v2\/posts\/130247\/revisions"}],"predecessor-version":[{"id":130253,"href":"http:\/\/www.blogdopilako.com.br\/wp\/wp-json\/wp\/v2\/posts\/130247\/revisions\/130253"}],"wp:attachment":[{"href":"http:\/\/www.blogdopilako.com.br\/wp\/wp-json\/wp\/v2\/media?parent=130247"}],"wp:term":[{"taxonomy":"category","embeddable":true,"href":"http:\/\/www.blogdopilako.com.br\/wp\/wp-json\/wp\/v2\/categories?post=130247"},{"taxonomy":"post_tag","embeddable":true,"href":"http:\/\/www.blogdopilako.com.br\/wp\/wp-json\/wp\/v2\/tags?post=130247"}],"curies":[{"name":"wp","href":"https:\/\/api.w.org\/{rel}","templated":true}]}}