{"id":130237,"date":"2020-09-18T10:32:34","date_gmt":"2020-09-18T13:32:34","guid":{"rendered":"http:\/\/www.blogdopilako.com.br\/wp\/?p=130237"},"modified":"2020-09-18T11:33:45","modified_gmt":"2020-09-18T14:33:45","slug":"recordar-e-viver-rondo-para-a-vereanca-por-sosigenes-bittencourt","status":"publish","type":"post","link":"http:\/\/www.blogdopilako.com.br\/wp\/2020\/09\/18\/recordar-e-viver-rondo-para-a-vereanca-por-sosigenes-bittencourt\/","title":{"rendered":"RECORDAR \u00c9 VIVER &#8211; ROND\u00d3 PARA A VEREAN\u00c7A &#8211; por Sos\u00edgenes Bittencourt."},"content":{"rendered":"\n\t\t\t\t<div class=\"mr_social_sharing_wrapper\">\n\t\t\t\t<!-- Social Sharing Toolkit v2.2 --><span class=\"mr_social_sharing_top\"><span style=\"display: inline-block; width: 55px; height: 62px; overflow: hidden;\"><div class=\"fb-like\" data-href=\"http:\/\/www.blogdopilako.com.br\/wp\/2020\/09\/18\/recordar-e-viver-rondo-para-a-vereanca-por-sosigenes-bittencourt\/\" data-send=\"false\" data-layout=\"box_count\" data-width=\"55\" data-show-faces=\"false\"><\/div><\/span><\/span><span class=\"mr_social_sharing_top\"><fb:share-button type=\"box_count\" href=\"http:\/\/www.blogdopilako.com.br\/wp\/2020\/09\/18\/recordar-e-viver-rondo-para-a-vereanca-por-sosigenes-bittencourt\/\"><\/fb:share-button><\/span><span class=\"mr_social_sharing\"><a rel=\"nofollow\" class=\"linksalpha_button linksalpha_link\" href=\"\/\/www.linksalpha.com\/social\/mobile\" data-url=\"http:\/\/www.blogdopilako.com.br\/wp\/2020\/09\/18\/recordar-e-viver-rondo-para-a-vereanca-por-sosigenes-bittencourt\/\" data-text=\"RECORDAR \u00c9 VIVER \u2013 ROND\u00d3 PARA A VEREAN\u00c7A \u2013 por Sos\u00edgenes Bittencourt.\" data-desc=\"(Campanha para Vereador - 1988 - Vit\u00f3ria de Santo Ant\u00e3o-PE) Eu sou da cerveja e Giba do Bolo - Eu gosto de maxixe e Biuzinho do Chuchu - Eu sou do xarope e Man\u00e9 do Comprimido - Eu vinha da Compesa e D\u00e1rio da Celpe - Eu sou professor e Geraldo Enfermeiro - Eu venho de casa e Braz do Tr\u00e2nsito -\" data-image=\"http:\/\/www.blogdopilako.com.br\/wp\/wp-content\/uploads\/2020\/09\/download.jpg\" data-button=\"none\">\n\t\t\t\t\t<img src=\"\/\/www.linksalpha.com\/images\/social_share_button.png\" alt=\"Share\" class=\"linksalpha_image\" \/>\n\t\t\t\t\t<\/a><script type=\"text\/javascript\" src=\"\/\/www.linksalpha.com\/scripts\/loader_iconbox.js?v=2.4\"><\/script><\/span><\/div><p><a href=\"http:\/\/www.blogdopilako.com.br\/wp\/wp-content\/uploads\/2020\/09\/download.jpg\"><img loading=\"lazy\" class=\"aligncenter size-full wp-image-130238\" src=\"http:\/\/www.blogdopilako.com.br\/wp\/wp-content\/uploads\/2020\/09\/download.jpg\" alt=\"\" width=\"260\" height=\"194\" \/><\/a><\/p>\n<p style=\"text-align: center;\"><strong>(Campanha para Vereador &#8211; 1988 &#8211; Vit\u00f3ria de Santo Ant\u00e3o-PE)<\/strong><br \/>\nEu sou da cerveja e Giba do Bolo &#8211;<br \/>\nEu gosto de maxixe e Biuzinho do Chuchu &#8211;<br \/>\nEu sou do xarope e Man\u00e9 do Comprimido &#8211;<br \/>\nEu vinha da Compesa e D\u00e1rio da Celpe &#8211;<br \/>\nEu sou professor e Geraldo Enfermeiro &#8211;<br \/>\nEu venho de casa e Braz do Tr\u00e2nsito &#8211;<br \/>\nEu prefiro cavalo e Jair Carneiro &#8211;<br \/>\nEu n\u00e3o sou santo nem Ronaldo de Deus &#8211;<br \/>\nEu n\u00e3o brigo com branco nem discuto com Preto &#8211;<br \/>\nEu n\u00e3o ando \u00e0s cegas, mas Petr\u00facio Pisca-Pisca &#8211;<br \/>\nEu durmo em paz enquanto Nicolau Vigia &#8211;<br \/>\nEu cheguei da confus\u00e3o e Galego do Rolo &#8211;<br \/>\nEu nunca vi lobisomem, mas Papa-Figo da Mangueira &#8211;<br \/>\nEu n\u00e3o almo\u00e7o rato sadio nem Neco Rato Podre &#8211;<br \/>\nEu conhe\u00e7o meleca e Z\u00e9 Catota &#8211;<br \/>\nEu sou flex\u00edvel e Mestre das Molas &#8211;<br \/>\nEu sou das sereias e Jo\u00e3o das Cobras &#8211;<br \/>\nEu sou de mam\u00e3e e Dr. Severino de Concei\u00e7\u00e3o Parteira<\/p>\n\n\t\t\t\t<div class=\"mr_social_sharing_wrapper\">\n\t\t\t\t<!-- Social Sharing Toolkit v2.2 --><span class=\"mr_social_sharing_top\"><span style=\"display: inline-block; width: 55px; height: 62px; overflow: hidden;\"><div class=\"fb-like\" data-href=\"http:\/\/www.blogdopilako.com.br\/wp\/2020\/09\/18\/recordar-e-viver-rondo-para-a-vereanca-por-sosigenes-bittencourt\/\" data-send=\"false\" data-layout=\"box_count\" data-width=\"55\" data-show-faces=\"false\"><\/div><\/span><\/span><span class=\"mr_social_sharing_top\"><fb:share-button type=\"box_count\" href=\"http:\/\/www.blogdopilako.com.br\/wp\/2020\/09\/18\/recordar-e-viver-rondo-para-a-vereanca-por-sosigenes-bittencourt\/\"><\/fb:share-button><\/span><span class=\"mr_social_sharing\"><a rel=\"nofollow\" class=\"linksalpha_button linksalpha_link\" href=\"\/\/www.linksalpha.com\/social\/mobile\" data-url=\"http:\/\/www.blogdopilako.com.br\/wp\/2020\/09\/18\/recordar-e-viver-rondo-para-a-vereanca-por-sosigenes-bittencourt\/\" data-text=\"RECORDAR \u00c9 VIVER \u2013 ROND\u00d3 PARA A VEREAN\u00c7A \u2013 por Sos\u00edgenes Bittencourt.\" data-desc=\"(Campanha para Vereador - 1988 - Vit\u00f3ria de Santo Ant\u00e3o-PE) Eu sou da cerveja e Giba do Bolo - Eu gosto de maxixe e Biuzinho do Chuchu - Eu sou do xarope e Man\u00e9 do Comprimido - Eu vinha da Compesa e D\u00e1rio da Celpe - Eu sou professor e Geraldo Enfermeiro - Eu venho de casa e Braz do Tr\u00e2nsito -\" data-image=\"http:\/\/www.blogdopilako.com.br\/wp\/wp-content\/uploads\/2020\/09\/download.jpg\" data-button=\"none\">\n\t\t\t\t\t<img src=\"\/\/www.linksalpha.com\/images\/social_share_button.png\" alt=\"Share\" class=\"linksalpha_image\" \/>\n\t\t\t\t\t<\/a><script type=\"text\/javascript\" src=\"\/\/www.linksalpha.com\/scripts\/loader_iconbox.js?v=2.4\"><\/script><\/span><\/div>","protected":false},"excerpt":{"rendered":"\n\t\t\t\t<div class=\"mr_social_sharing_wrapper\">\n\t\t\t\t<!-- Social Sharing Toolkit v2.2 --><span class=\"mr_social_sharing_top\"><span style=\"display: inline-block; width: 55px; height: 62px; overflow: hidden;\"><div class=\"fb-like\" data-href=\"http:\/\/www.blogdopilako.com.br\/wp\/2020\/09\/18\/recordar-e-viver-rondo-para-a-vereanca-por-sosigenes-bittencourt\/\" data-send=\"false\" data-layout=\"box_count\" data-width=\"55\" data-show-faces=\"false\"><\/div><\/span><\/span><span class=\"mr_social_sharing_top\"><fb:share-button type=\"box_count\" href=\"http:\/\/www.blogdopilako.com.br\/wp\/2020\/09\/18\/recordar-e-viver-rondo-para-a-vereanca-por-sosigenes-bittencourt\/\"><\/fb:share-button><\/span><span class=\"mr_social_sharing\"><a rel=\"nofollow\" class=\"linksalpha_button linksalpha_link\" href=\"\/\/www.linksalpha.com\/social\/mobile\" data-url=\"http:\/\/www.blogdopilako.com.br\/wp\/2020\/09\/18\/recordar-e-viver-rondo-para-a-vereanca-por-sosigenes-bittencourt\/\" data-text=\"RECORDAR \u00c9 VIVER \u2013 ROND\u00d3 PARA A VEREAN\u00c7A \u2013 por Sos\u00edgenes Bittencourt.\" data-desc=\"(Campanha para Vereador - 1988 - Vit\u00f3ria de Santo Ant\u00e3o-PE) Eu sou da cerveja e Giba do Bolo - Eu gosto de maxixe e Biuzinho do Chuchu - Eu sou do xarope e Man\u00e9 do Comprimido - Eu vinha da Compesa e D\u00e1rio da Celpe - Eu sou professor e Geraldo Enfermeiro - Eu venho de casa e Braz do Tr\u00e2nsito -\" data-image=\"\" data-button=\"none\">\n\t\t\t\t\t<img src=\"\/\/www.linksalpha.com\/images\/social_share_button.png\" alt=\"Share\" class=\"linksalpha_image\" \/>\n\t\t\t\t\t<\/a><script type=\"text\/javascript\" src=\"\/\/www.linksalpha.com\/scripts\/loader_iconbox.js?v=2.4\"><\/script><\/span><\/div><p>(Campanha para Vereador &#8211; 1988 &#8211; Vit\u00f3ria de Santo Ant\u00e3o-PE) Eu sou da cerveja e Giba do Bolo &#8211; Eu gosto de maxixe e Biuzinho do Chuchu &#8211; Eu sou do xarope e Man\u00e9 do Comprimido &#8211; Eu vinha da &hellip; <a href=\"http:\/\/www.blogdopilako.com.br\/wp\/2020\/09\/18\/recordar-e-viver-rondo-para-a-vereanca-por-sosigenes-bittencourt\/\">Continue lendo <span class=\"meta-nav\">&rarr;<\/span><\/a><\/p>\n\n\t\t\t\t<div class=\"mr_social_sharing_wrapper\">\n\t\t\t\t<!-- Social Sharing Toolkit v2.2 --><span class=\"mr_social_sharing_top\"><span style=\"display: inline-block; width: 55px; height: 62px; overflow: hidden;\"><div class=\"fb-like\" data-href=\"http:\/\/www.blogdopilako.com.br\/wp\/2020\/09\/18\/recordar-e-viver-rondo-para-a-vereanca-por-sosigenes-bittencourt\/\" data-send=\"false\" data-layout=\"box_count\" data-width=\"55\" data-show-faces=\"false\"><\/div><\/span><\/span><span class=\"mr_social_sharing_top\"><fb:share-button type=\"box_count\" href=\"http:\/\/www.blogdopilako.com.br\/wp\/2020\/09\/18\/recordar-e-viver-rondo-para-a-vereanca-por-sosigenes-bittencourt\/\"><\/fb:share-button><\/span><span class=\"mr_social_sharing\"><a rel=\"nofollow\" class=\"linksalpha_button linksalpha_link\" href=\"\/\/www.linksalpha.com\/social\/mobile\" data-url=\"http:\/\/www.blogdopilako.com.br\/wp\/2020\/09\/18\/recordar-e-viver-rondo-para-a-vereanca-por-sosigenes-bittencourt\/\" data-text=\"RECORDAR \u00c9 VIVER \u2013 ROND\u00d3 PARA A VEREAN\u00c7A \u2013 por Sos\u00edgenes Bittencourt.\" data-desc=\"(Campanha para Vereador - 1988 - Vit\u00f3ria de Santo Ant\u00e3o-PE) Eu sou da cerveja e Giba do Bolo - Eu gosto de maxixe e Biuzinho do Chuchu - Eu sou do xarope e Man\u00e9 do Comprimido - Eu vinha da Compesa e D\u00e1rio da Celpe - Eu sou professor e Geraldo Enfermeiro - Eu venho de casa e Braz do Tr\u00e2nsito -\" data-image=\"\" data-button=\"none\">\n\t\t\t\t\t<img src=\"\/\/www.linksalpha.com\/images\/social_share_button.png\" alt=\"Share\" class=\"linksalpha_image\" \/>\n\t\t\t\t\t<\/a><script type=\"text\/javascript\" src=\"\/\/www.linksalpha.com\/scripts\/loader_iconbox.js?v=2.4\"><\/script><\/span><\/div>","protected":false},"author":2,"featured_media":0,"comment_status":"open","ping_status":"open","sticky":false,"template":"","format":"standard","meta":[],"categories":[20],"tags":[],"_links":{"self":[{"href":"http:\/\/www.blogdopilako.com.br\/wp\/wp-json\/wp\/v2\/posts\/130237"}],"collection":[{"href":"http:\/\/www.blogdopilako.com.br\/wp\/wp-json\/wp\/v2\/posts"}],"about":[{"href":"http:\/\/www.blogdopilako.com.br\/wp\/wp-json\/wp\/v2\/types\/post"}],"author":[{"embeddable":true,"href":"http:\/\/www.blogdopilako.com.br\/wp\/wp-json\/wp\/v2\/users\/2"}],"replies":[{"embeddable":true,"href":"http:\/\/www.blogdopilako.com.br\/wp\/wp-json\/wp\/v2\/comments?post=130237"}],"version-history":[{"count":4,"href":"http:\/\/www.blogdopilako.com.br\/wp\/wp-json\/wp\/v2\/posts\/130237\/revisions"}],"predecessor-version":[{"id":130246,"href":"http:\/\/www.blogdopilako.com.br\/wp\/wp-json\/wp\/v2\/posts\/130237\/revisions\/130246"}],"wp:attachment":[{"href":"http:\/\/www.blogdopilako.com.br\/wp\/wp-json\/wp\/v2\/media?parent=130237"}],"wp:term":[{"taxonomy":"category","embeddable":true,"href":"http:\/\/www.blogdopilako.com.br\/wp\/wp-json\/wp\/v2\/categories?post=130237"},{"taxonomy":"post_tag","embeddable":true,"href":"http:\/\/www.blogdopilako.com.br\/wp\/wp-json\/wp\/v2\/tags?post=130237"}],"curies":[{"name":"wp","href":"https:\/\/api.w.org\/{rel}","templated":true}]}}