{"id":129721,"date":"2020-06-27T13:33:48","date_gmt":"2020-06-27T16:33:48","guid":{"rendered":"http:\/\/www.blogdopilako.com.br\/wp\/?p=129721"},"modified":"2020-06-27T13:34:33","modified_gmt":"2020-06-27T16:34:33","slug":"igreja-matriz-de-santo-retoma-as-missas-presencias-a-partir-deste-sabado-27","status":"publish","type":"post","link":"http:\/\/www.blogdopilako.com.br\/wp\/2020\/06\/27\/igreja-matriz-de-santo-retoma-as-missas-presencias-a-partir-deste-sabado-27\/","title":{"rendered":"Igreja Matriz de Santo Ant\u00e3o retoma as missas presencias a partir deste s\u00e1bado (27)"},"content":{"rendered":"\n\t\t\t\t<div class=\"mr_social_sharing_wrapper\">\n\t\t\t\t<!-- Social Sharing Toolkit v2.2 --><span class=\"mr_social_sharing_top\"><span style=\"display: inline-block; width: 55px; height: 62px; overflow: hidden;\"><div class=\"fb-like\" data-href=\"http:\/\/www.blogdopilako.com.br\/wp\/2020\/06\/27\/igreja-matriz-de-santo-retoma-as-missas-presencias-a-partir-deste-sabado-27\/\" data-send=\"false\" data-layout=\"box_count\" data-width=\"55\" data-show-faces=\"false\"><\/div><\/span><\/span><span class=\"mr_social_sharing_top\"><fb:share-button type=\"box_count\" href=\"http:\/\/www.blogdopilako.com.br\/wp\/2020\/06\/27\/igreja-matriz-de-santo-retoma-as-missas-presencias-a-partir-deste-sabado-27\/\"><\/fb:share-button><\/span><span class=\"mr_social_sharing\"><a rel=\"nofollow\" class=\"linksalpha_button linksalpha_link\" href=\"\/\/www.linksalpha.com\/social\/mobile\" data-url=\"http:\/\/www.blogdopilako.com.br\/wp\/2020\/06\/27\/igreja-matriz-de-santo-retoma-as-missas-presencias-a-partir-deste-sabado-27\/\" data-text=\"Igreja Matriz de Santo Ant\u00e3o retoma as missas presencias a partir deste s\u00e1bado (27)\" data-desc=\"Durante o dia de ontem (26) grupos vinculados \u00e0 Igreja Matriz de Santo Ant\u00e3o, sob a coordena\u00e7\u00e3o do Monsenhor Maur\u00edcio Diniz, dedicaram o dia \u00e0 limpeza e aos ajustes finais para a t\u00e3o esperada reabertura do templo, \u00a0no sentido da retomada das missas, ap\u00f3s imperiosa interrup\u00e7\u00e3o em virtudes\" data-image=\"http:\/\/www.blogdopilako.com.br\/wp\/wp-content\/uploads\/2020\/06\/5fcdcca7-2e46-4075-a297-a36a61e4292b.jpg\" data-button=\"none\">\n\t\t\t\t\t<img src=\"\/\/www.linksalpha.com\/images\/social_share_button.png\" alt=\"Share\" class=\"linksalpha_image\" \/>\n\t\t\t\t\t<\/a><script type=\"text\/javascript\" src=\"\/\/www.linksalpha.com\/scripts\/loader_iconbox.js?v=2.4\"><\/script><\/span><\/div><p><img loading=\"lazy\" class=\"aligncenter wp-image-129722 size-full\" src=\"http:\/\/www.blogdopilako.com.br\/wp\/wp-content\/uploads\/2020\/06\/5fcdcca7-2e46-4075-a297-a36a61e4292b.jpg\" alt=\"\" width=\"1280\" height=\"960\" srcset=\"http:\/\/www.blogdopilako.com.br\/wp\/wp-content\/uploads\/2020\/06\/5fcdcca7-2e46-4075-a297-a36a61e4292b.jpg 1280w, http:\/\/www.blogdopilako.com.br\/wp\/wp-content\/uploads\/2020\/06\/5fcdcca7-2e46-4075-a297-a36a61e4292b-300x225.jpg 300w, http:\/\/www.blogdopilako.com.br\/wp\/wp-content\/uploads\/2020\/06\/5fcdcca7-2e46-4075-a297-a36a61e4292b-768x576.jpg 768w, http:\/\/www.blogdopilako.com.br\/wp\/wp-content\/uploads\/2020\/06\/5fcdcca7-2e46-4075-a297-a36a61e4292b-1024x768.jpg 1024w\" sizes=\"(max-width: 1280px) 100vw, 1280px\" \/><\/p>\n<p style=\"text-align: justify;\">Durante o dia de ontem (26) grupos vinculados \u00e0 Igreja Matriz de Santo Ant\u00e3o, sob a coordena\u00e7\u00e3o do <strong>Monsenhor Maur\u00edcio Diniz<\/strong>, dedicaram o dia \u00e0 limpeza e aos ajustes finais para a t\u00e3o esperada reabertura do templo, \u00a0no sentido da retomada das missas, ap\u00f3s imperiosa interrup\u00e7\u00e3o em virtudes da pandemia do novo coronav\u00edrus.<\/p>\n<p style=\"text-align: justify;\">Portanto, hoje, s\u00e1bado, 27 de junho, acontecer\u00e3o duas celebra\u00e7\u00f5es: 17h e 19h. Vale lembrar aos fieis que medidas preventivas de distanciamento social foram tomadas. Os tradicionais bancos de madeiras deram lugar \u00e0s cadeiras pl\u00e1sticas (apenas 100 cadeiras). As mesmas ser\u00e3o ocupadas seguindo o crit\u00e9rio da ordem de chegada. J\u00e1 no domingo ocorrer\u00e3o cinco celebra\u00e7\u00f5es \u2013 6:30h, 9h, 11h, 17h e 19h \u2013 seguindo o mesmo crit\u00e9rio de ocupa\u00e7\u00e3o \u2013 espa\u00e7o para 100 fieis e por ordem de chegada \u2013 as transmiss\u00f5es remotas ser\u00e3o mantidas.<\/p>\n<p style=\"text-align: justify;\">Portanto, em tempos de pandemia, essa retomada torna-se um ato emblem\u00e1tico para os antonenses cat\u00f3licos. Aos poucos,\u00a0 e como novos protocolos sanit\u00e1rios,\u00a0 a vida est\u00e1 come\u00e7ando a entrar nos eixos.<\/p>\n\n\t\t\t\t<div class=\"mr_social_sharing_wrapper\">\n\t\t\t\t<!-- Social Sharing Toolkit v2.2 --><span class=\"mr_social_sharing_top\"><span style=\"display: inline-block; width: 55px; height: 62px; overflow: hidden;\"><div class=\"fb-like\" data-href=\"http:\/\/www.blogdopilako.com.br\/wp\/2020\/06\/27\/igreja-matriz-de-santo-retoma-as-missas-presencias-a-partir-deste-sabado-27\/\" data-send=\"false\" data-layout=\"box_count\" data-width=\"55\" data-show-faces=\"false\"><\/div><\/span><\/span><span class=\"mr_social_sharing_top\"><fb:share-button type=\"box_count\" href=\"http:\/\/www.blogdopilako.com.br\/wp\/2020\/06\/27\/igreja-matriz-de-santo-retoma-as-missas-presencias-a-partir-deste-sabado-27\/\"><\/fb:share-button><\/span><span class=\"mr_social_sharing\"><a rel=\"nofollow\" class=\"linksalpha_button linksalpha_link\" href=\"\/\/www.linksalpha.com\/social\/mobile\" data-url=\"http:\/\/www.blogdopilako.com.br\/wp\/2020\/06\/27\/igreja-matriz-de-santo-retoma-as-missas-presencias-a-partir-deste-sabado-27\/\" data-text=\"Igreja Matriz de Santo Ant\u00e3o retoma as missas presencias a partir deste s\u00e1bado (27)\" data-desc=\"Durante o dia de ontem (26) grupos vinculados \u00e0 Igreja Matriz de Santo Ant\u00e3o, sob a coordena\u00e7\u00e3o do Monsenhor Maur\u00edcio Diniz, dedicaram o dia \u00e0 limpeza e aos ajustes finais para a t\u00e3o esperada reabertura do templo, \u00a0no sentido da retomada das missas, ap\u00f3s imperiosa interrup\u00e7\u00e3o em virtudes\" data-image=\"http:\/\/www.blogdopilako.com.br\/wp\/wp-content\/uploads\/2020\/06\/5fcdcca7-2e46-4075-a297-a36a61e4292b.jpg\" data-button=\"none\">\n\t\t\t\t\t<img src=\"\/\/www.linksalpha.com\/images\/social_share_button.png\" alt=\"Share\" class=\"linksalpha_image\" \/>\n\t\t\t\t\t<\/a><script type=\"text\/javascript\" src=\"\/\/www.linksalpha.com\/scripts\/loader_iconbox.js?v=2.4\"><\/script><\/span><\/div>","protected":false},"excerpt":{"rendered":"\n\t\t\t\t<div class=\"mr_social_sharing_wrapper\">\n\t\t\t\t<!-- Social Sharing Toolkit v2.2 --><span class=\"mr_social_sharing_top\"><span style=\"display: inline-block; width: 55px; height: 62px; overflow: hidden;\"><div class=\"fb-like\" data-href=\"http:\/\/www.blogdopilako.com.br\/wp\/2020\/06\/27\/igreja-matriz-de-santo-retoma-as-missas-presencias-a-partir-deste-sabado-27\/\" data-send=\"false\" data-layout=\"box_count\" data-width=\"55\" data-show-faces=\"false\"><\/div><\/span><\/span><span class=\"mr_social_sharing_top\"><fb:share-button type=\"box_count\" href=\"http:\/\/www.blogdopilako.com.br\/wp\/2020\/06\/27\/igreja-matriz-de-santo-retoma-as-missas-presencias-a-partir-deste-sabado-27\/\"><\/fb:share-button><\/span><span class=\"mr_social_sharing\"><a rel=\"nofollow\" class=\"linksalpha_button linksalpha_link\" href=\"\/\/www.linksalpha.com\/social\/mobile\" data-url=\"http:\/\/www.blogdopilako.com.br\/wp\/2020\/06\/27\/igreja-matriz-de-santo-retoma-as-missas-presencias-a-partir-deste-sabado-27\/\" data-text=\"Igreja Matriz de Santo Ant\u00e3o retoma as missas presencias a partir deste s\u00e1bado (27)\" data-desc=\"Durante o dia de ontem (26) grupos vinculados \u00e0 Igreja Matriz de Santo Ant\u00e3o, sob a coordena\u00e7\u00e3o do Monsenhor Maur\u00edcio Diniz, dedicaram o dia \u00e0 limpeza e aos ajustes finais para a t\u00e3o esperada reabertura do templo, \u00a0no sentido da retomada das missas, ap\u00f3s imperiosa interrup\u00e7\u00e3o em virtudes\" data-image=\"\" data-button=\"none\">\n\t\t\t\t\t<img src=\"\/\/www.linksalpha.com\/images\/social_share_button.png\" alt=\"Share\" class=\"linksalpha_image\" \/>\n\t\t\t\t\t<\/a><script type=\"text\/javascript\" src=\"\/\/www.linksalpha.com\/scripts\/loader_iconbox.js?v=2.4\"><\/script><\/span><\/div><p>Durante o dia de ontem (26) grupos vinculados \u00e0 Igreja Matriz de Santo Ant\u00e3o, sob a coordena\u00e7\u00e3o do Monsenhor Maur\u00edcio Diniz, dedicaram o dia \u00e0 limpeza e aos ajustes finais para a t\u00e3o esperada reabertura do templo, \u00a0no sentido da &hellip; <a href=\"http:\/\/www.blogdopilako.com.br\/wp\/2020\/06\/27\/igreja-matriz-de-santo-retoma-as-missas-presencias-a-partir-deste-sabado-27\/\">Continue lendo <span class=\"meta-nav\">&rarr;<\/span><\/a><\/p>\n\n\t\t\t\t<div class=\"mr_social_sharing_wrapper\">\n\t\t\t\t<!-- Social Sharing Toolkit v2.2 --><span class=\"mr_social_sharing_top\"><span style=\"display: inline-block; width: 55px; height: 62px; overflow: hidden;\"><div class=\"fb-like\" data-href=\"http:\/\/www.blogdopilako.com.br\/wp\/2020\/06\/27\/igreja-matriz-de-santo-retoma-as-missas-presencias-a-partir-deste-sabado-27\/\" data-send=\"false\" data-layout=\"box_count\" data-width=\"55\" data-show-faces=\"false\"><\/div><\/span><\/span><span class=\"mr_social_sharing_top\"><fb:share-button type=\"box_count\" href=\"http:\/\/www.blogdopilako.com.br\/wp\/2020\/06\/27\/igreja-matriz-de-santo-retoma-as-missas-presencias-a-partir-deste-sabado-27\/\"><\/fb:share-button><\/span><span class=\"mr_social_sharing\"><a rel=\"nofollow\" class=\"linksalpha_button linksalpha_link\" href=\"\/\/www.linksalpha.com\/social\/mobile\" data-url=\"http:\/\/www.blogdopilako.com.br\/wp\/2020\/06\/27\/igreja-matriz-de-santo-retoma-as-missas-presencias-a-partir-deste-sabado-27\/\" data-text=\"Igreja Matriz de Santo Ant\u00e3o retoma as missas presencias a partir deste s\u00e1bado (27)\" data-desc=\"Durante o dia de ontem (26) grupos vinculados \u00e0 Igreja Matriz de Santo Ant\u00e3o, sob a coordena\u00e7\u00e3o do Monsenhor Maur\u00edcio Diniz, dedicaram o dia \u00e0 limpeza e aos ajustes finais para a t\u00e3o esperada reabertura do templo, \u00a0no sentido da retomada das missas, ap\u00f3s imperiosa interrup\u00e7\u00e3o em virtudes\" data-image=\"\" data-button=\"none\">\n\t\t\t\t\t<img src=\"\/\/www.linksalpha.com\/images\/social_share_button.png\" alt=\"Share\" class=\"linksalpha_image\" \/>\n\t\t\t\t\t<\/a><script type=\"text\/javascript\" src=\"\/\/www.linksalpha.com\/scripts\/loader_iconbox.js?v=2.4\"><\/script><\/span><\/div>","protected":false},"author":2,"featured_media":0,"comment_status":"open","ping_status":"open","sticky":false,"template":"","format":"standard","meta":[],"categories":[21],"tags":[],"_links":{"self":[{"href":"http:\/\/www.blogdopilako.com.br\/wp\/wp-json\/wp\/v2\/posts\/129721"}],"collection":[{"href":"http:\/\/www.blogdopilako.com.br\/wp\/wp-json\/wp\/v2\/posts"}],"about":[{"href":"http:\/\/www.blogdopilako.com.br\/wp\/wp-json\/wp\/v2\/types\/post"}],"author":[{"embeddable":true,"href":"http:\/\/www.blogdopilako.com.br\/wp\/wp-json\/wp\/v2\/users\/2"}],"replies":[{"embeddable":true,"href":"http:\/\/www.blogdopilako.com.br\/wp\/wp-json\/wp\/v2\/comments?post=129721"}],"version-history":[{"count":2,"href":"http:\/\/www.blogdopilako.com.br\/wp\/wp-json\/wp\/v2\/posts\/129721\/revisions"}],"predecessor-version":[{"id":129724,"href":"http:\/\/www.blogdopilako.com.br\/wp\/wp-json\/wp\/v2\/posts\/129721\/revisions\/129724"}],"wp:attachment":[{"href":"http:\/\/www.blogdopilako.com.br\/wp\/wp-json\/wp\/v2\/media?parent=129721"}],"wp:term":[{"taxonomy":"category","embeddable":true,"href":"http:\/\/www.blogdopilako.com.br\/wp\/wp-json\/wp\/v2\/categories?post=129721"},{"taxonomy":"post_tag","embeddable":true,"href":"http:\/\/www.blogdopilako.com.br\/wp\/wp-json\/wp\/v2\/tags?post=129721"}],"curies":[{"name":"wp","href":"https:\/\/api.w.org\/{rel}","templated":true}]}}