{"id":129281,"date":"2020-03-18T11:20:43","date_gmt":"2020-03-18T14:20:43","guid":{"rendered":"http:\/\/www.blogdopilako.com.br\/wp\/?p=129281"},"modified":"2020-03-18T09:26:12","modified_gmt":"2020-03-18T12:26:12","slug":"momento-cultural-meu-pecado-henrique-de-holanda-21","status":"publish","type":"post","link":"http:\/\/www.blogdopilako.com.br\/wp\/2020\/03\/18\/momento-cultural-meu-pecado-henrique-de-holanda-21\/","title":{"rendered":"Momento Cultural: Meu pecado \u2013 Henrique de Holanda."},"content":{"rendered":"\n\t\t\t\t<div class=\"mr_social_sharing_wrapper\">\n\t\t\t\t<!-- Social Sharing Toolkit v2.2 --><span class=\"mr_social_sharing_top\"><span style=\"display: inline-block; width: 55px; height: 62px; overflow: hidden;\"><div class=\"fb-like\" data-href=\"http:\/\/www.blogdopilako.com.br\/wp\/2020\/03\/18\/momento-cultural-meu-pecado-henrique-de-holanda-21\/\" data-send=\"false\" data-layout=\"box_count\" data-width=\"55\" data-show-faces=\"false\"><\/div><\/span><\/span><span class=\"mr_social_sharing_top\"><fb:share-button type=\"box_count\" href=\"http:\/\/www.blogdopilako.com.br\/wp\/2020\/03\/18\/momento-cultural-meu-pecado-henrique-de-holanda-21\/\"><\/fb:share-button><\/span><span class=\"mr_social_sharing\"><a rel=\"nofollow\" class=\"linksalpha_button linksalpha_link\" href=\"\/\/www.linksalpha.com\/social\/mobile\" data-url=\"http:\/\/www.blogdopilako.com.br\/wp\/2020\/03\/18\/momento-cultural-meu-pecado-henrique-de-holanda-21\/\" data-text=\"Momento Cultural: Meu pecado \u2013 Henrique de Holanda.\" data-desc=\"Eu n\u00e3o posso saber qual o pecado que, irrefletido, cometi; suponho seja, talvez, porque te fosse dado meu cora\u00e7\u00e3o, \u2013 a ess\u00eancia do meu sonho.. Se amar \u00e9 crime, eu vou ser condenado e toda culpa, em tuas m\u00e3os, eu ponho. \u2013 Quem j\u00e1 te pode ver sem ter amado?!\u2026 Quanto \u00e9 lindo o pecado a\" data-image=\"http:\/\/www.blogdopilako.com.br\/wp\/wp-content\/uploads\/2020\/03\/Henrique-de-Holanda-Cavalcanti-31-1.jpg\" data-button=\"none\">\n\t\t\t\t\t<img src=\"\/\/www.linksalpha.com\/images\/social_share_button.png\" alt=\"Share\" class=\"linksalpha_image\" \/>\n\t\t\t\t\t<\/a><script type=\"text\/javascript\" src=\"\/\/www.linksalpha.com\/scripts\/loader_iconbox.js?v=2.4\"><\/script><\/span><\/div><p><img loading=\"lazy\" class=\"aligncenter wp-image-129282 size-full\" src=\"http:\/\/www.blogdopilako.com.br\/wp\/wp-content\/uploads\/2020\/03\/Henrique-de-Holanda-Cavalcanti-31-1.jpg\" alt=\"\" width=\"300\" height=\"376\" srcset=\"http:\/\/www.blogdopilako.com.br\/wp\/wp-content\/uploads\/2020\/03\/Henrique-de-Holanda-Cavalcanti-31-1.jpg 300w, http:\/\/www.blogdopilako.com.br\/wp\/wp-content\/uploads\/2020\/03\/Henrique-de-Holanda-Cavalcanti-31-1-239x300.jpg 239w\" sizes=\"(max-width: 300px) 100vw, 300px\" \/><\/p>\n<p style=\"text-align: center;\">Eu n\u00e3o posso saber qual o pecado<br \/>\nque, irrefletido, cometi; suponho<br \/>\nseja, talvez, porque te fosse dado<br \/>\nmeu cora\u00e7\u00e3o, \u2013 a ess\u00eancia do meu sonho..<\/p>\n<p style=\"text-align: center;\">Se amar \u00e9 crime, eu vou ser condenado<br \/>\ne toda culpa, em tuas m\u00e3os, eu ponho.<br \/>\n\u2013 Quem j\u00e1 te pode ver sem ter amado?!\u2026<br \/>\nQuanto \u00e9 lindo o pecado a que me exponho!<\/p>\n<p style=\"text-align: center;\">Se tens alma e tens sangue, como eu tenho;<br \/>\nse acreditas em Deus, dizer-te venho,<br \/>\n\u2013 Que pecas, tens amor, \u00e9s sonhadora\u2026<\/p>\n<p style=\"text-align: center;\">Deus deu a todos cora\u00e7\u00e3o igual.<br \/>\nSe eu amo, sofres desse mesmo mal.<br \/>\n\u2013 O teu pecado \u00e9 o meu, \u2013 \u00e9s pecadora!<\/p>\n<p style=\"text-align: center;\">(Muitas rosas sobre o ch\u00e3o \u2013 Henrique de Holanda \u2013 p\u00e1g. 22).<\/p>\n\n\t\t\t\t<div class=\"mr_social_sharing_wrapper\">\n\t\t\t\t<!-- Social Sharing Toolkit v2.2 --><span class=\"mr_social_sharing_top\"><span style=\"display: inline-block; width: 55px; height: 62px; overflow: hidden;\"><div class=\"fb-like\" data-href=\"http:\/\/www.blogdopilako.com.br\/wp\/2020\/03\/18\/momento-cultural-meu-pecado-henrique-de-holanda-21\/\" data-send=\"false\" data-layout=\"box_count\" data-width=\"55\" data-show-faces=\"false\"><\/div><\/span><\/span><span class=\"mr_social_sharing_top\"><fb:share-button type=\"box_count\" href=\"http:\/\/www.blogdopilako.com.br\/wp\/2020\/03\/18\/momento-cultural-meu-pecado-henrique-de-holanda-21\/\"><\/fb:share-button><\/span><span class=\"mr_social_sharing\"><a rel=\"nofollow\" class=\"linksalpha_button linksalpha_link\" href=\"\/\/www.linksalpha.com\/social\/mobile\" data-url=\"http:\/\/www.blogdopilako.com.br\/wp\/2020\/03\/18\/momento-cultural-meu-pecado-henrique-de-holanda-21\/\" data-text=\"Momento Cultural: Meu pecado \u2013 Henrique de Holanda.\" data-desc=\"Eu n\u00e3o posso saber qual o pecado que, irrefletido, cometi; suponho seja, talvez, porque te fosse dado meu cora\u00e7\u00e3o, \u2013 a ess\u00eancia do meu sonho.. Se amar \u00e9 crime, eu vou ser condenado e toda culpa, em tuas m\u00e3os, eu ponho. \u2013 Quem j\u00e1 te pode ver sem ter amado?!\u2026 Quanto \u00e9 lindo o pecado a\" data-image=\"http:\/\/www.blogdopilako.com.br\/wp\/wp-content\/uploads\/2020\/03\/Henrique-de-Holanda-Cavalcanti-31-1.jpg\" data-button=\"none\">\n\t\t\t\t\t<img src=\"\/\/www.linksalpha.com\/images\/social_share_button.png\" alt=\"Share\" class=\"linksalpha_image\" \/>\n\t\t\t\t\t<\/a><script type=\"text\/javascript\" src=\"\/\/www.linksalpha.com\/scripts\/loader_iconbox.js?v=2.4\"><\/script><\/span><\/div>","protected":false},"excerpt":{"rendered":"\n\t\t\t\t<div class=\"mr_social_sharing_wrapper\">\n\t\t\t\t<!-- Social Sharing Toolkit v2.2 --><span class=\"mr_social_sharing_top\"><span style=\"display: inline-block; width: 55px; height: 62px; overflow: hidden;\"><div class=\"fb-like\" data-href=\"http:\/\/www.blogdopilako.com.br\/wp\/2020\/03\/18\/momento-cultural-meu-pecado-henrique-de-holanda-21\/\" data-send=\"false\" data-layout=\"box_count\" data-width=\"55\" data-show-faces=\"false\"><\/div><\/span><\/span><span class=\"mr_social_sharing_top\"><fb:share-button type=\"box_count\" href=\"http:\/\/www.blogdopilako.com.br\/wp\/2020\/03\/18\/momento-cultural-meu-pecado-henrique-de-holanda-21\/\"><\/fb:share-button><\/span><span class=\"mr_social_sharing\"><a rel=\"nofollow\" class=\"linksalpha_button linksalpha_link\" href=\"\/\/www.linksalpha.com\/social\/mobile\" data-url=\"http:\/\/www.blogdopilako.com.br\/wp\/2020\/03\/18\/momento-cultural-meu-pecado-henrique-de-holanda-21\/\" data-text=\"Momento Cultural: Meu pecado \u2013 Henrique de Holanda.\" data-desc=\"Eu n\u00e3o posso saber qual o pecado que, irrefletido, cometi; suponho seja, talvez, porque te fosse dado meu cora\u00e7\u00e3o, \u2013 a ess\u00eancia do meu sonho.. Se amar \u00e9 crime, eu vou ser condenado e toda culpa, em tuas m\u00e3os, eu ponho. \u2013 Quem j\u00e1 te pode ver sem ter amado?!\u2026 Quanto \u00e9 lindo o pecado a\" data-image=\"\" data-button=\"none\">\n\t\t\t\t\t<img src=\"\/\/www.linksalpha.com\/images\/social_share_button.png\" alt=\"Share\" class=\"linksalpha_image\" \/>\n\t\t\t\t\t<\/a><script type=\"text\/javascript\" src=\"\/\/www.linksalpha.com\/scripts\/loader_iconbox.js?v=2.4\"><\/script><\/span><\/div><p>Eu n\u00e3o posso saber qual o pecado que, irrefletido, cometi; suponho seja, talvez, porque te fosse dado meu cora\u00e7\u00e3o, \u2013 a ess\u00eancia do meu sonho.. Se amar \u00e9 crime, eu vou ser condenado e toda culpa, em tuas m\u00e3os, eu &hellip; <a href=\"http:\/\/www.blogdopilako.com.br\/wp\/2020\/03\/18\/momento-cultural-meu-pecado-henrique-de-holanda-21\/\">Continue lendo <span class=\"meta-nav\">&rarr;<\/span><\/a><\/p>\n\n\t\t\t\t<div class=\"mr_social_sharing_wrapper\">\n\t\t\t\t<!-- Social Sharing Toolkit v2.2 --><span class=\"mr_social_sharing_top\"><span style=\"display: inline-block; width: 55px; height: 62px; overflow: hidden;\"><div class=\"fb-like\" data-href=\"http:\/\/www.blogdopilako.com.br\/wp\/2020\/03\/18\/momento-cultural-meu-pecado-henrique-de-holanda-21\/\" data-send=\"false\" data-layout=\"box_count\" data-width=\"55\" data-show-faces=\"false\"><\/div><\/span><\/span><span class=\"mr_social_sharing_top\"><fb:share-button type=\"box_count\" href=\"http:\/\/www.blogdopilako.com.br\/wp\/2020\/03\/18\/momento-cultural-meu-pecado-henrique-de-holanda-21\/\"><\/fb:share-button><\/span><span class=\"mr_social_sharing\"><a rel=\"nofollow\" class=\"linksalpha_button linksalpha_link\" href=\"\/\/www.linksalpha.com\/social\/mobile\" data-url=\"http:\/\/www.blogdopilako.com.br\/wp\/2020\/03\/18\/momento-cultural-meu-pecado-henrique-de-holanda-21\/\" data-text=\"Momento Cultural: Meu pecado \u2013 Henrique de Holanda.\" data-desc=\"Eu n\u00e3o posso saber qual o pecado que, irrefletido, cometi; suponho seja, talvez, porque te fosse dado meu cora\u00e7\u00e3o, \u2013 a ess\u00eancia do meu sonho.. Se amar \u00e9 crime, eu vou ser condenado e toda culpa, em tuas m\u00e3os, eu ponho. \u2013 Quem j\u00e1 te pode ver sem ter amado?!\u2026 Quanto \u00e9 lindo o pecado a\" data-image=\"\" data-button=\"none\">\n\t\t\t\t\t<img src=\"\/\/www.linksalpha.com\/images\/social_share_button.png\" alt=\"Share\" class=\"linksalpha_image\" \/>\n\t\t\t\t\t<\/a><script type=\"text\/javascript\" src=\"\/\/www.linksalpha.com\/scripts\/loader_iconbox.js?v=2.4\"><\/script><\/span><\/div>","protected":false},"author":2,"featured_media":0,"comment_status":"open","ping_status":"open","sticky":false,"template":"","format":"standard","meta":[],"categories":[114],"tags":[],"_links":{"self":[{"href":"http:\/\/www.blogdopilako.com.br\/wp\/wp-json\/wp\/v2\/posts\/129281"}],"collection":[{"href":"http:\/\/www.blogdopilako.com.br\/wp\/wp-json\/wp\/v2\/posts"}],"about":[{"href":"http:\/\/www.blogdopilako.com.br\/wp\/wp-json\/wp\/v2\/types\/post"}],"author":[{"embeddable":true,"href":"http:\/\/www.blogdopilako.com.br\/wp\/wp-json\/wp\/v2\/users\/2"}],"replies":[{"embeddable":true,"href":"http:\/\/www.blogdopilako.com.br\/wp\/wp-json\/wp\/v2\/comments?post=129281"}],"version-history":[{"count":1,"href":"http:\/\/www.blogdopilako.com.br\/wp\/wp-json\/wp\/v2\/posts\/129281\/revisions"}],"predecessor-version":[{"id":129283,"href":"http:\/\/www.blogdopilako.com.br\/wp\/wp-json\/wp\/v2\/posts\/129281\/revisions\/129283"}],"wp:attachment":[{"href":"http:\/\/www.blogdopilako.com.br\/wp\/wp-json\/wp\/v2\/media?parent=129281"}],"wp:term":[{"taxonomy":"category","embeddable":true,"href":"http:\/\/www.blogdopilako.com.br\/wp\/wp-json\/wp\/v2\/categories?post=129281"},{"taxonomy":"post_tag","embeddable":true,"href":"http:\/\/www.blogdopilako.com.br\/wp\/wp-json\/wp\/v2\/tags?post=129281"}],"curies":[{"name":"wp","href":"https:\/\/api.w.org\/{rel}","templated":true}]}}