{"id":129125,"date":"2020-03-10T14:20:42","date_gmt":"2020-03-10T17:20:42","guid":{"rendered":"http:\/\/www.blogdopilako.com.br\/wp\/?p=129125"},"modified":"2020-03-10T15:08:49","modified_gmt":"2020-03-10T18:08:49","slug":"momento-cultural-dedicatoria-por-jose-bezerra-de-oliveira-9","status":"publish","type":"post","link":"http:\/\/www.blogdopilako.com.br\/wp\/2020\/03\/10\/momento-cultural-dedicatoria-por-jose-bezerra-de-oliveira-9\/","title":{"rendered":"Momento Cultural: Dedicat\u00f3ria \u2013 por Jos\u00e9 Bezerra de Oliveira."},"content":{"rendered":"\n\t\t\t\t<div class=\"mr_social_sharing_wrapper\">\n\t\t\t\t<!-- Social Sharing Toolkit v2.2 --><span class=\"mr_social_sharing_top\"><span style=\"display: inline-block; width: 55px; height: 62px; overflow: hidden;\"><div class=\"fb-like\" data-href=\"http:\/\/www.blogdopilako.com.br\/wp\/2020\/03\/10\/momento-cultural-dedicatoria-por-jose-bezerra-de-oliveira-9\/\" data-send=\"false\" data-layout=\"box_count\" data-width=\"55\" data-show-faces=\"false\"><\/div><\/span><\/span><span class=\"mr_social_sharing_top\"><fb:share-button type=\"box_count\" href=\"http:\/\/www.blogdopilako.com.br\/wp\/2020\/03\/10\/momento-cultural-dedicatoria-por-jose-bezerra-de-oliveira-9\/\"><\/fb:share-button><\/span><span class=\"mr_social_sharing\"><a rel=\"nofollow\" class=\"linksalpha_button linksalpha_link\" href=\"\/\/www.linksalpha.com\/social\/mobile\" data-url=\"http:\/\/www.blogdopilako.com.br\/wp\/2020\/03\/10\/momento-cultural-dedicatoria-por-jose-bezerra-de-oliveira-9\/\" data-text=\"Momento Cultural: Dedicat\u00f3ria \u2013 por Jos\u00e9 Bezerra de Oliveira.\" data-desc=\"Com palavras simples Eu quero chegar At\u00e9 voc\u00ea E me fazer entender Que s\u00f3 a ti Pertence o meu Amor, Este nobre sentimento: Em qualquer momento. Jos\u00e9 Bezerra de Oliveira\" data-image=\"http:\/\/www.blogdopilako.com.br\/wp\/wp-content\/uploads\/2020\/03\/jb2.jpg\" data-button=\"none\">\n\t\t\t\t\t<img src=\"\/\/www.linksalpha.com\/images\/social_share_button.png\" alt=\"Share\" class=\"linksalpha_image\" \/>\n\t\t\t\t\t<\/a><script type=\"text\/javascript\" src=\"\/\/www.linksalpha.com\/scripts\/loader_iconbox.js?v=2.4\"><\/script><\/span><\/div><p><img loading=\"lazy\" class=\"aligncenter wp-image-129126 size-full\" src=\"http:\/\/www.blogdopilako.com.br\/wp\/wp-content\/uploads\/2020\/03\/jb2.jpg\" alt=\"\" width=\"242\" height=\"358\" srcset=\"http:\/\/www.blogdopilako.com.br\/wp\/wp-content\/uploads\/2020\/03\/jb2.jpg 242w, http:\/\/www.blogdopilako.com.br\/wp\/wp-content\/uploads\/2020\/03\/jb2-203x300.jpg 203w\" sizes=\"(max-width: 242px) 100vw, 242px\" \/><\/p>\n<p style=\"text-align: center;\">Com palavras simples<br \/>\nEu quero chegar<br \/>\nAt\u00e9 voc\u00ea<br \/>\nE me fazer entender<br \/>\nQue s\u00f3 a ti<br \/>\nPertence o meu Amor,<br \/>\nEste nobre sentimento:<br \/>\nEm qualquer momento.<\/p>\n<p style=\"text-align: center;\"><strong>Jos\u00e9 Bezerra de Oliveira<\/strong><\/p>\n\n\t\t\t\t<div class=\"mr_social_sharing_wrapper\">\n\t\t\t\t<!-- Social Sharing Toolkit v2.2 --><span class=\"mr_social_sharing_top\"><span style=\"display: inline-block; width: 55px; height: 62px; overflow: hidden;\"><div class=\"fb-like\" data-href=\"http:\/\/www.blogdopilako.com.br\/wp\/2020\/03\/10\/momento-cultural-dedicatoria-por-jose-bezerra-de-oliveira-9\/\" data-send=\"false\" data-layout=\"box_count\" data-width=\"55\" data-show-faces=\"false\"><\/div><\/span><\/span><span class=\"mr_social_sharing_top\"><fb:share-button type=\"box_count\" href=\"http:\/\/www.blogdopilako.com.br\/wp\/2020\/03\/10\/momento-cultural-dedicatoria-por-jose-bezerra-de-oliveira-9\/\"><\/fb:share-button><\/span><span class=\"mr_social_sharing\"><a rel=\"nofollow\" class=\"linksalpha_button linksalpha_link\" href=\"\/\/www.linksalpha.com\/social\/mobile\" data-url=\"http:\/\/www.blogdopilako.com.br\/wp\/2020\/03\/10\/momento-cultural-dedicatoria-por-jose-bezerra-de-oliveira-9\/\" data-text=\"Momento Cultural: Dedicat\u00f3ria \u2013 por Jos\u00e9 Bezerra de Oliveira.\" data-desc=\"Com palavras simples Eu quero chegar At\u00e9 voc\u00ea E me fazer entender Que s\u00f3 a ti Pertence o meu Amor, Este nobre sentimento: Em qualquer momento. Jos\u00e9 Bezerra de Oliveira\" data-image=\"http:\/\/www.blogdopilako.com.br\/wp\/wp-content\/uploads\/2020\/03\/jb2.jpg\" data-button=\"none\">\n\t\t\t\t\t<img src=\"\/\/www.linksalpha.com\/images\/social_share_button.png\" alt=\"Share\" class=\"linksalpha_image\" \/>\n\t\t\t\t\t<\/a><script type=\"text\/javascript\" src=\"\/\/www.linksalpha.com\/scripts\/loader_iconbox.js?v=2.4\"><\/script><\/span><\/div>","protected":false},"excerpt":{"rendered":"\n\t\t\t\t<div class=\"mr_social_sharing_wrapper\">\n\t\t\t\t<!-- Social Sharing Toolkit v2.2 --><span class=\"mr_social_sharing_top\"><span style=\"display: inline-block; width: 55px; height: 62px; overflow: hidden;\"><div class=\"fb-like\" data-href=\"http:\/\/www.blogdopilako.com.br\/wp\/2020\/03\/10\/momento-cultural-dedicatoria-por-jose-bezerra-de-oliveira-9\/\" data-send=\"false\" data-layout=\"box_count\" data-width=\"55\" data-show-faces=\"false\"><\/div><\/span><\/span><span class=\"mr_social_sharing_top\"><fb:share-button type=\"box_count\" href=\"http:\/\/www.blogdopilako.com.br\/wp\/2020\/03\/10\/momento-cultural-dedicatoria-por-jose-bezerra-de-oliveira-9\/\"><\/fb:share-button><\/span><span class=\"mr_social_sharing\"><a rel=\"nofollow\" class=\"linksalpha_button linksalpha_link\" href=\"\/\/www.linksalpha.com\/social\/mobile\" data-url=\"http:\/\/www.blogdopilako.com.br\/wp\/2020\/03\/10\/momento-cultural-dedicatoria-por-jose-bezerra-de-oliveira-9\/\" data-text=\"Momento Cultural: Dedicat\u00f3ria \u2013 por Jos\u00e9 Bezerra de Oliveira.\" data-desc=\"Com palavras simples Eu quero chegar At\u00e9 voc\u00ea E me fazer entender Que s\u00f3 a ti Pertence o meu Amor, Este nobre sentimento: Em qualquer momento. Jos\u00e9 Bezerra de Oliveira\" data-image=\"\" data-button=\"none\">\n\t\t\t\t\t<img src=\"\/\/www.linksalpha.com\/images\/social_share_button.png\" alt=\"Share\" class=\"linksalpha_image\" \/>\n\t\t\t\t\t<\/a><script type=\"text\/javascript\" src=\"\/\/www.linksalpha.com\/scripts\/loader_iconbox.js?v=2.4\"><\/script><\/span><\/div><p>Com palavras simples Eu quero chegar At\u00e9 voc\u00ea E me fazer entender Que s\u00f3 a ti Pertence o meu Amor, Este nobre sentimento: Em qualquer momento. Jos\u00e9 Bezerra de Oliveira<\/p>\n\n\t\t\t\t<div class=\"mr_social_sharing_wrapper\">\n\t\t\t\t<!-- Social Sharing Toolkit v2.2 --><span class=\"mr_social_sharing_top\"><span style=\"display: inline-block; width: 55px; height: 62px; overflow: hidden;\"><div class=\"fb-like\" data-href=\"http:\/\/www.blogdopilako.com.br\/wp\/2020\/03\/10\/momento-cultural-dedicatoria-por-jose-bezerra-de-oliveira-9\/\" data-send=\"false\" data-layout=\"box_count\" data-width=\"55\" data-show-faces=\"false\"><\/div><\/span><\/span><span class=\"mr_social_sharing_top\"><fb:share-button type=\"box_count\" href=\"http:\/\/www.blogdopilako.com.br\/wp\/2020\/03\/10\/momento-cultural-dedicatoria-por-jose-bezerra-de-oliveira-9\/\"><\/fb:share-button><\/span><span class=\"mr_social_sharing\"><a rel=\"nofollow\" class=\"linksalpha_button linksalpha_link\" href=\"\/\/www.linksalpha.com\/social\/mobile\" data-url=\"http:\/\/www.blogdopilako.com.br\/wp\/2020\/03\/10\/momento-cultural-dedicatoria-por-jose-bezerra-de-oliveira-9\/\" data-text=\"Momento Cultural: Dedicat\u00f3ria \u2013 por Jos\u00e9 Bezerra de Oliveira.\" data-desc=\"Com palavras simples Eu quero chegar At\u00e9 voc\u00ea E me fazer entender Que s\u00f3 a ti Pertence o meu Amor, Este nobre sentimento: Em qualquer momento. Jos\u00e9 Bezerra de Oliveira\" data-image=\"\" data-button=\"none\">\n\t\t\t\t\t<img src=\"\/\/www.linksalpha.com\/images\/social_share_button.png\" alt=\"Share\" class=\"linksalpha_image\" \/>\n\t\t\t\t\t<\/a><script type=\"text\/javascript\" src=\"\/\/www.linksalpha.com\/scripts\/loader_iconbox.js?v=2.4\"><\/script><\/span><\/div>","protected":false},"author":2,"featured_media":0,"comment_status":"open","ping_status":"open","sticky":false,"template":"","format":"standard","meta":[],"categories":[114],"tags":[],"_links":{"self":[{"href":"http:\/\/www.blogdopilako.com.br\/wp\/wp-json\/wp\/v2\/posts\/129125"}],"collection":[{"href":"http:\/\/www.blogdopilako.com.br\/wp\/wp-json\/wp\/v2\/posts"}],"about":[{"href":"http:\/\/www.blogdopilako.com.br\/wp\/wp-json\/wp\/v2\/types\/post"}],"author":[{"embeddable":true,"href":"http:\/\/www.blogdopilako.com.br\/wp\/wp-json\/wp\/v2\/users\/2"}],"replies":[{"embeddable":true,"href":"http:\/\/www.blogdopilako.com.br\/wp\/wp-json\/wp\/v2\/comments?post=129125"}],"version-history":[{"count":1,"href":"http:\/\/www.blogdopilako.com.br\/wp\/wp-json\/wp\/v2\/posts\/129125\/revisions"}],"predecessor-version":[{"id":129127,"href":"http:\/\/www.blogdopilako.com.br\/wp\/wp-json\/wp\/v2\/posts\/129125\/revisions\/129127"}],"wp:attachment":[{"href":"http:\/\/www.blogdopilako.com.br\/wp\/wp-json\/wp\/v2\/media?parent=129125"}],"wp:term":[{"taxonomy":"category","embeddable":true,"href":"http:\/\/www.blogdopilako.com.br\/wp\/wp-json\/wp\/v2\/categories?post=129125"},{"taxonomy":"post_tag","embeddable":true,"href":"http:\/\/www.blogdopilako.com.br\/wp\/wp-json\/wp\/v2\/tags?post=129125"}],"curies":[{"name":"wp","href":"https:\/\/api.w.org\/{rel}","templated":true}]}}