{"id":12857,"date":"2012-02-02T15:59:48","date_gmt":"2012-02-02T18:59:48","guid":{"rendered":"http:\/\/www.blogdopilako.com.br\/wp\/?p=12857"},"modified":"2012-02-02T17:21:48","modified_gmt":"2012-02-02T20:21:48","slug":"20%c2%ba-baile-no-asfalto-da-vitoria-primeiro-lote-ate-o-proximo-sabado-04","status":"publish","type":"post","link":"http:\/\/www.blogdopilako.com.br\/wp\/2012\/02\/02\/20%c2%ba-baile-no-asfalto-da-vitoria-primeiro-lote-ate-o-proximo-sabado-04\/","title":{"rendered":"20\u00ba Baile no Asfalto da Vit\u00f3ria: primeiro lote at\u00e9 o pr\u00f3ximo s\u00e1bado (04)."},"content":{"rendered":"\n\t\t\t\t<div class=\"mr_social_sharing_wrapper\">\n\t\t\t\t<!-- Social Sharing Toolkit v2.2 --><span class=\"mr_social_sharing_top\"><span style=\"display: inline-block; width: 55px; height: 62px; overflow: hidden;\"><div class=\"fb-like\" data-href=\"http:\/\/www.blogdopilako.com.br\/wp\/2012\/02\/02\/20%c2%ba-baile-no-asfalto-da-vitoria-primeiro-lote-ate-o-proximo-sabado-04\/\" data-send=\"false\" data-layout=\"box_count\" data-width=\"55\" data-show-faces=\"false\"><\/div><\/span><\/span><span class=\"mr_social_sharing_top\"><fb:share-button type=\"box_count\" href=\"http:\/\/www.blogdopilako.com.br\/wp\/2012\/02\/02\/20%c2%ba-baile-no-asfalto-da-vitoria-primeiro-lote-ate-o-proximo-sabado-04\/\"><\/fb:share-button><\/span><span class=\"mr_social_sharing\"><a rel=\"nofollow\" class=\"linksalpha_button linksalpha_link\" href=\"\/\/www.linksalpha.com\/social\/mobile\" data-url=\"http:\/\/www.blogdopilako.com.br\/wp\/2012\/02\/02\/20%c2%ba-baile-no-asfalto-da-vitoria-primeiro-lote-ate-o-proximo-sabado-04\/\" data-text=\"20\u00ba Baile no Asfalto da Vit\u00f3ria: primeiro lote at\u00e9 o pr\u00f3ximo s\u00e1bado (04).\" data-desc=\"\u201cSaudade n\u00e3o se mata, alimenta-se\u201d, j\u00e1 dizia Seu Zito. Portanto, vai ai um aviso importante para aqueles que desejam alimentar a saudade dos bons carnavais de sede em nossa cidade. A venda do primeiro lote de kits do Bloco da Saudade s\u00f3 vai at\u00e9 o pr\u00f3ximo s\u00e1bado (04) no pre\u00e7o promocional\" data-image=\"http:\/\/www.blogdopilako.com.br\/wp\/wp-content\/uploads\/bloco-da-saudade1.jpg\" data-button=\"none\">\n\t\t\t\t\t<img src=\"\/\/www.linksalpha.com\/images\/social_share_button.png\" alt=\"Share\" class=\"linksalpha_image\" \/>\n\t\t\t\t\t<\/a><script type=\"text\/javascript\" src=\"\/\/www.linksalpha.com\/scripts\/loader_iconbox.js?v=2.4\"><\/script><\/span><\/div><p style=\"text-align: justify;\"><strong><a href=\"http:\/\/www.blogdopilako.com.br\/wp\/wp-content\/uploads\/bloco-da-saudade1.jpg\"><img loading=\"lazy\" class=\"aligncenter size-full wp-image-12872\" title=\"bloco-da-saudade\" src=\"http:\/\/www.blogdopilako.com.br\/wp\/wp-content\/uploads\/bloco-da-saudade1.jpg\" alt=\"\" width=\"594\" height=\"417\" \/><\/a><\/strong><\/p>\n<p style=\"text-align: justify;\"><strong>\u201cSaudade n\u00e3o se mata, alimenta-se\u201d<\/strong>, j\u00e1 dizia Seu Zito. Portanto, vai ai um aviso importante para aqueles que desejam alimentar a saudade dos bons carnavais de sede em nossa cidade. A venda do primeiro lote de kits do <strong>Bloco da Saudade<\/strong> s\u00f3 vai at\u00e9 o pr\u00f3ximo <strong>s\u00e1bado (04)<\/strong> no pre\u00e7o promocional (avista R$ 47,00 ou em 4X R$ 12.50 nos cart\u00f5es), com vendedores autorizados, nos pontos de vendas (Posto BR Vit\u00f3ria e na Ismael \u00d3tica) como tamb\u00e9m pela internet.<\/p>\n<p style=\"text-align: justify;\"><strong>Bloco da saudade \u2013 20 anos<\/strong><br \/>\n20\u00ba baile no asfalto da Vit\u00f3ria.<br \/>\n<strong>Sa\u00edda:\u00a0<\/strong>Segunda-feira de carnaval (20 de fevereiro)<br \/>\n<strong>Orquestra Super Oara<\/strong> e Trio Asas da Am\u00e9rica<\/p>\n\n\t\t\t\t<div class=\"mr_social_sharing_wrapper\">\n\t\t\t\t<!-- Social Sharing Toolkit v2.2 --><span class=\"mr_social_sharing_top\"><span style=\"display: inline-block; width: 55px; height: 62px; overflow: hidden;\"><div class=\"fb-like\" data-href=\"http:\/\/www.blogdopilako.com.br\/wp\/2012\/02\/02\/20%c2%ba-baile-no-asfalto-da-vitoria-primeiro-lote-ate-o-proximo-sabado-04\/\" data-send=\"false\" data-layout=\"box_count\" data-width=\"55\" data-show-faces=\"false\"><\/div><\/span><\/span><span class=\"mr_social_sharing_top\"><fb:share-button type=\"box_count\" href=\"http:\/\/www.blogdopilako.com.br\/wp\/2012\/02\/02\/20%c2%ba-baile-no-asfalto-da-vitoria-primeiro-lote-ate-o-proximo-sabado-04\/\"><\/fb:share-button><\/span><span class=\"mr_social_sharing\"><a rel=\"nofollow\" class=\"linksalpha_button linksalpha_link\" href=\"\/\/www.linksalpha.com\/social\/mobile\" data-url=\"http:\/\/www.blogdopilako.com.br\/wp\/2012\/02\/02\/20%c2%ba-baile-no-asfalto-da-vitoria-primeiro-lote-ate-o-proximo-sabado-04\/\" data-text=\"20\u00ba Baile no Asfalto da Vit\u00f3ria: primeiro lote at\u00e9 o pr\u00f3ximo s\u00e1bado (04).\" data-desc=\"\u201cSaudade n\u00e3o se mata, alimenta-se\u201d, j\u00e1 dizia Seu Zito. Portanto, vai ai um aviso importante para aqueles que desejam alimentar a saudade dos bons carnavais de sede em nossa cidade. A venda do primeiro lote de kits do Bloco da Saudade s\u00f3 vai at\u00e9 o pr\u00f3ximo s\u00e1bado (04) no pre\u00e7o promocional\" data-image=\"http:\/\/www.blogdopilako.com.br\/wp\/wp-content\/uploads\/bloco-da-saudade1.jpg\" data-button=\"none\">\n\t\t\t\t\t<img src=\"\/\/www.linksalpha.com\/images\/social_share_button.png\" alt=\"Share\" class=\"linksalpha_image\" \/>\n\t\t\t\t\t<\/a><script type=\"text\/javascript\" src=\"\/\/www.linksalpha.com\/scripts\/loader_iconbox.js?v=2.4\"><\/script><\/span><\/div>","protected":false},"excerpt":{"rendered":"\n\t\t\t\t<div class=\"mr_social_sharing_wrapper\">\n\t\t\t\t<!-- Social Sharing Toolkit v2.2 --><span class=\"mr_social_sharing_top\"><span style=\"display: inline-block; width: 55px; height: 62px; overflow: hidden;\"><div class=\"fb-like\" data-href=\"http:\/\/www.blogdopilako.com.br\/wp\/2012\/02\/02\/20%c2%ba-baile-no-asfalto-da-vitoria-primeiro-lote-ate-o-proximo-sabado-04\/\" data-send=\"false\" data-layout=\"box_count\" data-width=\"55\" data-show-faces=\"false\"><\/div><\/span><\/span><span class=\"mr_social_sharing_top\"><fb:share-button type=\"box_count\" href=\"http:\/\/www.blogdopilako.com.br\/wp\/2012\/02\/02\/20%c2%ba-baile-no-asfalto-da-vitoria-primeiro-lote-ate-o-proximo-sabado-04\/\"><\/fb:share-button><\/span><span class=\"mr_social_sharing\"><a rel=\"nofollow\" class=\"linksalpha_button linksalpha_link\" href=\"\/\/www.linksalpha.com\/social\/mobile\" data-url=\"http:\/\/www.blogdopilako.com.br\/wp\/2012\/02\/02\/20%c2%ba-baile-no-asfalto-da-vitoria-primeiro-lote-ate-o-proximo-sabado-04\/\" data-text=\"20\u00ba Baile no Asfalto da Vit\u00f3ria: primeiro lote at\u00e9 o pr\u00f3ximo s\u00e1bado (04).\" data-desc=\"\u201cSaudade n\u00e3o se mata, alimenta-se\u201d, j\u00e1 dizia Seu Zito. Portanto, vai ai um aviso importante para aqueles que desejam alimentar a saudade dos bons carnavais de sede em nossa cidade. A venda do primeiro lote de kits do Bloco da Saudade s\u00f3 vai at\u00e9 o pr\u00f3ximo s\u00e1bado (04) no pre\u00e7o promocional\" data-image=\"\" data-button=\"none\">\n\t\t\t\t\t<img src=\"\/\/www.linksalpha.com\/images\/social_share_button.png\" alt=\"Share\" class=\"linksalpha_image\" \/>\n\t\t\t\t\t<\/a><script type=\"text\/javascript\" src=\"\/\/www.linksalpha.com\/scripts\/loader_iconbox.js?v=2.4\"><\/script><\/span><\/div><p>\u201cSaudade n\u00e3o se mata, alimenta-se\u201d, j\u00e1 dizia Seu Zito. Portanto, vai ai um aviso importante para aqueles que desejam alimentar a saudade dos bons carnavais de sede em nossa cidade. A venda do primeiro lote de kits do Bloco da &hellip; <a href=\"http:\/\/www.blogdopilako.com.br\/wp\/2012\/02\/02\/20%c2%ba-baile-no-asfalto-da-vitoria-primeiro-lote-ate-o-proximo-sabado-04\/\">Continue lendo <span class=\"meta-nav\">&rarr;<\/span><\/a><\/p>\n\n\t\t\t\t<div class=\"mr_social_sharing_wrapper\">\n\t\t\t\t<!-- Social Sharing Toolkit v2.2 --><span class=\"mr_social_sharing_top\"><span style=\"display: inline-block; width: 55px; height: 62px; overflow: hidden;\"><div class=\"fb-like\" data-href=\"http:\/\/www.blogdopilako.com.br\/wp\/2012\/02\/02\/20%c2%ba-baile-no-asfalto-da-vitoria-primeiro-lote-ate-o-proximo-sabado-04\/\" data-send=\"false\" data-layout=\"box_count\" data-width=\"55\" data-show-faces=\"false\"><\/div><\/span><\/span><span class=\"mr_social_sharing_top\"><fb:share-button type=\"box_count\" href=\"http:\/\/www.blogdopilako.com.br\/wp\/2012\/02\/02\/20%c2%ba-baile-no-asfalto-da-vitoria-primeiro-lote-ate-o-proximo-sabado-04\/\"><\/fb:share-button><\/span><span class=\"mr_social_sharing\"><a rel=\"nofollow\" class=\"linksalpha_button linksalpha_link\" href=\"\/\/www.linksalpha.com\/social\/mobile\" data-url=\"http:\/\/www.blogdopilako.com.br\/wp\/2012\/02\/02\/20%c2%ba-baile-no-asfalto-da-vitoria-primeiro-lote-ate-o-proximo-sabado-04\/\" data-text=\"20\u00ba Baile no Asfalto da Vit\u00f3ria: primeiro lote at\u00e9 o pr\u00f3ximo s\u00e1bado (04).\" data-desc=\"\u201cSaudade n\u00e3o se mata, alimenta-se\u201d, j\u00e1 dizia Seu Zito. Portanto, vai ai um aviso importante para aqueles que desejam alimentar a saudade dos bons carnavais de sede em nossa cidade. A venda do primeiro lote de kits do Bloco da Saudade s\u00f3 vai at\u00e9 o pr\u00f3ximo s\u00e1bado (04) no pre\u00e7o promocional\" data-image=\"\" data-button=\"none\">\n\t\t\t\t\t<img src=\"\/\/www.linksalpha.com\/images\/social_share_button.png\" alt=\"Share\" class=\"linksalpha_image\" \/>\n\t\t\t\t\t<\/a><script type=\"text\/javascript\" src=\"\/\/www.linksalpha.com\/scripts\/loader_iconbox.js?v=2.4\"><\/script><\/span><\/div>","protected":false},"author":4,"featured_media":0,"comment_status":"open","ping_status":"open","sticky":false,"template":"","format":"standard","meta":[],"categories":[22],"tags":[],"_links":{"self":[{"href":"http:\/\/www.blogdopilako.com.br\/wp\/wp-json\/wp\/v2\/posts\/12857"}],"collection":[{"href":"http:\/\/www.blogdopilako.com.br\/wp\/wp-json\/wp\/v2\/posts"}],"about":[{"href":"http:\/\/www.blogdopilako.com.br\/wp\/wp-json\/wp\/v2\/types\/post"}],"author":[{"embeddable":true,"href":"http:\/\/www.blogdopilako.com.br\/wp\/wp-json\/wp\/v2\/users\/4"}],"replies":[{"embeddable":true,"href":"http:\/\/www.blogdopilako.com.br\/wp\/wp-json\/wp\/v2\/comments?post=12857"}],"version-history":[{"count":5,"href":"http:\/\/www.blogdopilako.com.br\/wp\/wp-json\/wp\/v2\/posts\/12857\/revisions"}],"predecessor-version":[{"id":12879,"href":"http:\/\/www.blogdopilako.com.br\/wp\/wp-json\/wp\/v2\/posts\/12857\/revisions\/12879"}],"wp:attachment":[{"href":"http:\/\/www.blogdopilako.com.br\/wp\/wp-json\/wp\/v2\/media?parent=12857"}],"wp:term":[{"taxonomy":"category","embeddable":true,"href":"http:\/\/www.blogdopilako.com.br\/wp\/wp-json\/wp\/v2\/categories?post=12857"},{"taxonomy":"post_tag","embeddable":true,"href":"http:\/\/www.blogdopilako.com.br\/wp\/wp-json\/wp\/v2\/tags?post=12857"}],"curies":[{"name":"wp","href":"https:\/\/api.w.org\/{rel}","templated":true}]}}