{"id":128081,"date":"2020-01-16T14:50:43","date_gmt":"2020-01-16T17:50:43","guid":{"rendered":"http:\/\/www.blogdopilako.com.br\/wp\/?p=128081"},"modified":"2020-01-16T11:38:49","modified_gmt":"2020-01-16T14:38:49","slug":"programacao-dos-monges-para-o-carnaval-2020","status":"publish","type":"post","link":"http:\/\/www.blogdopilako.com.br\/wp\/2020\/01\/16\/programacao-dos-monges-para-o-carnaval-2020\/","title":{"rendered":"Programa\u00e7\u00e3o dos &#8220;Monges&#8221; para o carnaval 2020."},"content":{"rendered":"\n\t\t\t\t<div class=\"mr_social_sharing_wrapper\">\n\t\t\t\t<!-- Social Sharing Toolkit v2.2 --><span class=\"mr_social_sharing_top\"><span style=\"display: inline-block; width: 55px; height: 62px; overflow: hidden;\"><div class=\"fb-like\" data-href=\"http:\/\/www.blogdopilako.com.br\/wp\/2020\/01\/16\/programacao-dos-monges-para-o-carnaval-2020\/\" data-send=\"false\" data-layout=\"box_count\" data-width=\"55\" data-show-faces=\"false\"><\/div><\/span><\/span><span class=\"mr_social_sharing_top\"><fb:share-button type=\"box_count\" href=\"http:\/\/www.blogdopilako.com.br\/wp\/2020\/01\/16\/programacao-dos-monges-para-o-carnaval-2020\/\"><\/fb:share-button><\/span><span class=\"mr_social_sharing\"><a rel=\"nofollow\" class=\"linksalpha_button linksalpha_link\" href=\"\/\/www.linksalpha.com\/social\/mobile\" data-url=\"http:\/\/www.blogdopilako.com.br\/wp\/2020\/01\/16\/programacao-dos-monges-para-o-carnaval-2020\/\" data-text=\"Programa\u00e7\u00e3o dos \u201cMonges\u201d para o carnaval 2020.\" data-desc=\"A diretoria dos \"Monges em Folia\" nos enviou informa\u00e7\u00f5es no que se refere a sua programa\u00e7\u00e3o carnavalesca\u00a0 2020.\u00a0 Carnaval vem chegando e a Companhia dos Monges em Folia est\u00e1 disponibilizando \u00e0 venda\u00a0 camisas para o desfile 2020. As mesmas\u00a0 custam\u00a0 R$ 50,00 e podem ser compradas pelo\" data-image=\"http:\/\/www.blogdopilako.com.br\/wp\/wp-content\/uploads\/2020\/01\/75bd9770-a654-4ffc-b8c9-20dccb5b3cf5-300x213.jpg\" data-button=\"none\">\n\t\t\t\t\t<img src=\"\/\/www.linksalpha.com\/images\/social_share_button.png\" alt=\"Share\" class=\"linksalpha_image\" \/>\n\t\t\t\t\t<\/a><script type=\"text\/javascript\" src=\"\/\/www.linksalpha.com\/scripts\/loader_iconbox.js?v=2.4\"><\/script><\/span><\/div><p><strong>A diretoria dos &#8220;Monges em Folia&#8221; nos enviou informa\u00e7\u00f5es no que se refere a sua programa\u00e7\u00e3o carnavalesca\u00a0 2020.\u00a0<\/strong><\/p>\n<p><img loading=\"lazy\" class=\"size-medium wp-image-128082 alignleft\" src=\"http:\/\/www.blogdopilako.com.br\/wp\/wp-content\/uploads\/2020\/01\/75bd9770-a654-4ffc-b8c9-20dccb5b3cf5-300x213.jpg\" alt=\"\" width=\"300\" height=\"213\" srcset=\"http:\/\/www.blogdopilako.com.br\/wp\/wp-content\/uploads\/2020\/01\/75bd9770-a654-4ffc-b8c9-20dccb5b3cf5-300x213.jpg 300w, http:\/\/www.blogdopilako.com.br\/wp\/wp-content\/uploads\/2020\/01\/75bd9770-a654-4ffc-b8c9-20dccb5b3cf5.jpg 341w\" sizes=\"(max-width: 300px) 100vw, 300px\" \/><\/p>\n<p style=\"text-align: justify;\">Carnaval vem chegando e a Companhia dos Monges em Folia est\u00e1 disponibilizando \u00e0 venda\u00a0 camisas para o desfile 2020. As mesmas\u00a0 custam\u00a0 R$ 50,00 e podem ser compradas pelo telefone\/zap 9 8827-1481 \/ 9 9939-0703 &#8211; \u00e0 vista ou no cart\u00e3o de cr\u00e9dito em at\u00e9\u00a0 2 vezes.<\/p>\n<p style=\"text-align: justify;\">Em 2020 &#8220;Os Monges&#8221; desfilar\u00e1 duas vezes. No dia 20\/02\/2020,\u00a0 no Recife Antigo,\u00a0 \u00e0s 20:32 h,\u00a0 e no dia 22\/02\/2020 &#8211;\u00a0 S\u00e1bado de Z\u00e9 Pereira &#8211;\u00a0 no tradicional hor\u00e1rio, ou seja: 21:32 h. Concentra\u00e7\u00e3o na Pra\u00e7a da Matriz,\u00a0 em Vit\u00f3ria. No percurso o tradicional servi\u00e7o de gar\u00e7om c\/Whisky Open Bar, al\u00e9m das senhas para cerveja e pit\u00fa-cola &#8211; servi\u00e7o de bar s\u00f3 no desfile local.<\/p>\n<p><img loading=\"lazy\" class=\"alignnone size-medium wp-image-128083 alignright\" src=\"http:\/\/www.blogdopilako.com.br\/wp\/wp-content\/uploads\/2020\/01\/58be1b8d-dcbe-4fae-b71c-49db3187de9c-225x300.jpg\" alt=\"\" width=\"225\" height=\"300\" srcset=\"http:\/\/www.blogdopilako.com.br\/wp\/wp-content\/uploads\/2020\/01\/58be1b8d-dcbe-4fae-b71c-49db3187de9c-225x300.jpg 225w, http:\/\/www.blogdopilako.com.br\/wp\/wp-content\/uploads\/2020\/01\/58be1b8d-dcbe-4fae-b71c-49db3187de9c.jpg 768w\" sizes=\"(max-width: 225px) 100vw, 225px\" \/><\/p>\n<p style=\"text-align: justify;\">O tema desse ano \u00e9 &#8220;Saudade&#8221;, tendo como\u00a0 homenageado o nosso amigo Cristiano Pilako, Uma pitada de Saudosismo\u00a0 para as pessoas que fizeram hist\u00f3ria no carnaval antonense.\u00a0 No comando da anima\u00e7\u00e3o musical, a Orquestra Temperada da cidade de Ch\u00e3 Grande,\u00a0 que\u00a0 toca na agremia\u00e7\u00e3o por quase uma d\u00e9cada.<\/p>\n<p style=\"text-align: justify;\"><strong>A Diretoria<\/strong><\/p>\n\n\t\t\t\t<div class=\"mr_social_sharing_wrapper\">\n\t\t\t\t<!-- Social Sharing Toolkit v2.2 --><span class=\"mr_social_sharing_top\"><span style=\"display: inline-block; width: 55px; height: 62px; overflow: hidden;\"><div class=\"fb-like\" data-href=\"http:\/\/www.blogdopilako.com.br\/wp\/2020\/01\/16\/programacao-dos-monges-para-o-carnaval-2020\/\" data-send=\"false\" data-layout=\"box_count\" data-width=\"55\" data-show-faces=\"false\"><\/div><\/span><\/span><span class=\"mr_social_sharing_top\"><fb:share-button type=\"box_count\" href=\"http:\/\/www.blogdopilako.com.br\/wp\/2020\/01\/16\/programacao-dos-monges-para-o-carnaval-2020\/\"><\/fb:share-button><\/span><span class=\"mr_social_sharing\"><a rel=\"nofollow\" class=\"linksalpha_button linksalpha_link\" href=\"\/\/www.linksalpha.com\/social\/mobile\" data-url=\"http:\/\/www.blogdopilako.com.br\/wp\/2020\/01\/16\/programacao-dos-monges-para-o-carnaval-2020\/\" data-text=\"Programa\u00e7\u00e3o dos \u201cMonges\u201d para o carnaval 2020.\" data-desc=\"A diretoria dos \"Monges em Folia\" nos enviou informa\u00e7\u00f5es no que se refere a sua programa\u00e7\u00e3o carnavalesca\u00a0 2020.\u00a0 Carnaval vem chegando e a Companhia dos Monges em Folia est\u00e1 disponibilizando \u00e0 venda\u00a0 camisas para o desfile 2020. As mesmas\u00a0 custam\u00a0 R$ 50,00 e podem ser compradas pelo\" data-image=\"http:\/\/www.blogdopilako.com.br\/wp\/wp-content\/uploads\/2020\/01\/75bd9770-a654-4ffc-b8c9-20dccb5b3cf5-300x213.jpg\" data-button=\"none\">\n\t\t\t\t\t<img src=\"\/\/www.linksalpha.com\/images\/social_share_button.png\" alt=\"Share\" class=\"linksalpha_image\" \/>\n\t\t\t\t\t<\/a><script type=\"text\/javascript\" src=\"\/\/www.linksalpha.com\/scripts\/loader_iconbox.js?v=2.4\"><\/script><\/span><\/div>","protected":false},"excerpt":{"rendered":"\n\t\t\t\t<div class=\"mr_social_sharing_wrapper\">\n\t\t\t\t<!-- Social Sharing Toolkit v2.2 --><span class=\"mr_social_sharing_top\"><span style=\"display: inline-block; width: 55px; height: 62px; overflow: hidden;\"><div class=\"fb-like\" data-href=\"http:\/\/www.blogdopilako.com.br\/wp\/2020\/01\/16\/programacao-dos-monges-para-o-carnaval-2020\/\" data-send=\"false\" data-layout=\"box_count\" data-width=\"55\" data-show-faces=\"false\"><\/div><\/span><\/span><span class=\"mr_social_sharing_top\"><fb:share-button type=\"box_count\" href=\"http:\/\/www.blogdopilako.com.br\/wp\/2020\/01\/16\/programacao-dos-monges-para-o-carnaval-2020\/\"><\/fb:share-button><\/span><span class=\"mr_social_sharing\"><a rel=\"nofollow\" class=\"linksalpha_button linksalpha_link\" href=\"\/\/www.linksalpha.com\/social\/mobile\" data-url=\"http:\/\/www.blogdopilako.com.br\/wp\/2020\/01\/16\/programacao-dos-monges-para-o-carnaval-2020\/\" data-text=\"Programa\u00e7\u00e3o dos \u201cMonges\u201d para o carnaval 2020.\" data-desc=\"A diretoria dos \"Monges em Folia\" nos enviou informa\u00e7\u00f5es no que se refere a sua programa\u00e7\u00e3o carnavalesca\u00a0 2020.\u00a0 Carnaval vem chegando e a Companhia dos Monges em Folia est\u00e1 disponibilizando \u00e0 venda\u00a0 camisas para o desfile 2020. As mesmas\u00a0 custam\u00a0 R$ 50,00 e podem ser compradas pelo\" data-image=\"\" data-button=\"none\">\n\t\t\t\t\t<img src=\"\/\/www.linksalpha.com\/images\/social_share_button.png\" alt=\"Share\" class=\"linksalpha_image\" \/>\n\t\t\t\t\t<\/a><script type=\"text\/javascript\" src=\"\/\/www.linksalpha.com\/scripts\/loader_iconbox.js?v=2.4\"><\/script><\/span><\/div><p>A diretoria dos &#8220;Monges em Folia&#8221; nos enviou informa\u00e7\u00f5es no que se refere a sua programa\u00e7\u00e3o carnavalesca\u00a0 2020.\u00a0 Carnaval vem chegando e a Companhia dos Monges em Folia est\u00e1 disponibilizando \u00e0 venda\u00a0 camisas para o desfile 2020. As mesmas\u00a0 custam\u00a0 &hellip; <a href=\"http:\/\/www.blogdopilako.com.br\/wp\/2020\/01\/16\/programacao-dos-monges-para-o-carnaval-2020\/\">Continue lendo <span class=\"meta-nav\">&rarr;<\/span><\/a><\/p>\n\n\t\t\t\t<div class=\"mr_social_sharing_wrapper\">\n\t\t\t\t<!-- Social Sharing Toolkit v2.2 --><span class=\"mr_social_sharing_top\"><span style=\"display: inline-block; width: 55px; height: 62px; overflow: hidden;\"><div class=\"fb-like\" data-href=\"http:\/\/www.blogdopilako.com.br\/wp\/2020\/01\/16\/programacao-dos-monges-para-o-carnaval-2020\/\" data-send=\"false\" data-layout=\"box_count\" data-width=\"55\" data-show-faces=\"false\"><\/div><\/span><\/span><span class=\"mr_social_sharing_top\"><fb:share-button type=\"box_count\" href=\"http:\/\/www.blogdopilako.com.br\/wp\/2020\/01\/16\/programacao-dos-monges-para-o-carnaval-2020\/\"><\/fb:share-button><\/span><span class=\"mr_social_sharing\"><a rel=\"nofollow\" class=\"linksalpha_button linksalpha_link\" href=\"\/\/www.linksalpha.com\/social\/mobile\" data-url=\"http:\/\/www.blogdopilako.com.br\/wp\/2020\/01\/16\/programacao-dos-monges-para-o-carnaval-2020\/\" data-text=\"Programa\u00e7\u00e3o dos \u201cMonges\u201d para o carnaval 2020.\" data-desc=\"A diretoria dos \"Monges em Folia\" nos enviou informa\u00e7\u00f5es no que se refere a sua programa\u00e7\u00e3o carnavalesca\u00a0 2020.\u00a0 Carnaval vem chegando e a Companhia dos Monges em Folia est\u00e1 disponibilizando \u00e0 venda\u00a0 camisas para o desfile 2020. As mesmas\u00a0 custam\u00a0 R$ 50,00 e podem ser compradas pelo\" data-image=\"\" data-button=\"none\">\n\t\t\t\t\t<img src=\"\/\/www.linksalpha.com\/images\/social_share_button.png\" alt=\"Share\" class=\"linksalpha_image\" \/>\n\t\t\t\t\t<\/a><script type=\"text\/javascript\" src=\"\/\/www.linksalpha.com\/scripts\/loader_iconbox.js?v=2.4\"><\/script><\/span><\/div>","protected":false},"author":2,"featured_media":0,"comment_status":"open","ping_status":"open","sticky":false,"template":"","format":"standard","meta":[],"categories":[21,122],"tags":[],"_links":{"self":[{"href":"http:\/\/www.blogdopilako.com.br\/wp\/wp-json\/wp\/v2\/posts\/128081"}],"collection":[{"href":"http:\/\/www.blogdopilako.com.br\/wp\/wp-json\/wp\/v2\/posts"}],"about":[{"href":"http:\/\/www.blogdopilako.com.br\/wp\/wp-json\/wp\/v2\/types\/post"}],"author":[{"embeddable":true,"href":"http:\/\/www.blogdopilako.com.br\/wp\/wp-json\/wp\/v2\/users\/2"}],"replies":[{"embeddable":true,"href":"http:\/\/www.blogdopilako.com.br\/wp\/wp-json\/wp\/v2\/comments?post=128081"}],"version-history":[{"count":1,"href":"http:\/\/www.blogdopilako.com.br\/wp\/wp-json\/wp\/v2\/posts\/128081\/revisions"}],"predecessor-version":[{"id":128084,"href":"http:\/\/www.blogdopilako.com.br\/wp\/wp-json\/wp\/v2\/posts\/128081\/revisions\/128084"}],"wp:attachment":[{"href":"http:\/\/www.blogdopilako.com.br\/wp\/wp-json\/wp\/v2\/media?parent=128081"}],"wp:term":[{"taxonomy":"category","embeddable":true,"href":"http:\/\/www.blogdopilako.com.br\/wp\/wp-json\/wp\/v2\/categories?post=128081"},{"taxonomy":"post_tag","embeddable":true,"href":"http:\/\/www.blogdopilako.com.br\/wp\/wp-json\/wp\/v2\/tags?post=128081"}],"curies":[{"name":"wp","href":"https:\/\/api.w.org\/{rel}","templated":true}]}}