{"id":127325,"date":"2019-12-09T14:44:53","date_gmt":"2019-12-09T17:44:53","guid":{"rendered":"http:\/\/www.blogdopilako.com.br\/wp\/?p=127325"},"modified":"2019-12-09T14:44:53","modified_gmt":"2019-12-09T17:44:53","slug":"mais-uma-confraternizacao-dos-peladeiros","status":"publish","type":"post","link":"http:\/\/www.blogdopilako.com.br\/wp\/2019\/12\/09\/mais-uma-confraternizacao-dos-peladeiros\/","title":{"rendered":"Mais uma confraterniza\u00e7\u00e3o dos peladeiros!!!!"},"content":{"rendered":"\n\t\t\t\t<div class=\"mr_social_sharing_wrapper\">\n\t\t\t\t<!-- Social Sharing Toolkit v2.2 --><span class=\"mr_social_sharing_top\"><span style=\"display: inline-block; width: 55px; height: 62px; overflow: hidden;\"><div class=\"fb-like\" data-href=\"http:\/\/www.blogdopilako.com.br\/wp\/2019\/12\/09\/mais-uma-confraternizacao-dos-peladeiros\/\" data-send=\"false\" data-layout=\"box_count\" data-width=\"55\" data-show-faces=\"false\"><\/div><\/span><\/span><span class=\"mr_social_sharing_top\"><fb:share-button type=\"box_count\" href=\"http:\/\/www.blogdopilako.com.br\/wp\/2019\/12\/09\/mais-uma-confraternizacao-dos-peladeiros\/\"><\/fb:share-button><\/span><span class=\"mr_social_sharing\"><a rel=\"nofollow\" class=\"linksalpha_button linksalpha_link\" href=\"\/\/www.linksalpha.com\/social\/mobile\" data-url=\"http:\/\/www.blogdopilako.com.br\/wp\/2019\/12\/09\/mais-uma-confraternizacao-dos-peladeiros\/\" data-text=\"Mais uma confraterniza\u00e7\u00e3o dos peladeiros!!!!\" data-desc=\"Nutrida pelo sentimento da conviv\u00eancia de d\u00e9cadas atr\u00e1s, quando um determinado grupo de jovens se juntavam todos os finais de semana para \u201cbater uma pelada\u201d, ontem (08), mais uma vez, como j\u00e1 vem ocorrendo h\u00e1 v\u00e1rios anos consecutivos, a \u201cConfraterniza\u00e7\u00e3o dos Peladeiros\u201d manteve a\" data-image=\"http:\/\/www.blogdopilako.com.br\/wp\/wp-content\/uploads\/2019\/12\/51fc5fce-0420-42fb-98be-597057a4a505-1024x768.jpg\" data-button=\"none\">\n\t\t\t\t\t<img src=\"\/\/www.linksalpha.com\/images\/social_share_button.png\" alt=\"Share\" class=\"linksalpha_image\" \/>\n\t\t\t\t\t<\/a><script type=\"text\/javascript\" src=\"\/\/www.linksalpha.com\/scripts\/loader_iconbox.js?v=2.4\"><\/script><\/span><\/div><p><img loading=\"lazy\" class=\"aligncenter wp-image-127326 size-large\" src=\"http:\/\/www.blogdopilako.com.br\/wp\/wp-content\/uploads\/2019\/12\/51fc5fce-0420-42fb-98be-597057a4a505-1024x768.jpg\" alt=\"\" width=\"640\" height=\"480\" srcset=\"http:\/\/www.blogdopilako.com.br\/wp\/wp-content\/uploads\/2019\/12\/51fc5fce-0420-42fb-98be-597057a4a505-1024x768.jpg 1024w, http:\/\/www.blogdopilako.com.br\/wp\/wp-content\/uploads\/2019\/12\/51fc5fce-0420-42fb-98be-597057a4a505-300x225.jpg 300w, http:\/\/www.blogdopilako.com.br\/wp\/wp-content\/uploads\/2019\/12\/51fc5fce-0420-42fb-98be-597057a4a505-768x576.jpg 768w, http:\/\/www.blogdopilako.com.br\/wp\/wp-content\/uploads\/2019\/12\/51fc5fce-0420-42fb-98be-597057a4a505.jpg 1280w\" sizes=\"(max-width: 640px) 100vw, 640px\" \/><\/p>\n<p style=\"text-align: justify;\">Nutrida pelo sentimento da conviv\u00eancia de d\u00e9cadas atr\u00e1s, quando um determinado grupo de jovens se juntavam todos os finais de semana para \u201cbater uma pelada\u201d, ontem (08), mais uma vez, como j\u00e1 vem ocorrendo h\u00e1 v\u00e1rios anos consecutivos, a \u201cConfraterniza\u00e7\u00e3o dos Peladeiros\u201d manteve a tradi\u00e7\u00e3o.<\/p>\n<p><iframe loading=\"lazy\" title=\"Blog do Pilako: VIT\u00d3RIA DE SANTO ANT\u00c3O - CONFRATERNIZA\u00c7\u00c3O DOS PELADEIROS - 08-12-2019\" width=\"584\" height=\"329\" src=\"https:\/\/www.youtube.com\/embed\/8S_ZxzH0-_4?feature=oembed\" frameborder=\"0\" allow=\"accelerometer; autoplay; clipboard-write; encrypted-media; gyroscope; picture-in-picture\" allowfullscreen><\/iframe><\/p>\n<p style=\"text-align: justify;\">Na abertura do evento, por assim dizer, a bola rolou. \u00c9 bem verdade que a mesma\u00a0 n\u00e3o t\u00e3o \u201credonda\u201d como antes, mas deu para cumprir o objetivo. Esse ano, nossas lentes registraram o gol de Tobe.<\/p>\n<p><img loading=\"lazy\" class=\"aligncenter wp-image-127327 size-large\" src=\"http:\/\/www.blogdopilako.com.br\/wp\/wp-content\/uploads\/2019\/12\/888319f9-f909-4109-9fab-c8f469c1dfe1-1024x768.jpg\" alt=\"\" width=\"640\" height=\"480\" srcset=\"http:\/\/www.blogdopilako.com.br\/wp\/wp-content\/uploads\/2019\/12\/888319f9-f909-4109-9fab-c8f469c1dfe1-1024x768.jpg 1024w, http:\/\/www.blogdopilako.com.br\/wp\/wp-content\/uploads\/2019\/12\/888319f9-f909-4109-9fab-c8f469c1dfe1-300x225.jpg 300w, http:\/\/www.blogdopilako.com.br\/wp\/wp-content\/uploads\/2019\/12\/888319f9-f909-4109-9fab-c8f469c1dfe1-768x576.jpg 768w, http:\/\/www.blogdopilako.com.br\/wp\/wp-content\/uploads\/2019\/12\/888319f9-f909-4109-9fab-c8f469c1dfe1.jpg 1280w\" sizes=\"(max-width: 640px) 100vw, 640px\" \/><\/p>\n<p style=\"text-align: justify;\">Em seguida, seguiu-se para o momento o mais esperado por todos \u2013 \u201ccomes e bebes\u201d. Entre boas lembran\u00e7as, brincadeiras e companheirismo o evento cumpriu seu papel por mais um ano. Que venha 2020!!!<\/p>\n<p><iframe loading=\"lazy\" title=\"Blog do Pilako: VIT\u00d3RIA DE SANTO ANT\u00c3O - CONFRATERNIZA\u00c7\u00c3O DOS PELADEIROS - -08-12-2019\" width=\"584\" height=\"329\" src=\"https:\/\/www.youtube.com\/embed\/YEln23wsy58?feature=oembed\" frameborder=\"0\" allow=\"accelerometer; autoplay; clipboard-write; encrypted-media; gyroscope; picture-in-picture\" allowfullscreen><\/iframe><\/p>\n<p><iframe loading=\"lazy\" title=\"Blog do Pilako: VIT\u00d3RIA DE SANTO ANT\u00c3O - CONFRATERNIZA\u00c7\u00c3O DOS PELADEIROS - 08-12-2019\" width=\"584\" height=\"329\" src=\"https:\/\/www.youtube.com\/embed\/aoC2zrqJWvE?start=11&#038;feature=oembed\" frameborder=\"0\" allow=\"accelerometer; autoplay; clipboard-write; encrypted-media; gyroscope; picture-in-picture\" allowfullscreen><\/iframe><\/p>\n<p><img loading=\"lazy\" class=\"aligncenter wp-image-127329 size-large\" src=\"http:\/\/www.blogdopilako.com.br\/wp\/wp-content\/uploads\/2019\/12\/5654a72e-1164-467e-8dcc-23d95e1f44bd-770x1024.jpg\" alt=\"\" width=\"640\" height=\"851\" srcset=\"http:\/\/www.blogdopilako.com.br\/wp\/wp-content\/uploads\/2019\/12\/5654a72e-1164-467e-8dcc-23d95e1f44bd-770x1024.jpg 770w, http:\/\/www.blogdopilako.com.br\/wp\/wp-content\/uploads\/2019\/12\/5654a72e-1164-467e-8dcc-23d95e1f44bd-225x300.jpg 225w, http:\/\/www.blogdopilako.com.br\/wp\/wp-content\/uploads\/2019\/12\/5654a72e-1164-467e-8dcc-23d95e1f44bd-768x1022.jpg 768w, http:\/\/www.blogdopilako.com.br\/wp\/wp-content\/uploads\/2019\/12\/5654a72e-1164-467e-8dcc-23d95e1f44bd.jpg 962w\" sizes=\"(max-width: 640px) 100vw, 640px\" \/><\/p>\n<p><img loading=\"lazy\" class=\"aligncenter wp-image-127330 size-large\" src=\"http:\/\/www.blogdopilako.com.br\/wp\/wp-content\/uploads\/2019\/12\/1cfa5ed6-f426-4d03-a2a2-081b7d97ef01-1024x768.jpg\" alt=\"\" width=\"640\" height=\"480\" srcset=\"http:\/\/www.blogdopilako.com.br\/wp\/wp-content\/uploads\/2019\/12\/1cfa5ed6-f426-4d03-a2a2-081b7d97ef01-1024x768.jpg 1024w, http:\/\/www.blogdopilako.com.br\/wp\/wp-content\/uploads\/2019\/12\/1cfa5ed6-f426-4d03-a2a2-081b7d97ef01-300x225.jpg 300w, http:\/\/www.blogdopilako.com.br\/wp\/wp-content\/uploads\/2019\/12\/1cfa5ed6-f426-4d03-a2a2-081b7d97ef01-768x576.jpg 768w, http:\/\/www.blogdopilako.com.br\/wp\/wp-content\/uploads\/2019\/12\/1cfa5ed6-f426-4d03-a2a2-081b7d97ef01.jpg 1280w\" sizes=\"(max-width: 640px) 100vw, 640px\" \/><\/p>\n\n\t\t\t\t<div class=\"mr_social_sharing_wrapper\">\n\t\t\t\t<!-- Social Sharing Toolkit v2.2 --><span class=\"mr_social_sharing_top\"><span style=\"display: inline-block; width: 55px; height: 62px; overflow: hidden;\"><div class=\"fb-like\" data-href=\"http:\/\/www.blogdopilako.com.br\/wp\/2019\/12\/09\/mais-uma-confraternizacao-dos-peladeiros\/\" data-send=\"false\" data-layout=\"box_count\" data-width=\"55\" data-show-faces=\"false\"><\/div><\/span><\/span><span class=\"mr_social_sharing_top\"><fb:share-button type=\"box_count\" href=\"http:\/\/www.blogdopilako.com.br\/wp\/2019\/12\/09\/mais-uma-confraternizacao-dos-peladeiros\/\"><\/fb:share-button><\/span><span class=\"mr_social_sharing\"><a rel=\"nofollow\" class=\"linksalpha_button linksalpha_link\" href=\"\/\/www.linksalpha.com\/social\/mobile\" data-url=\"http:\/\/www.blogdopilako.com.br\/wp\/2019\/12\/09\/mais-uma-confraternizacao-dos-peladeiros\/\" data-text=\"Mais uma confraterniza\u00e7\u00e3o dos peladeiros!!!!\" data-desc=\"Nutrida pelo sentimento da conviv\u00eancia de d\u00e9cadas atr\u00e1s, quando um determinado grupo de jovens se juntavam todos os finais de semana para \u201cbater uma pelada\u201d, ontem (08), mais uma vez, como j\u00e1 vem ocorrendo h\u00e1 v\u00e1rios anos consecutivos, a \u201cConfraterniza\u00e7\u00e3o dos Peladeiros\u201d manteve a\" data-image=\"http:\/\/www.blogdopilako.com.br\/wp\/wp-content\/uploads\/2019\/12\/51fc5fce-0420-42fb-98be-597057a4a505-1024x768.jpg\" data-button=\"none\">\n\t\t\t\t\t<img src=\"\/\/www.linksalpha.com\/images\/social_share_button.png\" alt=\"Share\" class=\"linksalpha_image\" \/>\n\t\t\t\t\t<\/a><script type=\"text\/javascript\" src=\"\/\/www.linksalpha.com\/scripts\/loader_iconbox.js?v=2.4\"><\/script><\/span><\/div>","protected":false},"excerpt":{"rendered":"\n\t\t\t\t<div class=\"mr_social_sharing_wrapper\">\n\t\t\t\t<!-- Social Sharing Toolkit v2.2 --><span class=\"mr_social_sharing_top\"><span style=\"display: inline-block; width: 55px; height: 62px; overflow: hidden;\"><div class=\"fb-like\" data-href=\"http:\/\/www.blogdopilako.com.br\/wp\/2019\/12\/09\/mais-uma-confraternizacao-dos-peladeiros\/\" data-send=\"false\" data-layout=\"box_count\" data-width=\"55\" data-show-faces=\"false\"><\/div><\/span><\/span><span class=\"mr_social_sharing_top\"><fb:share-button type=\"box_count\" href=\"http:\/\/www.blogdopilako.com.br\/wp\/2019\/12\/09\/mais-uma-confraternizacao-dos-peladeiros\/\"><\/fb:share-button><\/span><span class=\"mr_social_sharing\"><a rel=\"nofollow\" class=\"linksalpha_button linksalpha_link\" href=\"\/\/www.linksalpha.com\/social\/mobile\" data-url=\"http:\/\/www.blogdopilako.com.br\/wp\/2019\/12\/09\/mais-uma-confraternizacao-dos-peladeiros\/\" data-text=\"Mais uma confraterniza\u00e7\u00e3o dos peladeiros!!!!\" data-desc=\"Nutrida pelo sentimento da conviv\u00eancia de d\u00e9cadas atr\u00e1s, quando um determinado grupo de jovens se juntavam todos os finais de semana para \u201cbater uma pelada\u201d, ontem (08), mais uma vez, como j\u00e1 vem ocorrendo h\u00e1 v\u00e1rios anos consecutivos, a \u201cConfraterniza\u00e7\u00e3o dos Peladeiros\u201d manteve a\" data-image=\"\" data-button=\"none\">\n\t\t\t\t\t<img src=\"\/\/www.linksalpha.com\/images\/social_share_button.png\" alt=\"Share\" class=\"linksalpha_image\" \/>\n\t\t\t\t\t<\/a><script type=\"text\/javascript\" src=\"\/\/www.linksalpha.com\/scripts\/loader_iconbox.js?v=2.4\"><\/script><\/span><\/div><p>Nutrida pelo sentimento da conviv\u00eancia de d\u00e9cadas atr\u00e1s, quando um determinado grupo de jovens se juntavam todos os finais de semana para \u201cbater uma pelada\u201d, ontem (08), mais uma vez, como j\u00e1 vem ocorrendo h\u00e1 v\u00e1rios anos consecutivos, a \u201cConfraterniza\u00e7\u00e3o &hellip; <a href=\"http:\/\/www.blogdopilako.com.br\/wp\/2019\/12\/09\/mais-uma-confraternizacao-dos-peladeiros\/\">Continue lendo <span class=\"meta-nav\">&rarr;<\/span><\/a><\/p>\n\n\t\t\t\t<div class=\"mr_social_sharing_wrapper\">\n\t\t\t\t<!-- Social Sharing Toolkit v2.2 --><span class=\"mr_social_sharing_top\"><span style=\"display: inline-block; width: 55px; height: 62px; overflow: hidden;\"><div class=\"fb-like\" data-href=\"http:\/\/www.blogdopilako.com.br\/wp\/2019\/12\/09\/mais-uma-confraternizacao-dos-peladeiros\/\" data-send=\"false\" data-layout=\"box_count\" data-width=\"55\" data-show-faces=\"false\"><\/div><\/span><\/span><span class=\"mr_social_sharing_top\"><fb:share-button type=\"box_count\" href=\"http:\/\/www.blogdopilako.com.br\/wp\/2019\/12\/09\/mais-uma-confraternizacao-dos-peladeiros\/\"><\/fb:share-button><\/span><span class=\"mr_social_sharing\"><a rel=\"nofollow\" class=\"linksalpha_button linksalpha_link\" href=\"\/\/www.linksalpha.com\/social\/mobile\" data-url=\"http:\/\/www.blogdopilako.com.br\/wp\/2019\/12\/09\/mais-uma-confraternizacao-dos-peladeiros\/\" data-text=\"Mais uma confraterniza\u00e7\u00e3o dos peladeiros!!!!\" data-desc=\"Nutrida pelo sentimento da conviv\u00eancia de d\u00e9cadas atr\u00e1s, quando um determinado grupo de jovens se juntavam todos os finais de semana para \u201cbater uma pelada\u201d, ontem (08), mais uma vez, como j\u00e1 vem ocorrendo h\u00e1 v\u00e1rios anos consecutivos, a \u201cConfraterniza\u00e7\u00e3o dos Peladeiros\u201d manteve a\" data-image=\"\" data-button=\"none\">\n\t\t\t\t\t<img src=\"\/\/www.linksalpha.com\/images\/social_share_button.png\" alt=\"Share\" class=\"linksalpha_image\" \/>\n\t\t\t\t\t<\/a><script type=\"text\/javascript\" src=\"\/\/www.linksalpha.com\/scripts\/loader_iconbox.js?v=2.4\"><\/script><\/span><\/div>","protected":false},"author":2,"featured_media":0,"comment_status":"open","ping_status":"open","sticky":false,"template":"","format":"standard","meta":[],"categories":[21],"tags":[],"_links":{"self":[{"href":"http:\/\/www.blogdopilako.com.br\/wp\/wp-json\/wp\/v2\/posts\/127325"}],"collection":[{"href":"http:\/\/www.blogdopilako.com.br\/wp\/wp-json\/wp\/v2\/posts"}],"about":[{"href":"http:\/\/www.blogdopilako.com.br\/wp\/wp-json\/wp\/v2\/types\/post"}],"author":[{"embeddable":true,"href":"http:\/\/www.blogdopilako.com.br\/wp\/wp-json\/wp\/v2\/users\/2"}],"replies":[{"embeddable":true,"href":"http:\/\/www.blogdopilako.com.br\/wp\/wp-json\/wp\/v2\/comments?post=127325"}],"version-history":[{"count":1,"href":"http:\/\/www.blogdopilako.com.br\/wp\/wp-json\/wp\/v2\/posts\/127325\/revisions"}],"predecessor-version":[{"id":127331,"href":"http:\/\/www.blogdopilako.com.br\/wp\/wp-json\/wp\/v2\/posts\/127325\/revisions\/127331"}],"wp:attachment":[{"href":"http:\/\/www.blogdopilako.com.br\/wp\/wp-json\/wp\/v2\/media?parent=127325"}],"wp:term":[{"taxonomy":"category","embeddable":true,"href":"http:\/\/www.blogdopilako.com.br\/wp\/wp-json\/wp\/v2\/categories?post=127325"},{"taxonomy":"post_tag","embeddable":true,"href":"http:\/\/www.blogdopilako.com.br\/wp\/wp-json\/wp\/v2\/tags?post=127325"}],"curies":[{"name":"wp","href":"https:\/\/api.w.org\/{rel}","templated":true}]}}