{"id":127207,"date":"2019-12-03T14:50:32","date_gmt":"2019-12-03T17:50:32","guid":{"rendered":"http:\/\/www.blogdopilako.com.br\/wp\/?p=127207"},"modified":"2019-12-03T11:24:25","modified_gmt":"2019-12-03T14:24:25","slug":"mario-de-farias-castro-por-pedro-ferrer-2","status":"publish","type":"post","link":"http:\/\/www.blogdopilako.com.br\/wp\/2019\/12\/03\/mario-de-farias-castro-por-pedro-ferrer-2\/","title":{"rendered":"M\u00c1RIO DE FARIAS CASTRO \u2013 por Pedro Ferrer."},"content":{"rendered":"\n\t\t\t\t<div class=\"mr_social_sharing_wrapper\">\n\t\t\t\t<!-- Social Sharing Toolkit v2.2 --><span class=\"mr_social_sharing_top\"><span style=\"display: inline-block; width: 55px; height: 62px; overflow: hidden;\"><div class=\"fb-like\" data-href=\"http:\/\/www.blogdopilako.com.br\/wp\/2019\/12\/03\/mario-de-farias-castro-por-pedro-ferrer-2\/\" data-send=\"false\" data-layout=\"box_count\" data-width=\"55\" data-show-faces=\"false\"><\/div><\/span><\/span><span class=\"mr_social_sharing_top\"><fb:share-button type=\"box_count\" href=\"http:\/\/www.blogdopilako.com.br\/wp\/2019\/12\/03\/mario-de-farias-castro-por-pedro-ferrer-2\/\"><\/fb:share-button><\/span><span class=\"mr_social_sharing\"><a rel=\"nofollow\" class=\"linksalpha_button linksalpha_link\" href=\"\/\/www.linksalpha.com\/social\/mobile\" data-url=\"http:\/\/www.blogdopilako.com.br\/wp\/2019\/12\/03\/mario-de-farias-castro-por-pedro-ferrer-2\/\" data-text=\"M\u00c1RIO DE FARIAS CASTRO \u2013 por Pedro Ferrer.\" data-desc=\"Estatura mediana baixa. Sempre de palet\u00f3, predominantemente cinza. Essa \u00e9 a imagem que dele guardo quando de casa saia para a igreja da Matriz. M\u00e1rio de Farias Castro, o grande cruzado da \u201cCasa dos Pobres\u201d, era filho de Francisco de Farias Castro e de Maria J\u00falia de Farias Castro. Seu pai,\" data-image=\"http:\/\/www.blogdopilako.com.br\/wp\/wp-content\/uploads\/2019\/12\/IMG_E1261-676x1024-198x300-198x300.jpg\" data-button=\"none\">\n\t\t\t\t\t<img src=\"\/\/www.linksalpha.com\/images\/social_share_button.png\" alt=\"Share\" class=\"linksalpha_image\" \/>\n\t\t\t\t\t<\/a><script type=\"text\/javascript\" src=\"\/\/www.linksalpha.com\/scripts\/loader_iconbox.js?v=2.4\"><\/script><\/span><\/div><p><img loading=\"lazy\" class=\"alignnone size-medium wp-image-127208 alignleft\" src=\"http:\/\/www.blogdopilako.com.br\/wp\/wp-content\/uploads\/2019\/12\/IMG_E1261-676x1024-198x300-198x300.jpg\" alt=\"\" width=\"198\" height=\"300\" \/><\/p>\n<p style=\"text-align: justify;\">Estatura mediana baixa. Sempre de palet\u00f3, predominantemente cinza. Essa \u00e9 a imagem que dele guardo quando de casa saia para a igreja da Matriz.<\/p>\n<p style=\"text-align: justify;\">M\u00e1rio de Farias Castro, o grande cruzado da \u201cCasa dos Pobres\u201d, era filho de Francisco de Farias Castro e de Maria J\u00falia de Farias Castro. Seu pai, juiz de direito, ao aposentar-se fixou resid\u00eancia em Gravat\u00e1, onde, no dia 26 de agosto de 1901, nasceu aquele que seria o grande baluarte da nossa \u201cCasa dos Pobres\u201d. Aos 15 anos, com a morte do pai, mudou-se para o Recife, onde concluiu o curso secund\u00e1rio. Ingressou, em seguida, na Faculdade de Direito do Recife, bacharelando-se no dia 18 de dezembro de 1924. No ano seguinte foi nomeado promotor da Comarca de Bel\u00e9m do Cabrob\u00f3, sendo logo em seguida transferido para a Comarca do Jaboat\u00e3o. Em mar\u00e7o de 1928, sendo promotor de Bezerros, contraiu n\u00fapcias com a senhorita Maria Belkiss de Holanda Cavalcanti, antonense, filha do dr. Nestor de Holanda Cavalcanti. As n\u00fapcias foram oficializadas pelo padre Jos\u00e9 Lamartine Correia de Lyra, vig\u00e1rio de Piedade. No ano de 1929 vamos encontr\u00e1-lo como promotor da Comarca dos Barreiros. Em 1930, com a revolu\u00e7\u00e3o que levou Get\u00falio Vargas ao poder, foi, por persegui\u00e7\u00e3o pol\u00edtica, demitido do cargo de promotor, pelo interventor federal em Pernambuco, dr. Carlos de Lima Cavalcanti, demiss\u00e3o decorrente de sua manifesta simpatia pelo partido Integralista, do qual era membro e que tinha como l\u00edder o dr. Pl\u00ednio Salgado, inimigo pol\u00edtico de Get\u00falio Vargas. Era uma \u00e9poca de repress\u00e3o, na qual a democracia e a liberdade eram amorda\u00e7adas<\/p>\n<p style=\"text-align: justify;\">Dr. M\u00e1rio Castro n\u00e3o baixou a cabe\u00e7a. Passou a residir em Vit\u00f3ria de Santo Ant\u00e3o e reabriu sua banca de advogado, pautando-se sempre pelos nobres valores do cristianismo: justi\u00e7a e caridade. Mais tarde, impulsionado pelos seus elevados sentimentos de amor ao pr\u00f3ximo lan\u00e7ou, como presidente da Uni\u00e3o dos Mo\u00e7os Cat\u00f3licos, a ideia, logo acolhida pelo padre<\/p>\n<p style=\"text-align: justify;\">Am\u00e9rico Pita e por toda a sociedade antonense, de fundar a Casa dos Pobres que se tornou a raz\u00e3o primeira de sua vida. Assim sendo dedicou-se de corpo e alma ao elevado ideal. Paralelamente construiu 40 casas, cujos alugueis foram destinados \u00e0 manuten\u00e7\u00e3o do abrigo dos velhos abandonados, ao mesmo tempo em que se dedicava sem tr\u00e9gua \u00e0s atividades forenses e sociais. Em 1950 participou da funda\u00e7\u00e3o do Instituto Hist\u00f3rico e Geogr\u00e1fico do qual foi orador durante v\u00e1rios anos. Dele partiu a iniciativa de doar, ao Instituto, a hist\u00f3rica mesa usada pela Fam\u00edlia Imperial, quando de sua passagem pela nossa cidade.<\/p>\n<p style=\"text-align: justify;\">M\u00e1rio Castro n\u00e3o deixou filhos. V\u00edtima do diabetes, doen\u00e7a com a qual conviveu por mais de trinta anos, faleceu no dia 18 de fevereiro de 1967, na idade de 66 anos. O grande instituidor e mantenedor da \u201cCasa dos Pobres\u201d legou \u00e0s futuras gera\u00e7\u00f5es um extraordin\u00e1rio exemplo de amor ao pr\u00f3ximo.<\/p>\n<p style=\"text-align: justify;\"><strong>Pedro Humberto Ferrer de Moraes.\u00a0<\/strong><\/p>\n<p style=\"text-align: justify;\">-Fonte bibliogr\u00e1fica:<\/p>\n<p style=\"text-align: justify;\">-Revista do Instituto Hist\u00f3rico e Geogr\u00e1fico da Vit\u00f3ria de Santo ant\u00e3o, volume VIII, p\u00e1gina 57, 1982.<\/p>\n<p style=\"text-align: justify;\">-Transmiss\u00f5es orais e conhecimento direto do biografado.<\/p>\n<p style=\"text-align: justify;\">\u2013 \u201cA Voz Parochial\u201d, peri\u00f3dico da Matriz de Santo Ant\u00e3o.<\/p>\n\n\t\t\t\t<div class=\"mr_social_sharing_wrapper\">\n\t\t\t\t<!-- Social Sharing Toolkit v2.2 --><span class=\"mr_social_sharing_top\"><span style=\"display: inline-block; width: 55px; height: 62px; overflow: hidden;\"><div class=\"fb-like\" data-href=\"http:\/\/www.blogdopilako.com.br\/wp\/2019\/12\/03\/mario-de-farias-castro-por-pedro-ferrer-2\/\" data-send=\"false\" data-layout=\"box_count\" data-width=\"55\" data-show-faces=\"false\"><\/div><\/span><\/span><span class=\"mr_social_sharing_top\"><fb:share-button type=\"box_count\" href=\"http:\/\/www.blogdopilako.com.br\/wp\/2019\/12\/03\/mario-de-farias-castro-por-pedro-ferrer-2\/\"><\/fb:share-button><\/span><span class=\"mr_social_sharing\"><a rel=\"nofollow\" class=\"linksalpha_button linksalpha_link\" href=\"\/\/www.linksalpha.com\/social\/mobile\" data-url=\"http:\/\/www.blogdopilako.com.br\/wp\/2019\/12\/03\/mario-de-farias-castro-por-pedro-ferrer-2\/\" data-text=\"M\u00c1RIO DE FARIAS CASTRO \u2013 por Pedro Ferrer.\" data-desc=\"Estatura mediana baixa. Sempre de palet\u00f3, predominantemente cinza. Essa \u00e9 a imagem que dele guardo quando de casa saia para a igreja da Matriz. M\u00e1rio de Farias Castro, o grande cruzado da \u201cCasa dos Pobres\u201d, era filho de Francisco de Farias Castro e de Maria J\u00falia de Farias Castro. Seu pai,\" data-image=\"http:\/\/www.blogdopilako.com.br\/wp\/wp-content\/uploads\/2019\/12\/IMG_E1261-676x1024-198x300-198x300.jpg\" data-button=\"none\">\n\t\t\t\t\t<img src=\"\/\/www.linksalpha.com\/images\/social_share_button.png\" alt=\"Share\" class=\"linksalpha_image\" \/>\n\t\t\t\t\t<\/a><script type=\"text\/javascript\" src=\"\/\/www.linksalpha.com\/scripts\/loader_iconbox.js?v=2.4\"><\/script><\/span><\/div>","protected":false},"excerpt":{"rendered":"\n\t\t\t\t<div class=\"mr_social_sharing_wrapper\">\n\t\t\t\t<!-- Social Sharing Toolkit v2.2 --><span class=\"mr_social_sharing_top\"><span style=\"display: inline-block; width: 55px; height: 62px; overflow: hidden;\"><div class=\"fb-like\" data-href=\"http:\/\/www.blogdopilako.com.br\/wp\/2019\/12\/03\/mario-de-farias-castro-por-pedro-ferrer-2\/\" data-send=\"false\" data-layout=\"box_count\" data-width=\"55\" data-show-faces=\"false\"><\/div><\/span><\/span><span class=\"mr_social_sharing_top\"><fb:share-button type=\"box_count\" href=\"http:\/\/www.blogdopilako.com.br\/wp\/2019\/12\/03\/mario-de-farias-castro-por-pedro-ferrer-2\/\"><\/fb:share-button><\/span><span class=\"mr_social_sharing\"><a rel=\"nofollow\" class=\"linksalpha_button linksalpha_link\" href=\"\/\/www.linksalpha.com\/social\/mobile\" data-url=\"http:\/\/www.blogdopilako.com.br\/wp\/2019\/12\/03\/mario-de-farias-castro-por-pedro-ferrer-2\/\" data-text=\"M\u00c1RIO DE FARIAS CASTRO \u2013 por Pedro Ferrer.\" data-desc=\"Estatura mediana baixa. Sempre de palet\u00f3, predominantemente cinza. Essa \u00e9 a imagem que dele guardo quando de casa saia para a igreja da Matriz. M\u00e1rio de Farias Castro, o grande cruzado da \u201cCasa dos Pobres\u201d, era filho de Francisco de Farias Castro e de Maria J\u00falia de Farias Castro. Seu pai,\" data-image=\"\" data-button=\"none\">\n\t\t\t\t\t<img src=\"\/\/www.linksalpha.com\/images\/social_share_button.png\" alt=\"Share\" class=\"linksalpha_image\" \/>\n\t\t\t\t\t<\/a><script type=\"text\/javascript\" src=\"\/\/www.linksalpha.com\/scripts\/loader_iconbox.js?v=2.4\"><\/script><\/span><\/div><p>Estatura mediana baixa. Sempre de palet\u00f3, predominantemente cinza. Essa \u00e9 a imagem que dele guardo quando de casa saia para a igreja da Matriz. M\u00e1rio de Farias Castro, o grande cruzado da \u201cCasa dos Pobres\u201d, era filho de Francisco de &hellip; <a href=\"http:\/\/www.blogdopilako.com.br\/wp\/2019\/12\/03\/mario-de-farias-castro-por-pedro-ferrer-2\/\">Continue lendo <span class=\"meta-nav\">&rarr;<\/span><\/a><\/p>\n\n\t\t\t\t<div class=\"mr_social_sharing_wrapper\">\n\t\t\t\t<!-- Social Sharing Toolkit v2.2 --><span class=\"mr_social_sharing_top\"><span style=\"display: inline-block; width: 55px; height: 62px; overflow: hidden;\"><div class=\"fb-like\" data-href=\"http:\/\/www.blogdopilako.com.br\/wp\/2019\/12\/03\/mario-de-farias-castro-por-pedro-ferrer-2\/\" data-send=\"false\" data-layout=\"box_count\" data-width=\"55\" data-show-faces=\"false\"><\/div><\/span><\/span><span class=\"mr_social_sharing_top\"><fb:share-button type=\"box_count\" href=\"http:\/\/www.blogdopilako.com.br\/wp\/2019\/12\/03\/mario-de-farias-castro-por-pedro-ferrer-2\/\"><\/fb:share-button><\/span><span class=\"mr_social_sharing\"><a rel=\"nofollow\" class=\"linksalpha_button linksalpha_link\" href=\"\/\/www.linksalpha.com\/social\/mobile\" data-url=\"http:\/\/www.blogdopilako.com.br\/wp\/2019\/12\/03\/mario-de-farias-castro-por-pedro-ferrer-2\/\" data-text=\"M\u00c1RIO DE FARIAS CASTRO \u2013 por Pedro Ferrer.\" data-desc=\"Estatura mediana baixa. Sempre de palet\u00f3, predominantemente cinza. Essa \u00e9 a imagem que dele guardo quando de casa saia para a igreja da Matriz. M\u00e1rio de Farias Castro, o grande cruzado da \u201cCasa dos Pobres\u201d, era filho de Francisco de Farias Castro e de Maria J\u00falia de Farias Castro. Seu pai,\" data-image=\"\" data-button=\"none\">\n\t\t\t\t\t<img src=\"\/\/www.linksalpha.com\/images\/social_share_button.png\" alt=\"Share\" class=\"linksalpha_image\" \/>\n\t\t\t\t\t<\/a><script type=\"text\/javascript\" src=\"\/\/www.linksalpha.com\/scripts\/loader_iconbox.js?v=2.4\"><\/script><\/span><\/div>","protected":false},"author":2,"featured_media":0,"comment_status":"open","ping_status":"open","sticky":false,"template":"","format":"standard","meta":[],"categories":[17],"tags":[],"_links":{"self":[{"href":"http:\/\/www.blogdopilako.com.br\/wp\/wp-json\/wp\/v2\/posts\/127207"}],"collection":[{"href":"http:\/\/www.blogdopilako.com.br\/wp\/wp-json\/wp\/v2\/posts"}],"about":[{"href":"http:\/\/www.blogdopilako.com.br\/wp\/wp-json\/wp\/v2\/types\/post"}],"author":[{"embeddable":true,"href":"http:\/\/www.blogdopilako.com.br\/wp\/wp-json\/wp\/v2\/users\/2"}],"replies":[{"embeddable":true,"href":"http:\/\/www.blogdopilako.com.br\/wp\/wp-json\/wp\/v2\/comments?post=127207"}],"version-history":[{"count":1,"href":"http:\/\/www.blogdopilako.com.br\/wp\/wp-json\/wp\/v2\/posts\/127207\/revisions"}],"predecessor-version":[{"id":127209,"href":"http:\/\/www.blogdopilako.com.br\/wp\/wp-json\/wp\/v2\/posts\/127207\/revisions\/127209"}],"wp:attachment":[{"href":"http:\/\/www.blogdopilako.com.br\/wp\/wp-json\/wp\/v2\/media?parent=127207"}],"wp:term":[{"taxonomy":"category","embeddable":true,"href":"http:\/\/www.blogdopilako.com.br\/wp\/wp-json\/wp\/v2\/categories?post=127207"},{"taxonomy":"post_tag","embeddable":true,"href":"http:\/\/www.blogdopilako.com.br\/wp\/wp-json\/wp\/v2\/tags?post=127207"}],"curies":[{"name":"wp","href":"https:\/\/api.w.org\/{rel}","templated":true}]}}