{"id":126570,"date":"2019-11-05T15:00:25","date_gmt":"2019-11-05T18:00:25","guid":{"rendered":"http:\/\/www.blogdopilako.com.br\/wp\/?p=126570"},"modified":"2019-11-05T12:09:35","modified_gmt":"2019-11-05T15:09:35","slug":"oleo-nas-prais-se-os-politicos-ficassem-calados-ja-estarao-ajudando-muito","status":"publish","type":"post","link":"http:\/\/www.blogdopilako.com.br\/wp\/2019\/11\/05\/oleo-nas-prais-se-os-politicos-ficassem-calados-ja-estarao-ajudando-muito\/","title":{"rendered":"\u00d3leo nas Prais: se os pol\u00edticos ficassem calados j\u00e1 estar\u00e3o ajudando muito!!!"},"content":{"rendered":"\n\t\t\t\t<div class=\"mr_social_sharing_wrapper\">\n\t\t\t\t<!-- Social Sharing Toolkit v2.2 --><span class=\"mr_social_sharing_top\"><span style=\"display: inline-block; width: 55px; height: 62px; overflow: hidden;\"><div class=\"fb-like\" data-href=\"http:\/\/www.blogdopilako.com.br\/wp\/2019\/11\/05\/oleo-nas-prais-se-os-politicos-ficassem-calados-ja-estarao-ajudando-muito\/\" data-send=\"false\" data-layout=\"box_count\" data-width=\"55\" data-show-faces=\"false\"><\/div><\/span><\/span><span class=\"mr_social_sharing_top\"><fb:share-button type=\"box_count\" href=\"http:\/\/www.blogdopilako.com.br\/wp\/2019\/11\/05\/oleo-nas-prais-se-os-politicos-ficassem-calados-ja-estarao-ajudando-muito\/\"><\/fb:share-button><\/span><span class=\"mr_social_sharing\"><a rel=\"nofollow\" class=\"linksalpha_button linksalpha_link\" href=\"\/\/www.linksalpha.com\/social\/mobile\" data-url=\"http:\/\/www.blogdopilako.com.br\/wp\/2019\/11\/05\/oleo-nas-prais-se-os-politicos-ficassem-calados-ja-estarao-ajudando-muito\/\" data-text=\"\u00d3leo nas Prais: se os pol\u00edticos ficassem calados j\u00e1 estar\u00e3o ajudando muito!!!\" data-desc=\"Com a ampla divulga\u00e7\u00e3o nas mais diferentes plataformas de comunica\u00e7\u00e3o seria quase imposs\u00edvel imaginar que ainda exista algum brasileiro, sobretudo os moradores da Regi\u00e3o Nordeste, que n\u00e3o fora impactado pelas not\u00edcias da chegada do \u00f3leo no nosso litoral. Em tempos de debates ambientais e\" data-image=\"http:\/\/www.blogdopilako.com.br\/wp\/wp-content\/uploads\/2019\/11\/2aaa1dac3ac95c86731d9ae607681e8a.jpg\" data-button=\"none\">\n\t\t\t\t\t<img src=\"\/\/www.linksalpha.com\/images\/social_share_button.png\" alt=\"Share\" class=\"linksalpha_image\" \/>\n\t\t\t\t\t<\/a><script type=\"text\/javascript\" src=\"\/\/www.linksalpha.com\/scripts\/loader_iconbox.js?v=2.4\"><\/script><\/span><\/div><p><img loading=\"lazy\" class=\"aligncenter wp-image-126572 size-full\" src=\"http:\/\/www.blogdopilako.com.br\/wp\/wp-content\/uploads\/2019\/11\/2aaa1dac3ac95c86731d9ae607681e8a.jpg\" alt=\"\" width=\"748\" height=\"410\" srcset=\"http:\/\/www.blogdopilako.com.br\/wp\/wp-content\/uploads\/2019\/11\/2aaa1dac3ac95c86731d9ae607681e8a.jpg 748w, http:\/\/www.blogdopilako.com.br\/wp\/wp-content\/uploads\/2019\/11\/2aaa1dac3ac95c86731d9ae607681e8a-300x164.jpg 300w\" sizes=\"(max-width: 748px) 100vw, 748px\" \/><\/p>\n<p style=\"text-align: justify;\">Com a ampla divulga\u00e7\u00e3o nas mais diferentes plataformas de comunica\u00e7\u00e3o seria quase imposs\u00edvel imaginar que ainda exista algum brasileiro, sobretudo os moradores da Regi\u00e3o Nordeste, que n\u00e3o fora impactado pelas not\u00edcias da chegada do \u00f3leo no nosso litoral.<\/p>\n<p style=\"text-align: justify;\">Em tempos de debates ambientais e ampla conscientiza\u00e7\u00e3o \u00e0 preserva\u00e7\u00e3o da natureza, esse tr\u00e1gico evento ganhou contornos muito al\u00e9m do imaginado, inicialmente. Quanto mais se aprofunda nas quest\u00f5es t\u00e9cnicas, mais problemas de toda ordem, em curto e longo prazo, \u00a0saltam aos olhos! Em fun\u00e7\u00e3o \u00a0da magnitude e propor\u00e7\u00e3o da trag\u00e9dia, \u00a0pontuais e coletivos, ambientais e econ\u00f4micos, sociais e pol\u00edticos e etc, entendemos que dificilmente esse epis\u00f3dio n\u00e3o nos deixar\u00e1 danos irrepar\u00e1veis.<\/p>\n<p style=\"text-align: justify;\">Para ficar s\u00f3 no campo pol\u00edtico de curto prazo, por assim dizer, j\u00e1 que para as outras quest\u00f5es necessita-se de preparo t\u00e9cnico\/cientifico para meter o \u201cbedelho\u201d, observamos que os nossos pol\u00edticos \u2013 dos v\u00e1rios campos ideol\u00f3gicos \u2013 ao abrirem a boca para opinar, ficam mal na fita!!<\/p>\n<p><img loading=\"lazy\" class=\"size-medium wp-image-126571 alignright\" src=\"http:\/\/www.blogdopilako.com.br\/wp\/wp-content\/uploads\/2019\/11\/navio-esperanza-greenpeace-visitacao-belem-3-conexao-planeta-300x176.jpg\" alt=\"\" width=\"300\" height=\"176\" srcset=\"http:\/\/www.blogdopilako.com.br\/wp\/wp-content\/uploads\/2019\/11\/navio-esperanza-greenpeace-visitacao-belem-3-conexao-planeta-300x176.jpg 300w, http:\/\/www.blogdopilako.com.br\/wp\/wp-content\/uploads\/2019\/11\/navio-esperanza-greenpeace-visitacao-belem-3-conexao-planeta-768x450.jpg 768w, http:\/\/www.blogdopilako.com.br\/wp\/wp-content\/uploads\/2019\/11\/navio-esperanza-greenpeace-visitacao-belem-3-conexao-planeta.jpg 800w\" sizes=\"(max-width: 300px) 100vw, 300px\" \/><\/p>\n<p style=\"text-align: justify;\">Primeiro foi o presidente Jair Bolsonaro, \u00a0ao \u201cjogar\u201d a ideia conspirat\u00f3ria de que \u201cisso\u201d poderia ter sido um ataque criminoso. Sem estilo para tal, o ministro do meio ambiente, Ricardo Salles, \u00a0foi mais al\u00e9m: aventou a possibilidade de um navio do Greenpeace haver sido o respons\u00e1vel. No rastro dessas \u00a0\u201cbola-fora\u201d, \u00a0eis que surge o deputado federa por Pernambuco, Jo\u00e3o Campos, propondo uma CPI para apurar a referida trag\u00e9dia.<\/p>\n<p style=\"text-align: justify;\">Ora! Todos n\u00f3s sabemos que, na pr\u00e1tica,\u00a0 as chamadas \u201cCPIs\u201d s\u00f3 servem\u00a0 mesmo para criar oportunidades na promo\u00e7\u00e3o (holofotes) de pol\u00edticos que querem e est\u00e3o precisando aparecer na m\u00eddia. J\u00e1 n\u00e3o nos basta o efeito negativo para o turismo e os neg\u00f3cios da \u00a0nossa regi\u00e3o \u00a0&#8211; Nordeste \u00a0&#8211; com esse problema? D\u00e1 \u00a0mais visibilidade e \u201cesticar\u201d a agenda negativa dessa quest\u00e3o\u00a0 \u00e9, definitivamente, \u201cum tiro no pr\u00f3prio \u00a0p\u00e9\u201d.<\/p>\n<p style=\"text-align: justify;\"><img loading=\"lazy\" class=\"aligncenter wp-image-126573 size-large\" src=\"http:\/\/www.blogdopilako.com.br\/wp\/wp-content\/uploads\/2019\/11\/8041360_x720-1024x576.jpg\" alt=\"\" width=\"640\" height=\"360\" srcset=\"http:\/\/www.blogdopilako.com.br\/wp\/wp-content\/uploads\/2019\/11\/8041360_x720-1024x576.jpg 1024w, http:\/\/www.blogdopilako.com.br\/wp\/wp-content\/uploads\/2019\/11\/8041360_x720-300x169.jpg 300w, http:\/\/www.blogdopilako.com.br\/wp\/wp-content\/uploads\/2019\/11\/8041360_x720-768x432.jpg 768w, http:\/\/www.blogdopilako.com.br\/wp\/wp-content\/uploads\/2019\/11\/8041360_x720.jpg 1280w\" sizes=\"(max-width: 640px) 100vw, 640px\" \/>Precisamos, nesse momento, \u00e9 de uma grande for\u00e7a tarefa para atenuar os efeitos danosos desse triste e lament\u00e1vel acontecimento. Quest\u00f5es t\u00e9cnicas se resolvem com pesquisas e cientistas. <strong>Imagino que para os pol\u00edticos &#8211; se n\u00e3o for para cobrar repara\u00e7\u00e3o aos causadores da trag\u00e9dia &#8211; se conseguirem ficar calados j\u00e1 estar\u00e3o ajudando muito!!!<\/strong><\/p>\n<p style=\"text-align: justify;\">\n<p style=\"text-align: justify;\">\n\n\t\t\t\t<div class=\"mr_social_sharing_wrapper\">\n\t\t\t\t<!-- Social Sharing Toolkit v2.2 --><span class=\"mr_social_sharing_top\"><span style=\"display: inline-block; width: 55px; height: 62px; overflow: hidden;\"><div class=\"fb-like\" data-href=\"http:\/\/www.blogdopilako.com.br\/wp\/2019\/11\/05\/oleo-nas-prais-se-os-politicos-ficassem-calados-ja-estarao-ajudando-muito\/\" data-send=\"false\" data-layout=\"box_count\" data-width=\"55\" data-show-faces=\"false\"><\/div><\/span><\/span><span class=\"mr_social_sharing_top\"><fb:share-button type=\"box_count\" href=\"http:\/\/www.blogdopilako.com.br\/wp\/2019\/11\/05\/oleo-nas-prais-se-os-politicos-ficassem-calados-ja-estarao-ajudando-muito\/\"><\/fb:share-button><\/span><span class=\"mr_social_sharing\"><a rel=\"nofollow\" class=\"linksalpha_button linksalpha_link\" href=\"\/\/www.linksalpha.com\/social\/mobile\" data-url=\"http:\/\/www.blogdopilako.com.br\/wp\/2019\/11\/05\/oleo-nas-prais-se-os-politicos-ficassem-calados-ja-estarao-ajudando-muito\/\" data-text=\"\u00d3leo nas Prais: se os pol\u00edticos ficassem calados j\u00e1 estar\u00e3o ajudando muito!!!\" data-desc=\"Com a ampla divulga\u00e7\u00e3o nas mais diferentes plataformas de comunica\u00e7\u00e3o seria quase imposs\u00edvel imaginar que ainda exista algum brasileiro, sobretudo os moradores da Regi\u00e3o Nordeste, que n\u00e3o fora impactado pelas not\u00edcias da chegada do \u00f3leo no nosso litoral. Em tempos de debates ambientais e\" data-image=\"http:\/\/www.blogdopilako.com.br\/wp\/wp-content\/uploads\/2019\/11\/2aaa1dac3ac95c86731d9ae607681e8a.jpg\" data-button=\"none\">\n\t\t\t\t\t<img src=\"\/\/www.linksalpha.com\/images\/social_share_button.png\" alt=\"Share\" class=\"linksalpha_image\" \/>\n\t\t\t\t\t<\/a><script type=\"text\/javascript\" src=\"\/\/www.linksalpha.com\/scripts\/loader_iconbox.js?v=2.4\"><\/script><\/span><\/div>","protected":false},"excerpt":{"rendered":"\n\t\t\t\t<div class=\"mr_social_sharing_wrapper\">\n\t\t\t\t<!-- Social Sharing Toolkit v2.2 --><span class=\"mr_social_sharing_top\"><span style=\"display: inline-block; width: 55px; height: 62px; overflow: hidden;\"><div class=\"fb-like\" data-href=\"http:\/\/www.blogdopilako.com.br\/wp\/2019\/11\/05\/oleo-nas-prais-se-os-politicos-ficassem-calados-ja-estarao-ajudando-muito\/\" data-send=\"false\" data-layout=\"box_count\" data-width=\"55\" data-show-faces=\"false\"><\/div><\/span><\/span><span class=\"mr_social_sharing_top\"><fb:share-button type=\"box_count\" href=\"http:\/\/www.blogdopilako.com.br\/wp\/2019\/11\/05\/oleo-nas-prais-se-os-politicos-ficassem-calados-ja-estarao-ajudando-muito\/\"><\/fb:share-button><\/span><span class=\"mr_social_sharing\"><a rel=\"nofollow\" class=\"linksalpha_button linksalpha_link\" href=\"\/\/www.linksalpha.com\/social\/mobile\" data-url=\"http:\/\/www.blogdopilako.com.br\/wp\/2019\/11\/05\/oleo-nas-prais-se-os-politicos-ficassem-calados-ja-estarao-ajudando-muito\/\" data-text=\"\u00d3leo nas Prais: se os pol\u00edticos ficassem calados j\u00e1 estar\u00e3o ajudando muito!!!\" data-desc=\"Com a ampla divulga\u00e7\u00e3o nas mais diferentes plataformas de comunica\u00e7\u00e3o seria quase imposs\u00edvel imaginar que ainda exista algum brasileiro, sobretudo os moradores da Regi\u00e3o Nordeste, que n\u00e3o fora impactado pelas not\u00edcias da chegada do \u00f3leo no nosso litoral. Em tempos de debates ambientais e\" data-image=\"\" data-button=\"none\">\n\t\t\t\t\t<img src=\"\/\/www.linksalpha.com\/images\/social_share_button.png\" alt=\"Share\" class=\"linksalpha_image\" \/>\n\t\t\t\t\t<\/a><script type=\"text\/javascript\" src=\"\/\/www.linksalpha.com\/scripts\/loader_iconbox.js?v=2.4\"><\/script><\/span><\/div><p>Com a ampla divulga\u00e7\u00e3o nas mais diferentes plataformas de comunica\u00e7\u00e3o seria quase imposs\u00edvel imaginar que ainda exista algum brasileiro, sobretudo os moradores da Regi\u00e3o Nordeste, que n\u00e3o fora impactado pelas not\u00edcias da chegada do \u00f3leo no nosso litoral. Em tempos &hellip; <a href=\"http:\/\/www.blogdopilako.com.br\/wp\/2019\/11\/05\/oleo-nas-prais-se-os-politicos-ficassem-calados-ja-estarao-ajudando-muito\/\">Continue lendo <span class=\"meta-nav\">&rarr;<\/span><\/a><\/p>\n\n\t\t\t\t<div class=\"mr_social_sharing_wrapper\">\n\t\t\t\t<!-- Social Sharing Toolkit v2.2 --><span class=\"mr_social_sharing_top\"><span style=\"display: inline-block; width: 55px; height: 62px; overflow: hidden;\"><div class=\"fb-like\" data-href=\"http:\/\/www.blogdopilako.com.br\/wp\/2019\/11\/05\/oleo-nas-prais-se-os-politicos-ficassem-calados-ja-estarao-ajudando-muito\/\" data-send=\"false\" data-layout=\"box_count\" data-width=\"55\" data-show-faces=\"false\"><\/div><\/span><\/span><span class=\"mr_social_sharing_top\"><fb:share-button type=\"box_count\" href=\"http:\/\/www.blogdopilako.com.br\/wp\/2019\/11\/05\/oleo-nas-prais-se-os-politicos-ficassem-calados-ja-estarao-ajudando-muito\/\"><\/fb:share-button><\/span><span class=\"mr_social_sharing\"><a rel=\"nofollow\" class=\"linksalpha_button linksalpha_link\" href=\"\/\/www.linksalpha.com\/social\/mobile\" data-url=\"http:\/\/www.blogdopilako.com.br\/wp\/2019\/11\/05\/oleo-nas-prais-se-os-politicos-ficassem-calados-ja-estarao-ajudando-muito\/\" data-text=\"\u00d3leo nas Prais: se os pol\u00edticos ficassem calados j\u00e1 estar\u00e3o ajudando muito!!!\" data-desc=\"Com a ampla divulga\u00e7\u00e3o nas mais diferentes plataformas de comunica\u00e7\u00e3o seria quase imposs\u00edvel imaginar que ainda exista algum brasileiro, sobretudo os moradores da Regi\u00e3o Nordeste, que n\u00e3o fora impactado pelas not\u00edcias da chegada do \u00f3leo no nosso litoral. Em tempos de debates ambientais e\" data-image=\"\" data-button=\"none\">\n\t\t\t\t\t<img src=\"\/\/www.linksalpha.com\/images\/social_share_button.png\" alt=\"Share\" class=\"linksalpha_image\" \/>\n\t\t\t\t\t<\/a><script type=\"text\/javascript\" src=\"\/\/www.linksalpha.com\/scripts\/loader_iconbox.js?v=2.4\"><\/script><\/span><\/div>","protected":false},"author":2,"featured_media":0,"comment_status":"open","ping_status":"open","sticky":false,"template":"","format":"standard","meta":[],"categories":[21],"tags":[],"_links":{"self":[{"href":"http:\/\/www.blogdopilako.com.br\/wp\/wp-json\/wp\/v2\/posts\/126570"}],"collection":[{"href":"http:\/\/www.blogdopilako.com.br\/wp\/wp-json\/wp\/v2\/posts"}],"about":[{"href":"http:\/\/www.blogdopilako.com.br\/wp\/wp-json\/wp\/v2\/types\/post"}],"author":[{"embeddable":true,"href":"http:\/\/www.blogdopilako.com.br\/wp\/wp-json\/wp\/v2\/users\/2"}],"replies":[{"embeddable":true,"href":"http:\/\/www.blogdopilako.com.br\/wp\/wp-json\/wp\/v2\/comments?post=126570"}],"version-history":[{"count":1,"href":"http:\/\/www.blogdopilako.com.br\/wp\/wp-json\/wp\/v2\/posts\/126570\/revisions"}],"predecessor-version":[{"id":126574,"href":"http:\/\/www.blogdopilako.com.br\/wp\/wp-json\/wp\/v2\/posts\/126570\/revisions\/126574"}],"wp:attachment":[{"href":"http:\/\/www.blogdopilako.com.br\/wp\/wp-json\/wp\/v2\/media?parent=126570"}],"wp:term":[{"taxonomy":"category","embeddable":true,"href":"http:\/\/www.blogdopilako.com.br\/wp\/wp-json\/wp\/v2\/categories?post=126570"},{"taxonomy":"post_tag","embeddable":true,"href":"http:\/\/www.blogdopilako.com.br\/wp\/wp-json\/wp\/v2\/tags?post=126570"}],"curies":[{"name":"wp","href":"https:\/\/api.w.org\/{rel}","templated":true}]}}