{"id":126421,"date":"2019-10-30T11:00:49","date_gmt":"2019-10-30T14:00:49","guid":{"rendered":"http:\/\/www.blogdopilako.com.br\/wp\/?p=126421"},"modified":"2019-10-30T09:05:25","modified_gmt":"2019-10-30T12:05:25","slug":"toni-amorim-50-anos-de-composicoes-62","status":"publish","type":"post","link":"http:\/\/www.blogdopilako.com.br\/wp\/2019\/10\/30\/toni-amorim-50-anos-de-composicoes-62\/","title":{"rendered":"Toni Amorim: 50 Anos de Composi\u00e7\u00f5es!!"},"content":{"rendered":"\n\t\t\t\t<div class=\"mr_social_sharing_wrapper\">\n\t\t\t\t<!-- Social Sharing Toolkit v2.2 --><span class=\"mr_social_sharing_top\"><span style=\"display: inline-block; width: 55px; height: 62px; overflow: hidden;\"><div class=\"fb-like\" data-href=\"http:\/\/www.blogdopilako.com.br\/wp\/2019\/10\/30\/toni-amorim-50-anos-de-composicoes-62\/\" data-send=\"false\" data-layout=\"box_count\" data-width=\"55\" data-show-faces=\"false\"><\/div><\/span><\/span><span class=\"mr_social_sharing_top\"><fb:share-button type=\"box_count\" href=\"http:\/\/www.blogdopilako.com.br\/wp\/2019\/10\/30\/toni-amorim-50-anos-de-composicoes-62\/\"><\/fb:share-button><\/span><span class=\"mr_social_sharing\"><a rel=\"nofollow\" class=\"linksalpha_button linksalpha_link\" href=\"\/\/www.linksalpha.com\/social\/mobile\" data-url=\"http:\/\/www.blogdopilako.com.br\/wp\/2019\/10\/30\/toni-amorim-50-anos-de-composicoes-62\/\" data-text=\"Toni Amorim: 50 Anos de Composi\u00e7\u00f5es!!\" data-desc=\"Compositor vitoriense Toni Amorim - \u00a0m\u00fasica \u201cCI\u00daME, TEMPERO DO AMOR\u201d de sua autoria -\u00a0 interpretada pelo tamb\u00e9m vitoriense Ricardo Rico. A m\u00fasica \u00e9 integrante do \u00e1lbum\u00a0Toni Amorim: 50 anos de composi\u00e7\u00f5es. Ricardo Rico - Ci\u00fame, Tempero do Amor de Toni Amorim Aldenisio Tavares\" data-image=\"http:\/\/www.blogdopilako.com.br\/wp\/wp-content\/uploads\/2019\/10\/TONI.jpg\" data-button=\"none\">\n\t\t\t\t\t<img src=\"\/\/www.linksalpha.com\/images\/social_share_button.png\" alt=\"Share\" class=\"linksalpha_image\" \/>\n\t\t\t\t\t<\/a><script type=\"text\/javascript\" src=\"\/\/www.linksalpha.com\/scripts\/loader_iconbox.js?v=2.4\"><\/script><\/span><\/div><p><img loading=\"lazy\" class=\"aligncenter wp-image-126422 size-full\" src=\"http:\/\/www.blogdopilako.com.br\/wp\/wp-content\/uploads\/2019\/10\/TONI.jpg\" alt=\"\" width=\"411\" height=\"417\" srcset=\"http:\/\/www.blogdopilako.com.br\/wp\/wp-content\/uploads\/2019\/10\/TONI.jpg 411w, http:\/\/www.blogdopilako.com.br\/wp\/wp-content\/uploads\/2019\/10\/TONI-296x300.jpg 296w\" sizes=\"(max-width: 411px) 100vw, 411px\" \/><\/p>\n<p>Compositor vitoriense <strong>Toni Amorim &#8211; <\/strong>\u00a0m\u00fasica \u201c<strong>CI\u00daME, TEMPERO DO AMOR<\/strong>\u201d de sua autoria &#8211;\u00a0 interpretada pelo tamb\u00e9m vitoriense <strong>Ricardo Rico<\/strong>. A m\u00fasica \u00e9 integrante do \u00e1lbum\u00a0<em>Toni Amorim: 50 anos de composi\u00e7\u00f5es.<\/em><\/p>\n<p><strong><span class=\"wpaudio-container\"><a id=\"wpaudio-5db97b8734393\" class=\"wpaudio wpaudio-enc\" href=\"http:\/\/www.blogdopilako.com.br\/wp\/wp-content\/uploads\/toni.mp3\"><img class=\"wpaudio-play\" src=\"http:\/\/www.blogdopilako.com.br\/wp\/wp-content\/plugins\/wpaudio-mp3-player\/wpaudio-play.png\" \/>Ricardo Rico &#8211; Ci\u00fame, Tempero do Amor de Toni Amorim<\/a><\/span><\/strong><\/p>\n<p><strong>Aldenisio Tavares<\/strong><\/p>\n\n\t\t\t\t<div class=\"mr_social_sharing_wrapper\">\n\t\t\t\t<!-- Social Sharing Toolkit v2.2 --><span class=\"mr_social_sharing_top\"><span style=\"display: inline-block; width: 55px; height: 62px; overflow: hidden;\"><div class=\"fb-like\" data-href=\"http:\/\/www.blogdopilako.com.br\/wp\/2019\/10\/30\/toni-amorim-50-anos-de-composicoes-62\/\" data-send=\"false\" data-layout=\"box_count\" data-width=\"55\" data-show-faces=\"false\"><\/div><\/span><\/span><span class=\"mr_social_sharing_top\"><fb:share-button type=\"box_count\" href=\"http:\/\/www.blogdopilako.com.br\/wp\/2019\/10\/30\/toni-amorim-50-anos-de-composicoes-62\/\"><\/fb:share-button><\/span><span class=\"mr_social_sharing\"><a rel=\"nofollow\" class=\"linksalpha_button linksalpha_link\" href=\"\/\/www.linksalpha.com\/social\/mobile\" data-url=\"http:\/\/www.blogdopilako.com.br\/wp\/2019\/10\/30\/toni-amorim-50-anos-de-composicoes-62\/\" data-text=\"Toni Amorim: 50 Anos de Composi\u00e7\u00f5es!!\" data-desc=\"Compositor vitoriense Toni Amorim - \u00a0m\u00fasica \u201cCI\u00daME, TEMPERO DO AMOR\u201d de sua autoria -\u00a0 interpretada pelo tamb\u00e9m vitoriense Ricardo Rico. A m\u00fasica \u00e9 integrante do \u00e1lbum\u00a0Toni Amorim: 50 anos de composi\u00e7\u00f5es. Ricardo Rico - Ci\u00fame, Tempero do Amor de Toni Amorim Aldenisio Tavares\" data-image=\"http:\/\/www.blogdopilako.com.br\/wp\/wp-content\/uploads\/2019\/10\/TONI.jpg\" data-button=\"none\">\n\t\t\t\t\t<img src=\"\/\/www.linksalpha.com\/images\/social_share_button.png\" alt=\"Share\" class=\"linksalpha_image\" \/>\n\t\t\t\t\t<\/a><script type=\"text\/javascript\" src=\"\/\/www.linksalpha.com\/scripts\/loader_iconbox.js?v=2.4\"><\/script><\/span><\/div>","protected":false},"excerpt":{"rendered":"\n\t\t\t\t<div class=\"mr_social_sharing_wrapper\">\n\t\t\t\t<!-- Social Sharing Toolkit v2.2 --><span class=\"mr_social_sharing_top\"><span style=\"display: inline-block; width: 55px; height: 62px; overflow: hidden;\"><div class=\"fb-like\" data-href=\"http:\/\/www.blogdopilako.com.br\/wp\/2019\/10\/30\/toni-amorim-50-anos-de-composicoes-62\/\" data-send=\"false\" data-layout=\"box_count\" data-width=\"55\" data-show-faces=\"false\"><\/div><\/span><\/span><span class=\"mr_social_sharing_top\"><fb:share-button type=\"box_count\" href=\"http:\/\/www.blogdopilako.com.br\/wp\/2019\/10\/30\/toni-amorim-50-anos-de-composicoes-62\/\"><\/fb:share-button><\/span><span class=\"mr_social_sharing\"><a rel=\"nofollow\" class=\"linksalpha_button linksalpha_link\" href=\"\/\/www.linksalpha.com\/social\/mobile\" data-url=\"http:\/\/www.blogdopilako.com.br\/wp\/2019\/10\/30\/toni-amorim-50-anos-de-composicoes-62\/\" data-text=\"Toni Amorim: 50 Anos de Composi\u00e7\u00f5es!!\" data-desc=\"Compositor vitoriense Toni Amorim - \u00a0m\u00fasica \u201cCI\u00daME, TEMPERO DO AMOR\u201d de sua autoria -\u00a0 interpretada pelo tamb\u00e9m vitoriense Ricardo Rico. A m\u00fasica \u00e9 integrante do \u00e1lbum\u00a0Toni Amorim: 50 anos de composi\u00e7\u00f5es. Ricardo Rico - Ci\u00fame, Tempero do Amor de Toni Amorim Aldenisio Tavares\" data-image=\"\" data-button=\"none\">\n\t\t\t\t\t<img src=\"\/\/www.linksalpha.com\/images\/social_share_button.png\" alt=\"Share\" class=\"linksalpha_image\" \/>\n\t\t\t\t\t<\/a><script type=\"text\/javascript\" src=\"\/\/www.linksalpha.com\/scripts\/loader_iconbox.js?v=2.4\"><\/script><\/span><\/div><p>Compositor vitoriense Toni Amorim &#8211; \u00a0m\u00fasica \u201cCI\u00daME, TEMPERO DO AMOR\u201d de sua autoria &#8211;\u00a0 interpretada pelo tamb\u00e9m vitoriense Ricardo Rico. A m\u00fasica \u00e9 integrante do \u00e1lbum\u00a0Toni Amorim: 50 anos de composi\u00e7\u00f5es. Ricardo Rico &#8211; Ci\u00fame, Tempero do Amor de Toni &hellip; <a href=\"http:\/\/www.blogdopilako.com.br\/wp\/2019\/10\/30\/toni-amorim-50-anos-de-composicoes-62\/\">Continue lendo <span class=\"meta-nav\">&rarr;<\/span><\/a><\/p>\n\n\t\t\t\t<div class=\"mr_social_sharing_wrapper\">\n\t\t\t\t<!-- Social Sharing Toolkit v2.2 --><span class=\"mr_social_sharing_top\"><span style=\"display: inline-block; width: 55px; height: 62px; overflow: hidden;\"><div class=\"fb-like\" data-href=\"http:\/\/www.blogdopilako.com.br\/wp\/2019\/10\/30\/toni-amorim-50-anos-de-composicoes-62\/\" data-send=\"false\" data-layout=\"box_count\" data-width=\"55\" data-show-faces=\"false\"><\/div><\/span><\/span><span class=\"mr_social_sharing_top\"><fb:share-button type=\"box_count\" href=\"http:\/\/www.blogdopilako.com.br\/wp\/2019\/10\/30\/toni-amorim-50-anos-de-composicoes-62\/\"><\/fb:share-button><\/span><span class=\"mr_social_sharing\"><a rel=\"nofollow\" class=\"linksalpha_button linksalpha_link\" href=\"\/\/www.linksalpha.com\/social\/mobile\" data-url=\"http:\/\/www.blogdopilako.com.br\/wp\/2019\/10\/30\/toni-amorim-50-anos-de-composicoes-62\/\" data-text=\"Toni Amorim: 50 Anos de Composi\u00e7\u00f5es!!\" data-desc=\"Compositor vitoriense Toni Amorim - \u00a0m\u00fasica \u201cCI\u00daME, TEMPERO DO AMOR\u201d de sua autoria -\u00a0 interpretada pelo tamb\u00e9m vitoriense Ricardo Rico. A m\u00fasica \u00e9 integrante do \u00e1lbum\u00a0Toni Amorim: 50 anos de composi\u00e7\u00f5es. Ricardo Rico - Ci\u00fame, Tempero do Amor de Toni Amorim Aldenisio Tavares\" data-image=\"\" data-button=\"none\">\n\t\t\t\t\t<img src=\"\/\/www.linksalpha.com\/images\/social_share_button.png\" alt=\"Share\" class=\"linksalpha_image\" \/>\n\t\t\t\t\t<\/a><script type=\"text\/javascript\" src=\"\/\/www.linksalpha.com\/scripts\/loader_iconbox.js?v=2.4\"><\/script><\/span><\/div>","protected":false},"author":2,"featured_media":0,"comment_status":"open","ping_status":"open","sticky":false,"template":"","format":"standard","meta":[],"categories":[17],"tags":[],"_links":{"self":[{"href":"http:\/\/www.blogdopilako.com.br\/wp\/wp-json\/wp\/v2\/posts\/126421"}],"collection":[{"href":"http:\/\/www.blogdopilako.com.br\/wp\/wp-json\/wp\/v2\/posts"}],"about":[{"href":"http:\/\/www.blogdopilako.com.br\/wp\/wp-json\/wp\/v2\/types\/post"}],"author":[{"embeddable":true,"href":"http:\/\/www.blogdopilako.com.br\/wp\/wp-json\/wp\/v2\/users\/2"}],"replies":[{"embeddable":true,"href":"http:\/\/www.blogdopilako.com.br\/wp\/wp-json\/wp\/v2\/comments?post=126421"}],"version-history":[{"count":1,"href":"http:\/\/www.blogdopilako.com.br\/wp\/wp-json\/wp\/v2\/posts\/126421\/revisions"}],"predecessor-version":[{"id":126423,"href":"http:\/\/www.blogdopilako.com.br\/wp\/wp-json\/wp\/v2\/posts\/126421\/revisions\/126423"}],"wp:attachment":[{"href":"http:\/\/www.blogdopilako.com.br\/wp\/wp-json\/wp\/v2\/media?parent=126421"}],"wp:term":[{"taxonomy":"category","embeddable":true,"href":"http:\/\/www.blogdopilako.com.br\/wp\/wp-json\/wp\/v2\/categories?post=126421"},{"taxonomy":"post_tag","embeddable":true,"href":"http:\/\/www.blogdopilako.com.br\/wp\/wp-json\/wp\/v2\/tags?post=126421"}],"curies":[{"name":"wp","href":"https:\/\/api.w.org\/{rel}","templated":true}]}}