{"id":126259,"date":"2019-10-22T15:00:47","date_gmt":"2019-10-22T18:00:47","guid":{"rendered":"http:\/\/www.blogdopilako.com.br\/wp\/?p=126259"},"modified":"2019-10-22T11:10:52","modified_gmt":"2019-10-22T14:10:52","slug":"batalha-digital-um-movimento-na-internet","status":"publish","type":"post","link":"http:\/\/www.blogdopilako.com.br\/wp\/2019\/10\/22\/batalha-digital-um-movimento-na-internet\/","title":{"rendered":"Batalha Digital &#8211; um movimento na internet!!"},"content":{"rendered":"\n\t\t\t\t<div class=\"mr_social_sharing_wrapper\">\n\t\t\t\t<!-- Social Sharing Toolkit v2.2 --><span class=\"mr_social_sharing_top\"><span style=\"display: inline-block; width: 55px; height: 62px; overflow: hidden;\"><div class=\"fb-like\" data-href=\"http:\/\/www.blogdopilako.com.br\/wp\/2019\/10\/22\/batalha-digital-um-movimento-na-internet\/\" data-send=\"false\" data-layout=\"box_count\" data-width=\"55\" data-show-faces=\"false\"><\/div><\/span><\/span><span class=\"mr_social_sharing_top\"><fb:share-button type=\"box_count\" href=\"http:\/\/www.blogdopilako.com.br\/wp\/2019\/10\/22\/batalha-digital-um-movimento-na-internet\/\"><\/fb:share-button><\/span><span class=\"mr_social_sharing\"><a rel=\"nofollow\" class=\"linksalpha_button linksalpha_link\" href=\"\/\/www.linksalpha.com\/social\/mobile\" data-url=\"http:\/\/www.blogdopilako.com.br\/wp\/2019\/10\/22\/batalha-digital-um-movimento-na-internet\/\" data-text=\"Batalha Digital \u2013 um movimento na internet!!\" data-desc=\"A Batalha Digital, sem sombra de d\u00favidas um movimento! Um movimento que impactou forte a todos os vitorienses, desde quando estampou manchetes em grandes ve\u00edculos de comunica\u00e7\u00e3o da capital pernambucana, com o t\u00edtulo: \u201cPernambuco ganha primeiro reality show com influenciadores digitais\u201d.\" data-image=\"http:\/\/www.blogdopilako.com.br\/wp\/wp-content\/uploads\/2019\/10\/thumbnail_ALGUNS-INFLUENCIADORES-1024x682.jpg\" data-button=\"none\">\n\t\t\t\t\t<img src=\"\/\/www.linksalpha.com\/images\/social_share_button.png\" alt=\"Share\" class=\"linksalpha_image\" \/>\n\t\t\t\t\t<\/a><script type=\"text\/javascript\" src=\"\/\/www.linksalpha.com\/scripts\/loader_iconbox.js?v=2.4\"><\/script><\/span><\/div><p><img loading=\"lazy\" class=\"aligncenter wp-image-126260 size-large\" src=\"http:\/\/www.blogdopilako.com.br\/wp\/wp-content\/uploads\/2019\/10\/thumbnail_ALGUNS-INFLUENCIADORES-1024x682.jpg\" alt=\"\" width=\"640\" height=\"426\" srcset=\"http:\/\/www.blogdopilako.com.br\/wp\/wp-content\/uploads\/2019\/10\/thumbnail_ALGUNS-INFLUENCIADORES-1024x682.jpg 1024w, http:\/\/www.blogdopilako.com.br\/wp\/wp-content\/uploads\/2019\/10\/thumbnail_ALGUNS-INFLUENCIADORES-300x200.jpg 300w, http:\/\/www.blogdopilako.com.br\/wp\/wp-content\/uploads\/2019\/10\/thumbnail_ALGUNS-INFLUENCIADORES-768x512.jpg 768w, http:\/\/www.blogdopilako.com.br\/wp\/wp-content\/uploads\/2019\/10\/thumbnail_ALGUNS-INFLUENCIADORES.jpg 1280w\" sizes=\"(max-width: 640px) 100vw, 640px\" \/><\/p>\n<p style=\"text-align: justify;\">A Batalha Digital, sem sombra de d\u00favidas um movimento! Um movimento que impactou forte a todos os vitorienses, desde quando estampou manchetes em grandes ve\u00edculos de comunica\u00e7\u00e3o da capital pernambucana, com o t\u00edtulo: \u201cPernambuco ganha primeiro reality show com influenciadores digitais\u201d. Mas um projeto que vindo da cabe\u00e7a de dois idealistas, que n\u00e3o medem esfor\u00e7os para alcan\u00e7ar os objetivos, n\u00e3o teria outro destino, sen\u00e3o o sucesso.<\/p>\n<p style=\"text-align: justify;\">Tendo o in\u00edcio de suas transmiss\u00f5es no dia 22 de setembro deste ano, contou com 21 influenciadores digitais de munic\u00edpios da regi\u00e3o metropolitana do Recife, zona da mata e agreste pernambucano, divididos em equipes, que tiveram seus nomes fazendo men\u00e7\u00e3o a momentos importantes da hist\u00f3ria pernambucana, Equipe Guararapes, Equipe Tabocas, Equipe Mascates e a equipe finalista, a Praieira. As equipes permaneceram unidas at\u00e9 a pen\u00faltima fase da competi\u00e7\u00e3o, onde disputaram entre si, a premia\u00e7\u00e3o.<\/p>\n<p><img loading=\"lazy\" class=\"aligncenter wp-image-126261 size-full\" src=\"http:\/\/www.blogdopilako.com.br\/wp\/wp-content\/uploads\/2019\/10\/9cb9cd88-6604-483d-b725-635597d8b4be-768x434.jpg\" alt=\"\" width=\"768\" height=\"434\" srcset=\"http:\/\/www.blogdopilako.com.br\/wp\/wp-content\/uploads\/2019\/10\/9cb9cd88-6604-483d-b725-635597d8b4be-768x434.jpg 768w, http:\/\/www.blogdopilako.com.br\/wp\/wp-content\/uploads\/2019\/10\/9cb9cd88-6604-483d-b725-635597d8b4be-768x434-300x170.jpg 300w\" sizes=\"(max-width: 768px) 100vw, 768px\" \/><\/p>\n<p style=\"text-align: justify;\">Lidar com pessoas nunca \u00e9 uma tarefa simples, lidar com 21 pessoas com pensamentos distintos e uma legi\u00e3o de f\u00e3s cobrindo suas retaguardas, ainda menos. Uma vez que o car\u00e1ter de competi\u00e7\u00e3o do projeto se intensificou, as equipes se engajaram cada vez mais, umas lidando bem com seus resultados, outras nem tanto, demonstrando, por vezes, insatisfa\u00e7\u00e3o. Ainda assim, \u00e9 compreens\u00edvel, face aos anseios e maturidade de uma faixa et\u00e1ria m\u00e9dia de 20 anos.<\/p>\n<p style=\"text-align: justify;\">Com tanta coisa acontecendo, patrocinadores ganhando visibilidade, influenciadores ganhando cada vez mais seguidores, conflitos sendo criados e solucionados com a compet\u00eancia do escrit\u00f3rio Cruz Gouveia Advocacia, na pessoa do Dr. Andr\u00e9, os <em>instablogs<\/em> da regi\u00e3o n\u00e3o comentavam sobre outra coisa, afinal a pauta era alimentada todos os dias, sempre com conte\u00fado novo. Tamanha repercuss\u00e3o, resultava em um fator decisivo para o sucesso do projeto: audi\u00eancia.<\/p>\n<p><img loading=\"lazy\" class=\"aligncenter wp-image-126263 size-large\" src=\"http:\/\/www.blogdopilako.com.br\/wp\/wp-content\/uploads\/2019\/10\/b8aa333e-3485-4357-9fc8-729c53ae0bfb-1024x768.jpg\" alt=\"\" width=\"640\" height=\"480\" srcset=\"http:\/\/www.blogdopilako.com.br\/wp\/wp-content\/uploads\/2019\/10\/b8aa333e-3485-4357-9fc8-729c53ae0bfb-1024x768.jpg 1024w, http:\/\/www.blogdopilako.com.br\/wp\/wp-content\/uploads\/2019\/10\/b8aa333e-3485-4357-9fc8-729c53ae0bfb-300x225.jpg 300w, http:\/\/www.blogdopilako.com.br\/wp\/wp-content\/uploads\/2019\/10\/b8aa333e-3485-4357-9fc8-729c53ae0bfb-768x576.jpg 768w, http:\/\/www.blogdopilako.com.br\/wp\/wp-content\/uploads\/2019\/10\/b8aa333e-3485-4357-9fc8-729c53ae0bfb.jpg 1280w\" sizes=\"(max-width: 640px) 100vw, 640px\" \/><\/p>\n<p style=\"text-align: justify;\">Na grande final da Batalha, uma prova de resist\u00eancia digna de express\u00f5es, sentimentos e caricaturas cinematogr\u00e1ficas: passar o maior tempo sentado em um carrinho de supermercados, tomando 500ml de \u00e1gua a cada 1h, sem poder tocar o ch\u00e3o, ficar de p\u00e9, nem satisfazer quaisquer de suas necessidades fisiol\u00f3gicas.<\/p>\n<p><iframe loading=\"lazy\" title=\"Blog do Pilako: VIT\u00d3RIA DE SANTO ANT\u00c3O - ETAPA FINAL DA BATALHA DIGITAL - SHOPPING - 20-10 2019\" width=\"584\" height=\"329\" src=\"https:\/\/www.youtube.com\/embed\/aQR_dn5Rx4A?feature=oembed\" frameborder=\"0\" allow=\"accelerometer; autoplay; clipboard-write; encrypted-media; gyroscope; picture-in-picture\" allowfullscreen><\/iframe><\/p>\n<p style=\"text-align: justify;\">Um dos participantes mais competitivos foi o primeiro a abandonar a prova, ap\u00f3s a primeira garrafa d\u2019\u00e1gua, o Tatu Lanches. Logo em seguida foi a vez do Guga Valois abrir espa\u00e7o para conhecermos o p\u00f3dio da Batalha, que ficara formado por, em terceiro colocado, Dem\u00e9trius Ded\u00e9 ou Nego Duro, como tamb\u00e9m \u00e9 conhecido e que, diga-se de passagem, recebeu o maior pr\u00eamio que a batalha poderia proporcionar, a reconcilia\u00e7\u00e3o com sua fam\u00edlia, onde reatou seu casamento com a tamb\u00e9m influenciadora, Mikaely Andrade. Em segundo lugar o Pedro Henryque (ator do grupo M\u00e1quina Teatral, que enquanto participava da final da Batalha, tinha a sede do grupo sendo arrombada e saqueada por um meliante) e em primeiro lugar, mesmo estando com a clav\u00edcula fraturada, em decorr\u00eancia de um acidente, Jessica Nayanne.<\/p>\n<p style=\"text-align: justify;\">Como saldo de todo este movimento, nota-se a for\u00e7a que esse novo fen\u00f4meno, chamado \u201cinfluenciadores digitais\u201d vem ganhando, principalmente quando est\u00e1 alinhado a uma boa estrat\u00e9gia de marketing.<\/p>\n<p style=\"text-align: justify;\">Outro ponto positivo, \u00e9 observar que o perfil do empreendedor\/empres\u00e1rio vitoriense vem mudando, ficando mais aberto ao novo e entendendo cada vez mais sobre o p\u00fablico que deseja alcan\u00e7ar e encontrando solu\u00e7\u00f5es inteligentes para prospectar novos clientes, aderindo a projetos como este, que foi a Batalha Digital.<\/p>\n<p><img loading=\"lazy\" class=\"aligncenter wp-image-126264 size-large\" src=\"http:\/\/www.blogdopilako.com.br\/wp\/wp-content\/uploads\/2019\/10\/d8ad4c0c-b41f-492e-b89a-492786e0c67f-1-1024x768.jpg\" alt=\"\" width=\"640\" height=\"480\" srcset=\"http:\/\/www.blogdopilako.com.br\/wp\/wp-content\/uploads\/2019\/10\/d8ad4c0c-b41f-492e-b89a-492786e0c67f-1-1024x768.jpg 1024w, http:\/\/www.blogdopilako.com.br\/wp\/wp-content\/uploads\/2019\/10\/d8ad4c0c-b41f-492e-b89a-492786e0c67f-1-300x225.jpg 300w, http:\/\/www.blogdopilako.com.br\/wp\/wp-content\/uploads\/2019\/10\/d8ad4c0c-b41f-492e-b89a-492786e0c67f-1-768x576.jpg 768w, http:\/\/www.blogdopilako.com.br\/wp\/wp-content\/uploads\/2019\/10\/d8ad4c0c-b41f-492e-b89a-492786e0c67f-1.jpg 1280w\" sizes=\"(max-width: 640px) 100vw, 640px\" \/><\/p>\n<p style=\"text-align: justify;\">Aos integrantes da equipe que coordenou e produziu todo o projeto, resta os parab\u00e9ns e a gratid\u00e3o pelo empenho nessa grande realiza\u00e7\u00e3o.<\/p>\n<p style=\"text-align: justify;\">Juliana Silva &#8211; Coach e Relacionamento<\/p>\n<p style=\"text-align: justify;\">B\u00e1rbara Oliveira &#8211; Assistente de Palco \/ Apresenta\u00e7\u00e3o<\/p>\n<p style=\"text-align: justify;\">Adriano Oliveira &#8211; Edi\u00e7\u00e3o de Imagens<\/p>\n<p style=\"text-align: justify;\">Lucas Emmanuel &#8211; Dire\u00e7\u00e3o de Imagens<\/p>\n<p style=\"text-align: justify;\">Jo\u00e1s Silva &#8211; C\u00e2meras<\/p>\n<p style=\"text-align: justify;\">Messias Amorim &#8211; Apresenta\u00e7\u00e3o<\/p>\n<p style=\"text-align: justify;\">C\u00e9lio Bisneto -Idealiza\u00e7\u00e3o \/ Dire\u00e7\u00e3o Geral<\/p>\n<p style=\"text-align: justify;\">Andr\u00e9 Lima &#8211; Idealiza\u00e7\u00e3o \/ Coordena\u00e7\u00e3o<\/p>\n<p style=\"text-align: justify;\"><strong>Assessoria.\u00a0<\/strong><\/p>\n\n\t\t\t\t<div class=\"mr_social_sharing_wrapper\">\n\t\t\t\t<!-- Social Sharing Toolkit v2.2 --><span class=\"mr_social_sharing_top\"><span style=\"display: inline-block; width: 55px; height: 62px; overflow: hidden;\"><div class=\"fb-like\" data-href=\"http:\/\/www.blogdopilako.com.br\/wp\/2019\/10\/22\/batalha-digital-um-movimento-na-internet\/\" data-send=\"false\" data-layout=\"box_count\" data-width=\"55\" data-show-faces=\"false\"><\/div><\/span><\/span><span class=\"mr_social_sharing_top\"><fb:share-button type=\"box_count\" href=\"http:\/\/www.blogdopilako.com.br\/wp\/2019\/10\/22\/batalha-digital-um-movimento-na-internet\/\"><\/fb:share-button><\/span><span class=\"mr_social_sharing\"><a rel=\"nofollow\" class=\"linksalpha_button linksalpha_link\" href=\"\/\/www.linksalpha.com\/social\/mobile\" data-url=\"http:\/\/www.blogdopilako.com.br\/wp\/2019\/10\/22\/batalha-digital-um-movimento-na-internet\/\" data-text=\"Batalha Digital \u2013 um movimento na internet!!\" data-desc=\"A Batalha Digital, sem sombra de d\u00favidas um movimento! Um movimento que impactou forte a todos os vitorienses, desde quando estampou manchetes em grandes ve\u00edculos de comunica\u00e7\u00e3o da capital pernambucana, com o t\u00edtulo: \u201cPernambuco ganha primeiro reality show com influenciadores digitais\u201d.\" data-image=\"http:\/\/www.blogdopilako.com.br\/wp\/wp-content\/uploads\/2019\/10\/thumbnail_ALGUNS-INFLUENCIADORES-1024x682.jpg\" data-button=\"none\">\n\t\t\t\t\t<img src=\"\/\/www.linksalpha.com\/images\/social_share_button.png\" alt=\"Share\" class=\"linksalpha_image\" \/>\n\t\t\t\t\t<\/a><script type=\"text\/javascript\" src=\"\/\/www.linksalpha.com\/scripts\/loader_iconbox.js?v=2.4\"><\/script><\/span><\/div>","protected":false},"excerpt":{"rendered":"\n\t\t\t\t<div class=\"mr_social_sharing_wrapper\">\n\t\t\t\t<!-- Social Sharing Toolkit v2.2 --><span class=\"mr_social_sharing_top\"><span style=\"display: inline-block; width: 55px; height: 62px; overflow: hidden;\"><div class=\"fb-like\" data-href=\"http:\/\/www.blogdopilako.com.br\/wp\/2019\/10\/22\/batalha-digital-um-movimento-na-internet\/\" data-send=\"false\" data-layout=\"box_count\" data-width=\"55\" data-show-faces=\"false\"><\/div><\/span><\/span><span class=\"mr_social_sharing_top\"><fb:share-button type=\"box_count\" href=\"http:\/\/www.blogdopilako.com.br\/wp\/2019\/10\/22\/batalha-digital-um-movimento-na-internet\/\"><\/fb:share-button><\/span><span class=\"mr_social_sharing\"><a rel=\"nofollow\" class=\"linksalpha_button linksalpha_link\" href=\"\/\/www.linksalpha.com\/social\/mobile\" data-url=\"http:\/\/www.blogdopilako.com.br\/wp\/2019\/10\/22\/batalha-digital-um-movimento-na-internet\/\" data-text=\"Batalha Digital \u2013 um movimento na internet!!\" data-desc=\"A Batalha Digital, sem sombra de d\u00favidas um movimento! Um movimento que impactou forte a todos os vitorienses, desde quando estampou manchetes em grandes ve\u00edculos de comunica\u00e7\u00e3o da capital pernambucana, com o t\u00edtulo: \u201cPernambuco ganha primeiro reality show com influenciadores digitais\u201d.\" data-image=\"\" data-button=\"none\">\n\t\t\t\t\t<img src=\"\/\/www.linksalpha.com\/images\/social_share_button.png\" alt=\"Share\" class=\"linksalpha_image\" \/>\n\t\t\t\t\t<\/a><script type=\"text\/javascript\" src=\"\/\/www.linksalpha.com\/scripts\/loader_iconbox.js?v=2.4\"><\/script><\/span><\/div><p>A Batalha Digital, sem sombra de d\u00favidas um movimento! Um movimento que impactou forte a todos os vitorienses, desde quando estampou manchetes em grandes ve\u00edculos de comunica\u00e7\u00e3o da capital pernambucana, com o t\u00edtulo: \u201cPernambuco ganha primeiro reality show com influenciadores &hellip; <a href=\"http:\/\/www.blogdopilako.com.br\/wp\/2019\/10\/22\/batalha-digital-um-movimento-na-internet\/\">Continue lendo <span class=\"meta-nav\">&rarr;<\/span><\/a><\/p>\n\n\t\t\t\t<div class=\"mr_social_sharing_wrapper\">\n\t\t\t\t<!-- Social Sharing Toolkit v2.2 --><span class=\"mr_social_sharing_top\"><span style=\"display: inline-block; width: 55px; height: 62px; overflow: hidden;\"><div class=\"fb-like\" data-href=\"http:\/\/www.blogdopilako.com.br\/wp\/2019\/10\/22\/batalha-digital-um-movimento-na-internet\/\" data-send=\"false\" data-layout=\"box_count\" data-width=\"55\" data-show-faces=\"false\"><\/div><\/span><\/span><span class=\"mr_social_sharing_top\"><fb:share-button type=\"box_count\" href=\"http:\/\/www.blogdopilako.com.br\/wp\/2019\/10\/22\/batalha-digital-um-movimento-na-internet\/\"><\/fb:share-button><\/span><span class=\"mr_social_sharing\"><a rel=\"nofollow\" class=\"linksalpha_button linksalpha_link\" href=\"\/\/www.linksalpha.com\/social\/mobile\" data-url=\"http:\/\/www.blogdopilako.com.br\/wp\/2019\/10\/22\/batalha-digital-um-movimento-na-internet\/\" data-text=\"Batalha Digital \u2013 um movimento na internet!!\" data-desc=\"A Batalha Digital, sem sombra de d\u00favidas um movimento! Um movimento que impactou forte a todos os vitorienses, desde quando estampou manchetes em grandes ve\u00edculos de comunica\u00e7\u00e3o da capital pernambucana, com o t\u00edtulo: \u201cPernambuco ganha primeiro reality show com influenciadores digitais\u201d.\" data-image=\"\" data-button=\"none\">\n\t\t\t\t\t<img src=\"\/\/www.linksalpha.com\/images\/social_share_button.png\" alt=\"Share\" class=\"linksalpha_image\" \/>\n\t\t\t\t\t<\/a><script type=\"text\/javascript\" src=\"\/\/www.linksalpha.com\/scripts\/loader_iconbox.js?v=2.4\"><\/script><\/span><\/div>","protected":false},"author":2,"featured_media":0,"comment_status":"open","ping_status":"open","sticky":false,"template":"","format":"standard","meta":[],"categories":[21],"tags":[],"_links":{"self":[{"href":"http:\/\/www.blogdopilako.com.br\/wp\/wp-json\/wp\/v2\/posts\/126259"}],"collection":[{"href":"http:\/\/www.blogdopilako.com.br\/wp\/wp-json\/wp\/v2\/posts"}],"about":[{"href":"http:\/\/www.blogdopilako.com.br\/wp\/wp-json\/wp\/v2\/types\/post"}],"author":[{"embeddable":true,"href":"http:\/\/www.blogdopilako.com.br\/wp\/wp-json\/wp\/v2\/users\/2"}],"replies":[{"embeddable":true,"href":"http:\/\/www.blogdopilako.com.br\/wp\/wp-json\/wp\/v2\/comments?post=126259"}],"version-history":[{"count":1,"href":"http:\/\/www.blogdopilako.com.br\/wp\/wp-json\/wp\/v2\/posts\/126259\/revisions"}],"predecessor-version":[{"id":126265,"href":"http:\/\/www.blogdopilako.com.br\/wp\/wp-json\/wp\/v2\/posts\/126259\/revisions\/126265"}],"wp:attachment":[{"href":"http:\/\/www.blogdopilako.com.br\/wp\/wp-json\/wp\/v2\/media?parent=126259"}],"wp:term":[{"taxonomy":"category","embeddable":true,"href":"http:\/\/www.blogdopilako.com.br\/wp\/wp-json\/wp\/v2\/categories?post=126259"},{"taxonomy":"post_tag","embeddable":true,"href":"http:\/\/www.blogdopilako.com.br\/wp\/wp-json\/wp\/v2\/tags?post=126259"}],"curies":[{"name":"wp","href":"https:\/\/api.w.org\/{rel}","templated":true}]}}