{"id":126154,"date":"2019-10-17T14:20:10","date_gmt":"2019-10-17T17:20:10","guid":{"rendered":"http:\/\/www.blogdopilako.com.br\/wp\/?p=126154"},"modified":"2019-10-17T10:40:07","modified_gmt":"2019-10-17T13:40:07","slug":"momento-cultural-a-verdade-por-stephen-beltrao-3","status":"publish","type":"post","link":"http:\/\/www.blogdopilako.com.br\/wp\/2019\/10\/17\/momento-cultural-a-verdade-por-stephen-beltrao-3\/","title":{"rendered":"Momento Cultural: A Verdade \u2013 Por Stephen Beltr\u00e3o"},"content":{"rendered":"\n\t\t\t\t<div class=\"mr_social_sharing_wrapper\">\n\t\t\t\t<!-- Social Sharing Toolkit v2.2 --><span class=\"mr_social_sharing_top\"><span style=\"display: inline-block; width: 55px; height: 62px; overflow: hidden;\"><div class=\"fb-like\" data-href=\"http:\/\/www.blogdopilako.com.br\/wp\/2019\/10\/17\/momento-cultural-a-verdade-por-stephen-beltrao-3\/\" data-send=\"false\" data-layout=\"box_count\" data-width=\"55\" data-show-faces=\"false\"><\/div><\/span><\/span><span class=\"mr_social_sharing_top\"><fb:share-button type=\"box_count\" href=\"http:\/\/www.blogdopilako.com.br\/wp\/2019\/10\/17\/momento-cultural-a-verdade-por-stephen-beltrao-3\/\"><\/fb:share-button><\/span><span class=\"mr_social_sharing\"><a rel=\"nofollow\" class=\"linksalpha_button linksalpha_link\" href=\"\/\/www.linksalpha.com\/social\/mobile\" data-url=\"http:\/\/www.blogdopilako.com.br\/wp\/2019\/10\/17\/momento-cultural-a-verdade-por-stephen-beltrao-3\/\" data-text=\"Momento Cultural: A Verdade \u2013 Por Stephen Beltr\u00e3o\" data-desc=\"\u00a0 A verdade sempre chega A mentira sempre \u00e9 alcan\u00e7ada A verdade desmascara a mentira, desmoraliza as falsas cren\u00e7as, transforma a insana inquietude que a mentira alastra. A verdade \u00e9 a l\u00edngua dos justos que por justi\u00e7a implora, e impuros que a lastimam, maldizendo as pertin\u00eancias das\" data-image=\"http:\/\/www.blogdopilako.com.br\/wp\/wp-content\/uploads\/2019\/10\/1013677_10200249617738296_1867956990_n.jpg\" data-button=\"none\">\n\t\t\t\t\t<img src=\"\/\/www.linksalpha.com\/images\/social_share_button.png\" alt=\"Share\" class=\"linksalpha_image\" \/>\n\t\t\t\t\t<\/a><script type=\"text\/javascript\" src=\"\/\/www.linksalpha.com\/scripts\/loader_iconbox.js?v=2.4\"><\/script><\/span><\/div><p>&nbsp;<\/p>\n<p style=\"text-align: center;\"><img loading=\"lazy\" class=\"aligncenter wp-image-126155 size-full\" src=\"http:\/\/www.blogdopilako.com.br\/wp\/wp-content\/uploads\/2019\/10\/1013677_10200249617738296_1867956990_n.jpg\" alt=\"\" width=\"448\" height=\"462\" srcset=\"http:\/\/www.blogdopilako.com.br\/wp\/wp-content\/uploads\/2019\/10\/1013677_10200249617738296_1867956990_n.jpg 448w, http:\/\/www.blogdopilako.com.br\/wp\/wp-content\/uploads\/2019\/10\/1013677_10200249617738296_1867956990_n-291x300.jpg 291w\" sizes=\"(max-width: 448px) 100vw, 448px\" \/>A verdade sempre chega<br \/>\nA mentira sempre \u00e9 alcan\u00e7ada<br \/>\nA verdade desmascara a mentira,<br \/>\ndesmoraliza as falsas cren\u00e7as,<br \/>\ntransforma a insana inquietude que a mentira alastra.<\/p>\n<p style=\"text-align: center;\">\nA verdade \u00e9 a l\u00edngua dos justos<br \/>\nque por justi\u00e7a implora,<br \/>\ne impuros que a lastimam,<br \/>\nmaldizendo as pertin\u00eancias<br \/>\ndas frases maldosas,<br \/>\nda verdade nomeada<br \/>\ne das conveni\u00eancias da hora.<\/p>\n<p>&nbsp;<\/p>\n<p style=\"text-align: center;\">Uma verdade vale mais<br \/>\nque mil mentiras.<br \/>\nDerruba a f\u00faria v\u00e3<br \/>\nda cobi\u00e7a de um demolidor<br \/>\nde vidas incontidas,<br \/>\nescudadas na mentira<br \/>\nde quem se acha s\u00e3.<\/p>\n<p style=\"text-align: center;\"><strong>Stephen Beltr\u00e3o<\/strong><\/p>\n\n\t\t\t\t<div class=\"mr_social_sharing_wrapper\">\n\t\t\t\t<!-- Social Sharing Toolkit v2.2 --><span class=\"mr_social_sharing_top\"><span style=\"display: inline-block; width: 55px; height: 62px; overflow: hidden;\"><div class=\"fb-like\" data-href=\"http:\/\/www.blogdopilako.com.br\/wp\/2019\/10\/17\/momento-cultural-a-verdade-por-stephen-beltrao-3\/\" data-send=\"false\" data-layout=\"box_count\" data-width=\"55\" data-show-faces=\"false\"><\/div><\/span><\/span><span class=\"mr_social_sharing_top\"><fb:share-button type=\"box_count\" href=\"http:\/\/www.blogdopilako.com.br\/wp\/2019\/10\/17\/momento-cultural-a-verdade-por-stephen-beltrao-3\/\"><\/fb:share-button><\/span><span class=\"mr_social_sharing\"><a rel=\"nofollow\" class=\"linksalpha_button linksalpha_link\" href=\"\/\/www.linksalpha.com\/social\/mobile\" data-url=\"http:\/\/www.blogdopilako.com.br\/wp\/2019\/10\/17\/momento-cultural-a-verdade-por-stephen-beltrao-3\/\" data-text=\"Momento Cultural: A Verdade \u2013 Por Stephen Beltr\u00e3o\" data-desc=\"\u00a0 A verdade sempre chega A mentira sempre \u00e9 alcan\u00e7ada A verdade desmascara a mentira, desmoraliza as falsas cren\u00e7as, transforma a insana inquietude que a mentira alastra. A verdade \u00e9 a l\u00edngua dos justos que por justi\u00e7a implora, e impuros que a lastimam, maldizendo as pertin\u00eancias das\" data-image=\"http:\/\/www.blogdopilako.com.br\/wp\/wp-content\/uploads\/2019\/10\/1013677_10200249617738296_1867956990_n.jpg\" data-button=\"none\">\n\t\t\t\t\t<img src=\"\/\/www.linksalpha.com\/images\/social_share_button.png\" alt=\"Share\" class=\"linksalpha_image\" \/>\n\t\t\t\t\t<\/a><script type=\"text\/javascript\" src=\"\/\/www.linksalpha.com\/scripts\/loader_iconbox.js?v=2.4\"><\/script><\/span><\/div>","protected":false},"excerpt":{"rendered":"\n\t\t\t\t<div class=\"mr_social_sharing_wrapper\">\n\t\t\t\t<!-- Social Sharing Toolkit v2.2 --><span class=\"mr_social_sharing_top\"><span style=\"display: inline-block; width: 55px; height: 62px; overflow: hidden;\"><div class=\"fb-like\" data-href=\"http:\/\/www.blogdopilako.com.br\/wp\/2019\/10\/17\/momento-cultural-a-verdade-por-stephen-beltrao-3\/\" data-send=\"false\" data-layout=\"box_count\" data-width=\"55\" data-show-faces=\"false\"><\/div><\/span><\/span><span class=\"mr_social_sharing_top\"><fb:share-button type=\"box_count\" href=\"http:\/\/www.blogdopilako.com.br\/wp\/2019\/10\/17\/momento-cultural-a-verdade-por-stephen-beltrao-3\/\"><\/fb:share-button><\/span><span class=\"mr_social_sharing\"><a rel=\"nofollow\" class=\"linksalpha_button linksalpha_link\" href=\"\/\/www.linksalpha.com\/social\/mobile\" data-url=\"http:\/\/www.blogdopilako.com.br\/wp\/2019\/10\/17\/momento-cultural-a-verdade-por-stephen-beltrao-3\/\" data-text=\"Momento Cultural: A Verdade \u2013 Por Stephen Beltr\u00e3o\" data-desc=\"\u00a0 A verdade sempre chega A mentira sempre \u00e9 alcan\u00e7ada A verdade desmascara a mentira, desmoraliza as falsas cren\u00e7as, transforma a insana inquietude que a mentira alastra. A verdade \u00e9 a l\u00edngua dos justos que por justi\u00e7a implora, e impuros que a lastimam, maldizendo as pertin\u00eancias das\" data-image=\"\" data-button=\"none\">\n\t\t\t\t\t<img src=\"\/\/www.linksalpha.com\/images\/social_share_button.png\" alt=\"Share\" class=\"linksalpha_image\" \/>\n\t\t\t\t\t<\/a><script type=\"text\/javascript\" src=\"\/\/www.linksalpha.com\/scripts\/loader_iconbox.js?v=2.4\"><\/script><\/span><\/div><p>&nbsp; A verdade sempre chega A mentira sempre \u00e9 alcan\u00e7ada A verdade desmascara a mentira, desmoraliza as falsas cren\u00e7as, transforma a insana inquietude que a mentira alastra. A verdade \u00e9 a l\u00edngua dos justos que por justi\u00e7a implora, e impuros &hellip; <a href=\"http:\/\/www.blogdopilako.com.br\/wp\/2019\/10\/17\/momento-cultural-a-verdade-por-stephen-beltrao-3\/\">Continue lendo <span class=\"meta-nav\">&rarr;<\/span><\/a><\/p>\n\n\t\t\t\t<div class=\"mr_social_sharing_wrapper\">\n\t\t\t\t<!-- Social Sharing Toolkit v2.2 --><span class=\"mr_social_sharing_top\"><span style=\"display: inline-block; width: 55px; height: 62px; overflow: hidden;\"><div class=\"fb-like\" data-href=\"http:\/\/www.blogdopilako.com.br\/wp\/2019\/10\/17\/momento-cultural-a-verdade-por-stephen-beltrao-3\/\" data-send=\"false\" data-layout=\"box_count\" data-width=\"55\" data-show-faces=\"false\"><\/div><\/span><\/span><span class=\"mr_social_sharing_top\"><fb:share-button type=\"box_count\" href=\"http:\/\/www.blogdopilako.com.br\/wp\/2019\/10\/17\/momento-cultural-a-verdade-por-stephen-beltrao-3\/\"><\/fb:share-button><\/span><span class=\"mr_social_sharing\"><a rel=\"nofollow\" class=\"linksalpha_button linksalpha_link\" href=\"\/\/www.linksalpha.com\/social\/mobile\" data-url=\"http:\/\/www.blogdopilako.com.br\/wp\/2019\/10\/17\/momento-cultural-a-verdade-por-stephen-beltrao-3\/\" data-text=\"Momento Cultural: A Verdade \u2013 Por Stephen Beltr\u00e3o\" data-desc=\"\u00a0 A verdade sempre chega A mentira sempre \u00e9 alcan\u00e7ada A verdade desmascara a mentira, desmoraliza as falsas cren\u00e7as, transforma a insana inquietude que a mentira alastra. A verdade \u00e9 a l\u00edngua dos justos que por justi\u00e7a implora, e impuros que a lastimam, maldizendo as pertin\u00eancias das\" data-image=\"\" data-button=\"none\">\n\t\t\t\t\t<img src=\"\/\/www.linksalpha.com\/images\/social_share_button.png\" alt=\"Share\" class=\"linksalpha_image\" \/>\n\t\t\t\t\t<\/a><script type=\"text\/javascript\" src=\"\/\/www.linksalpha.com\/scripts\/loader_iconbox.js?v=2.4\"><\/script><\/span><\/div>","protected":false},"author":2,"featured_media":0,"comment_status":"open","ping_status":"open","sticky":false,"template":"","format":"standard","meta":[],"categories":[114],"tags":[],"_links":{"self":[{"href":"http:\/\/www.blogdopilako.com.br\/wp\/wp-json\/wp\/v2\/posts\/126154"}],"collection":[{"href":"http:\/\/www.blogdopilako.com.br\/wp\/wp-json\/wp\/v2\/posts"}],"about":[{"href":"http:\/\/www.blogdopilako.com.br\/wp\/wp-json\/wp\/v2\/types\/post"}],"author":[{"embeddable":true,"href":"http:\/\/www.blogdopilako.com.br\/wp\/wp-json\/wp\/v2\/users\/2"}],"replies":[{"embeddable":true,"href":"http:\/\/www.blogdopilako.com.br\/wp\/wp-json\/wp\/v2\/comments?post=126154"}],"version-history":[{"count":1,"href":"http:\/\/www.blogdopilako.com.br\/wp\/wp-json\/wp\/v2\/posts\/126154\/revisions"}],"predecessor-version":[{"id":126156,"href":"http:\/\/www.blogdopilako.com.br\/wp\/wp-json\/wp\/v2\/posts\/126154\/revisions\/126156"}],"wp:attachment":[{"href":"http:\/\/www.blogdopilako.com.br\/wp\/wp-json\/wp\/v2\/media?parent=126154"}],"wp:term":[{"taxonomy":"category","embeddable":true,"href":"http:\/\/www.blogdopilako.com.br\/wp\/wp-json\/wp\/v2\/categories?post=126154"},{"taxonomy":"post_tag","embeddable":true,"href":"http:\/\/www.blogdopilako.com.br\/wp\/wp-json\/wp\/v2\/tags?post=126154"}],"curies":[{"name":"wp","href":"https:\/\/api.w.org\/{rel}","templated":true}]}}