{"id":125282,"date":"2019-09-12T15:00:10","date_gmt":"2019-09-12T18:00:10","guid":{"rendered":"http:\/\/www.blogdopilako.com.br\/wp\/?p=125282"},"modified":"2019-09-12T11:44:06","modified_gmt":"2019-09-12T14:44:06","slug":"os-monges-ja-comecou-a-se-aprontar-para-o-carnaval-2020","status":"publish","type":"post","link":"http:\/\/www.blogdopilako.com.br\/wp\/2019\/09\/12\/os-monges-ja-comecou-a-se-aprontar-para-o-carnaval-2020\/","title":{"rendered":"&#8220;Os Monges&#8221; j\u00e1 come\u00e7ou a se aprontar para o Carnaval 2020!!"},"content":{"rendered":"\n\t\t\t\t<div class=\"mr_social_sharing_wrapper\">\n\t\t\t\t<!-- Social Sharing Toolkit v2.2 --><span class=\"mr_social_sharing_top\"><span style=\"display: inline-block; width: 55px; height: 62px; overflow: hidden;\"><div class=\"fb-like\" data-href=\"http:\/\/www.blogdopilako.com.br\/wp\/2019\/09\/12\/os-monges-ja-comecou-a-se-aprontar-para-o-carnaval-2020\/\" data-send=\"false\" data-layout=\"box_count\" data-width=\"55\" data-show-faces=\"false\"><\/div><\/span><\/span><span class=\"mr_social_sharing_top\"><fb:share-button type=\"box_count\" href=\"http:\/\/www.blogdopilako.com.br\/wp\/2019\/09\/12\/os-monges-ja-comecou-a-se-aprontar-para-o-carnaval-2020\/\"><\/fb:share-button><\/span><span class=\"mr_social_sharing\"><a rel=\"nofollow\" class=\"linksalpha_button linksalpha_link\" href=\"\/\/www.linksalpha.com\/social\/mobile\" data-url=\"http:\/\/www.blogdopilako.com.br\/wp\/2019\/09\/12\/os-monges-ja-comecou-a-se-aprontar-para-o-carnaval-2020\/\" data-text=\"\u201cOs Monges\u201d j\u00e1 come\u00e7ou a se aprontar para o Carnaval 2020!!\" data-desc=\"Visando o carnaval 2020, a Companhia dos Monges em Folia, popularmente conhecidos por \u201cOs Monges\u201d, recentemente, atrav\u00e9s dos seus diretores \u00a0- L\u00e9o, Rivaldo e Vital - \u00a0reuniram-se com os compositores Aldenisio Tavares e Carlos Almeida, ambos, com trabalhos dedicados a tro\u00e7a. No pr\u00f3ximo\" data-image=\"http:\/\/www.blogdopilako.com.br\/wp\/wp-content\/uploads\/2019\/09\/dae2fe77-f5f0-4acd-b589-ccb62018a40b-1024x768.jpg\" data-button=\"none\">\n\t\t\t\t\t<img src=\"\/\/www.linksalpha.com\/images\/social_share_button.png\" alt=\"Share\" class=\"linksalpha_image\" \/>\n\t\t\t\t\t<\/a><script type=\"text\/javascript\" src=\"\/\/www.linksalpha.com\/scripts\/loader_iconbox.js?v=2.4\"><\/script><\/span><\/div><p><a href=\"http:\/\/www.blogdopilako.com.br\/wp\/wp-content\/uploads\/2019\/09\/dae2fe77-f5f0-4acd-b589-ccb62018a40b.jpg\"><img loading=\"lazy\" class=\"aligncenter size-large wp-image-125283\" src=\"http:\/\/www.blogdopilako.com.br\/wp\/wp-content\/uploads\/2019\/09\/dae2fe77-f5f0-4acd-b589-ccb62018a40b-1024x768.jpg\" alt=\"\" width=\"640\" height=\"480\" srcset=\"http:\/\/www.blogdopilako.com.br\/wp\/wp-content\/uploads\/2019\/09\/dae2fe77-f5f0-4acd-b589-ccb62018a40b-1024x768.jpg 1024w, http:\/\/www.blogdopilako.com.br\/wp\/wp-content\/uploads\/2019\/09\/dae2fe77-f5f0-4acd-b589-ccb62018a40b-300x225.jpg 300w, http:\/\/www.blogdopilako.com.br\/wp\/wp-content\/uploads\/2019\/09\/dae2fe77-f5f0-4acd-b589-ccb62018a40b-768x576.jpg 768w, http:\/\/www.blogdopilako.com.br\/wp\/wp-content\/uploads\/2019\/09\/dae2fe77-f5f0-4acd-b589-ccb62018a40b.jpg 1040w\" sizes=\"(max-width: 640px) 100vw, 640px\" \/><\/a><\/p>\n<p style=\"text-align: justify;\">Visando o carnaval 2020, a Companhia dos Monges em Folia, popularmente conhecidos por \u201cOs Monges\u201d, recentemente, atrav\u00e9s dos seus diretores \u00a0&#8211; L\u00e9o, Rivaldo e Vital &#8211; \u00a0reuniram-se com os compositores <strong>Aldenisio Tavares e Carlos Almeida<\/strong>, ambos, com trabalhos dedicados a tro\u00e7a.<\/p>\n<p style=\"text-align: justify;\">No pr\u00f3ximo carnaval \u201cOs Monges\u201d veem com corda toda!! Duas apresenta\u00e7\u00f5es: na quinta-feira da semana pr\u00e9-carnavalesca (20-02) no Recife Antigo e no s\u00e1bado de Z\u00e9 Pereira (22-02), \u00e0s 21:32h, inicia seu desfile pelo circuito oficial do Carnaval Antonense.<\/p>\n<p><a href=\"http:\/\/www.blogdopilako.com.br\/wp\/wp-content\/uploads\/2019\/09\/71085983_1370024426468972_245735948250251264_n.jpg\"><img loading=\"lazy\" class=\"aligncenter size-full wp-image-125284\" src=\"http:\/\/www.blogdopilako.com.br\/wp\/wp-content\/uploads\/2019\/09\/71085983_1370024426468972_245735948250251264_n.jpg\" alt=\"\" width=\"680\" height=\"960\" srcset=\"http:\/\/www.blogdopilako.com.br\/wp\/wp-content\/uploads\/2019\/09\/71085983_1370024426468972_245735948250251264_n.jpg 680w, http:\/\/www.blogdopilako.com.br\/wp\/wp-content\/uploads\/2019\/09\/71085983_1370024426468972_245735948250251264_n-213x300.jpg 213w\" sizes=\"(max-width: 680px) 100vw, 680px\" \/><\/a><\/p>\n<p style=\"text-align: justify;\">Aproveito oportunidade, antecipadamente, para agradecer. Agradecer a diretoria da agremia\u00e7\u00e3o pela escolha do nosso projeto \u2013 SAUDADE \u2013 como tema central do seu desfile. Agrade\u00e7o tamb\u00e9m pelas imagens &#8211; \u00a0<strong>\u201cSeu\u201d Zito Mariano e Pilako<\/strong> \u2013 que servir\u00e3o de\u00a0 ilustra\u00e7\u00e3o na estampa \u00a0do pr\u00f3ximo kit\/oficial. Viva o Carnaval da Vit\u00f3ria!!!<\/p>\n\n\t\t\t\t<div class=\"mr_social_sharing_wrapper\">\n\t\t\t\t<!-- Social Sharing Toolkit v2.2 --><span class=\"mr_social_sharing_top\"><span style=\"display: inline-block; width: 55px; height: 62px; overflow: hidden;\"><div class=\"fb-like\" data-href=\"http:\/\/www.blogdopilako.com.br\/wp\/2019\/09\/12\/os-monges-ja-comecou-a-se-aprontar-para-o-carnaval-2020\/\" data-send=\"false\" data-layout=\"box_count\" data-width=\"55\" data-show-faces=\"false\"><\/div><\/span><\/span><span class=\"mr_social_sharing_top\"><fb:share-button type=\"box_count\" href=\"http:\/\/www.blogdopilako.com.br\/wp\/2019\/09\/12\/os-monges-ja-comecou-a-se-aprontar-para-o-carnaval-2020\/\"><\/fb:share-button><\/span><span class=\"mr_social_sharing\"><a rel=\"nofollow\" class=\"linksalpha_button linksalpha_link\" href=\"\/\/www.linksalpha.com\/social\/mobile\" data-url=\"http:\/\/www.blogdopilako.com.br\/wp\/2019\/09\/12\/os-monges-ja-comecou-a-se-aprontar-para-o-carnaval-2020\/\" data-text=\"\u201cOs Monges\u201d j\u00e1 come\u00e7ou a se aprontar para o Carnaval 2020!!\" data-desc=\"Visando o carnaval 2020, a Companhia dos Monges em Folia, popularmente conhecidos por \u201cOs Monges\u201d, recentemente, atrav\u00e9s dos seus diretores \u00a0- L\u00e9o, Rivaldo e Vital - \u00a0reuniram-se com os compositores Aldenisio Tavares e Carlos Almeida, ambos, com trabalhos dedicados a tro\u00e7a. No pr\u00f3ximo\" data-image=\"http:\/\/www.blogdopilako.com.br\/wp\/wp-content\/uploads\/2019\/09\/dae2fe77-f5f0-4acd-b589-ccb62018a40b-1024x768.jpg\" data-button=\"none\">\n\t\t\t\t\t<img src=\"\/\/www.linksalpha.com\/images\/social_share_button.png\" alt=\"Share\" class=\"linksalpha_image\" \/>\n\t\t\t\t\t<\/a><script type=\"text\/javascript\" src=\"\/\/www.linksalpha.com\/scripts\/loader_iconbox.js?v=2.4\"><\/script><\/span><\/div>","protected":false},"excerpt":{"rendered":"\n\t\t\t\t<div class=\"mr_social_sharing_wrapper\">\n\t\t\t\t<!-- Social Sharing Toolkit v2.2 --><span class=\"mr_social_sharing_top\"><span style=\"display: inline-block; width: 55px; height: 62px; overflow: hidden;\"><div class=\"fb-like\" data-href=\"http:\/\/www.blogdopilako.com.br\/wp\/2019\/09\/12\/os-monges-ja-comecou-a-se-aprontar-para-o-carnaval-2020\/\" data-send=\"false\" data-layout=\"box_count\" data-width=\"55\" data-show-faces=\"false\"><\/div><\/span><\/span><span class=\"mr_social_sharing_top\"><fb:share-button type=\"box_count\" href=\"http:\/\/www.blogdopilako.com.br\/wp\/2019\/09\/12\/os-monges-ja-comecou-a-se-aprontar-para-o-carnaval-2020\/\"><\/fb:share-button><\/span><span class=\"mr_social_sharing\"><a rel=\"nofollow\" class=\"linksalpha_button linksalpha_link\" href=\"\/\/www.linksalpha.com\/social\/mobile\" data-url=\"http:\/\/www.blogdopilako.com.br\/wp\/2019\/09\/12\/os-monges-ja-comecou-a-se-aprontar-para-o-carnaval-2020\/\" data-text=\"\u201cOs Monges\u201d j\u00e1 come\u00e7ou a se aprontar para o Carnaval 2020!!\" data-desc=\"Visando o carnaval 2020, a Companhia dos Monges em Folia, popularmente conhecidos por \u201cOs Monges\u201d, recentemente, atrav\u00e9s dos seus diretores \u00a0- L\u00e9o, Rivaldo e Vital - \u00a0reuniram-se com os compositores Aldenisio Tavares e Carlos Almeida, ambos, com trabalhos dedicados a tro\u00e7a. No pr\u00f3ximo\" data-image=\"\" data-button=\"none\">\n\t\t\t\t\t<img src=\"\/\/www.linksalpha.com\/images\/social_share_button.png\" alt=\"Share\" class=\"linksalpha_image\" \/>\n\t\t\t\t\t<\/a><script type=\"text\/javascript\" src=\"\/\/www.linksalpha.com\/scripts\/loader_iconbox.js?v=2.4\"><\/script><\/span><\/div><p>Visando o carnaval 2020, a Companhia dos Monges em Folia, popularmente conhecidos por \u201cOs Monges\u201d, recentemente, atrav\u00e9s dos seus diretores \u00a0&#8211; L\u00e9o, Rivaldo e Vital &#8211; \u00a0reuniram-se com os compositores Aldenisio Tavares e Carlos Almeida, ambos, com trabalhos dedicados a &hellip; <a href=\"http:\/\/www.blogdopilako.com.br\/wp\/2019\/09\/12\/os-monges-ja-comecou-a-se-aprontar-para-o-carnaval-2020\/\">Continue lendo <span class=\"meta-nav\">&rarr;<\/span><\/a><\/p>\n\n\t\t\t\t<div class=\"mr_social_sharing_wrapper\">\n\t\t\t\t<!-- Social Sharing Toolkit v2.2 --><span class=\"mr_social_sharing_top\"><span style=\"display: inline-block; width: 55px; height: 62px; overflow: hidden;\"><div class=\"fb-like\" data-href=\"http:\/\/www.blogdopilako.com.br\/wp\/2019\/09\/12\/os-monges-ja-comecou-a-se-aprontar-para-o-carnaval-2020\/\" data-send=\"false\" data-layout=\"box_count\" data-width=\"55\" data-show-faces=\"false\"><\/div><\/span><\/span><span class=\"mr_social_sharing_top\"><fb:share-button type=\"box_count\" href=\"http:\/\/www.blogdopilako.com.br\/wp\/2019\/09\/12\/os-monges-ja-comecou-a-se-aprontar-para-o-carnaval-2020\/\"><\/fb:share-button><\/span><span class=\"mr_social_sharing\"><a rel=\"nofollow\" class=\"linksalpha_button linksalpha_link\" href=\"\/\/www.linksalpha.com\/social\/mobile\" data-url=\"http:\/\/www.blogdopilako.com.br\/wp\/2019\/09\/12\/os-monges-ja-comecou-a-se-aprontar-para-o-carnaval-2020\/\" data-text=\"\u201cOs Monges\u201d j\u00e1 come\u00e7ou a se aprontar para o Carnaval 2020!!\" data-desc=\"Visando o carnaval 2020, a Companhia dos Monges em Folia, popularmente conhecidos por \u201cOs Monges\u201d, recentemente, atrav\u00e9s dos seus diretores \u00a0- L\u00e9o, Rivaldo e Vital - \u00a0reuniram-se com os compositores Aldenisio Tavares e Carlos Almeida, ambos, com trabalhos dedicados a tro\u00e7a. No pr\u00f3ximo\" data-image=\"\" data-button=\"none\">\n\t\t\t\t\t<img src=\"\/\/www.linksalpha.com\/images\/social_share_button.png\" alt=\"Share\" class=\"linksalpha_image\" \/>\n\t\t\t\t\t<\/a><script type=\"text\/javascript\" src=\"\/\/www.linksalpha.com\/scripts\/loader_iconbox.js?v=2.4\"><\/script><\/span><\/div>","protected":false},"author":2,"featured_media":0,"comment_status":"open","ping_status":"open","sticky":false,"template":"","format":"standard","meta":[],"categories":[21],"tags":[],"_links":{"self":[{"href":"http:\/\/www.blogdopilako.com.br\/wp\/wp-json\/wp\/v2\/posts\/125282"}],"collection":[{"href":"http:\/\/www.blogdopilako.com.br\/wp\/wp-json\/wp\/v2\/posts"}],"about":[{"href":"http:\/\/www.blogdopilako.com.br\/wp\/wp-json\/wp\/v2\/types\/post"}],"author":[{"embeddable":true,"href":"http:\/\/www.blogdopilako.com.br\/wp\/wp-json\/wp\/v2\/users\/2"}],"replies":[{"embeddable":true,"href":"http:\/\/www.blogdopilako.com.br\/wp\/wp-json\/wp\/v2\/comments?post=125282"}],"version-history":[{"count":1,"href":"http:\/\/www.blogdopilako.com.br\/wp\/wp-json\/wp\/v2\/posts\/125282\/revisions"}],"predecessor-version":[{"id":125285,"href":"http:\/\/www.blogdopilako.com.br\/wp\/wp-json\/wp\/v2\/posts\/125282\/revisions\/125285"}],"wp:attachment":[{"href":"http:\/\/www.blogdopilako.com.br\/wp\/wp-json\/wp\/v2\/media?parent=125282"}],"wp:term":[{"taxonomy":"category","embeddable":true,"href":"http:\/\/www.blogdopilako.com.br\/wp\/wp-json\/wp\/v2\/categories?post=125282"},{"taxonomy":"post_tag","embeddable":true,"href":"http:\/\/www.blogdopilako.com.br\/wp\/wp-json\/wp\/v2\/tags?post=125282"}],"curies":[{"name":"wp","href":"https:\/\/api.w.org\/{rel}","templated":true}]}}