{"id":124937,"date":"2019-08-29T14:10:54","date_gmt":"2019-08-29T17:10:54","guid":{"rendered":"http:\/\/www.blogdopilako.com.br\/wp\/?p=124937"},"modified":"2019-08-29T10:24:10","modified_gmt":"2019-08-29T13:24:10","slug":"momento-famam-faculdade-macedo-de-amorim-52","status":"publish","type":"post","link":"http:\/\/www.blogdopilako.com.br\/wp\/2019\/08\/29\/momento-famam-faculdade-macedo-de-amorim-52\/","title":{"rendered":"Momento FAMAM &#8211; Faculdade Mac\u00eado de Amorim"},"content":{"rendered":"\n\t\t\t\t<div class=\"mr_social_sharing_wrapper\">\n\t\t\t\t<!-- Social Sharing Toolkit v2.2 --><span class=\"mr_social_sharing_top\"><span style=\"display: inline-block; width: 55px; height: 62px; overflow: hidden;\"><div class=\"fb-like\" data-href=\"http:\/\/www.blogdopilako.com.br\/wp\/2019\/08\/29\/momento-famam-faculdade-macedo-de-amorim-52\/\" data-send=\"false\" data-layout=\"box_count\" data-width=\"55\" data-show-faces=\"false\"><\/div><\/span><\/span><span class=\"mr_social_sharing_top\"><fb:share-button type=\"box_count\" href=\"http:\/\/www.blogdopilako.com.br\/wp\/2019\/08\/29\/momento-famam-faculdade-macedo-de-amorim-52\/\"><\/fb:share-button><\/span><span class=\"mr_social_sharing\"><a rel=\"nofollow\" class=\"linksalpha_button linksalpha_link\" href=\"\/\/www.linksalpha.com\/social\/mobile\" data-url=\"http:\/\/www.blogdopilako.com.br\/wp\/2019\/08\/29\/momento-famam-faculdade-macedo-de-amorim-52\/\" data-text=\"Momento FAMAM \u2013 Faculdade Mac\u00eado de Amorim\" data-desc=\"A Especializa\u00e7\u00e3o em Educa\u00e7\u00e3o e Linguagens com \u00eanfase em Leitura e Produ\u00e7\u00e3o Textual foi pensada para professores formados em Letras e Pedagogia, que atuam na educa\u00e7\u00e3o b\u00e1sica, com vistas a promover e garantir o trabalho com as diversas linguagens em ambientes escolares e n\u00e3o-escolares. De\" data-image=\"http:\/\/www.blogdopilako.com.br\/wp\/wp-content\/uploads\/2019\/08\/69497330_512880279447177_2265019705842466816_n.jpg\" data-button=\"none\">\n\t\t\t\t\t<img src=\"\/\/www.linksalpha.com\/images\/social_share_button.png\" alt=\"Share\" class=\"linksalpha_image\" \/>\n\t\t\t\t\t<\/a><script type=\"text\/javascript\" src=\"\/\/www.linksalpha.com\/scripts\/loader_iconbox.js?v=2.4\"><\/script><\/span><\/div><p style=\"text-align: justify;\"><strong>A Especializa\u00e7\u00e3o em Educa\u00e7\u00e3o e Linguagens com \u00eanfase em Leitura e Produ\u00e7\u00e3o Textual foi pensada para professores formados em Letras e Pedagogia, que atuam na educa\u00e7\u00e3o b\u00e1sica, com vistas a promover e garantir o trabalho com as diversas linguagens em ambientes escolares e n\u00e3o-escolares. De toda maneira, a especializa\u00e7\u00e3o conta com uma grade curricular desenhada especialmente para o professor-pesquisador, que entende que as boas pr\u00e1ticas de sala de aula n\u00e3o se distanciam da reflex<span class=\"text_exposed_show\">\u00e3o, da pesquisa e da forma\u00e7\u00e3o continuada.<\/span><\/strong><\/p>\n<div class=\"text_exposed_show\">\n<p style=\"text-align: justify;\"><strong>O desenho do curso envolve disciplinas que relacionam conhecimentos te\u00f3ricos e pr\u00e1ticos dos saberes lingu\u00edsticos, gramaticais, dos procedimentos metodol\u00f3gicos e, acima de tudo, dos documentos oficiais (LDB, PCNs, OTM, OCEM, BNCC) que, sem sombra de d\u00favidas, devem fazer parte do cotidiano de cada professor.<\/strong><\/p>\n<p style=\"text-align: justify;\"><strong>Inscreva-se atrav\u00e9s do nosso portal:\u00a0<span class=\"_5mfr\"><span class=\"_6qdm\">&#x1f5a5;<\/span><\/span><a href=\"https:\/\/l.facebook.com\/l.php?u=http%3A%2F%2Fwww.escolhafamam.com.br%2F%3Ffbclid%3DIwAR283Jb2gknP00Bwf3va0_mfDsHgNwVqqx7FjqqTCDD0-eW3tZz2hr8yY_Y&amp;h=AT2ad2Q3SjyO2mIwK2Z1cly6WqnLs3Tr71eAkeWajZmDU2t4fUlIV0BEXq87hUCdZ6tx-6NpjlBVfIdpv51ud48VPf2kojJC4JiQNZOhbPhe5qAK6Tczlq8we58lDDq3e7d3D9Q0ttF3TI_YUPQwuonG0CTOjAPVLehVa2p_t_HknkOnZcvNHlNaHaFGzibgcfkT9VNaUq7MXebPEBohA_QiUNOAMEqFH2cqSBf2Hbe8FiP0qRpxutTKUz-SHsTx1H0Vl_qBsqx0xl9e6TCZjcmvxaCi2355mHS9zehd6mo5gIRdyZBBnRtEa8CmHNaIEXsOMFA8XRaJg7N4ZBXet_D2sVdjdsSdTW8nHZAbIarv1HYhh_VeI_6iTfSfiounJ-SUhRtM2FfO3PvefncsvES-jJmupXYiLZlVNf0WUjE6UNNd3hSxTee9snAfwOmEPK69Jijyf4Rpdp8PbQTRtfyqaB-77mCeud45b8Z4yy4XcT6rExvoytSTZ3L6cJ06jmqXWwMZXoH8n9-9EhxsvbNCWG6sBh18qCPMexHh5DHuh0Rl63_BTp2vJ7XX0G81wAmYkwmDiDl9GA8F9X9J_Sx_cUHseFXb3ae5N_nSLiJqRDt5wPLUmhlxx8_Tk2wDnE6vUP-vi8xBsL-mLpDgYj53mrQCJtrhmgY8mFIS5VPr3sqywv2FUwWI5VE2-ZGJYuQ6r-G01OrCnt3r1sfdaNdm3g_7CthcFxf8P9JWL13ntiHQ\" target=\"_blank\" rel=\"noopener nofollow noreferrer\" data-ft=\"{&quot;tn&quot;:&quot;-U&quot;}\" data-lynx-mode=\"async\">www.escolhafamam.com.br<\/a>\u00a0ou atrav\u00e9s dos Telefones\u00a0<span class=\"_5mfr\"><span class=\"_6qdm\">&#x260e;<\/span><\/span>\u00a081 3523.1559\/\u00a0<span class=\"_5mfr\"><span class=\"_6qdm\">&#x1f4f2;<\/span><\/span>\u00a098811.1559 (Whatsapp).<\/strong><\/p>\n<p><a href=\"http:\/\/www.blogdopilako.com.br\/wp\/wp-content\/uploads\/2019\/08\/69497330_512880279447177_2265019705842466816_n.jpg\"><img loading=\"lazy\" class=\"aligncenter size-full wp-image-124938\" src=\"http:\/\/www.blogdopilako.com.br\/wp\/wp-content\/uploads\/2019\/08\/69497330_512880279447177_2265019705842466816_n.jpg\" alt=\"\" width=\"960\" height=\"960\" srcset=\"http:\/\/www.blogdopilako.com.br\/wp\/wp-content\/uploads\/2019\/08\/69497330_512880279447177_2265019705842466816_n.jpg 960w, http:\/\/www.blogdopilako.com.br\/wp\/wp-content\/uploads\/2019\/08\/69497330_512880279447177_2265019705842466816_n-150x150.jpg 150w, http:\/\/www.blogdopilako.com.br\/wp\/wp-content\/uploads\/2019\/08\/69497330_512880279447177_2265019705842466816_n-300x300.jpg 300w, http:\/\/www.blogdopilako.com.br\/wp\/wp-content\/uploads\/2019\/08\/69497330_512880279447177_2265019705842466816_n-768x768.jpg 768w\" sizes=\"(max-width: 960px) 100vw, 960px\" \/><\/a><\/p>\n<\/div>\n\n\t\t\t\t<div class=\"mr_social_sharing_wrapper\">\n\t\t\t\t<!-- Social Sharing Toolkit v2.2 --><span class=\"mr_social_sharing_top\"><span style=\"display: inline-block; width: 55px; height: 62px; overflow: hidden;\"><div class=\"fb-like\" data-href=\"http:\/\/www.blogdopilako.com.br\/wp\/2019\/08\/29\/momento-famam-faculdade-macedo-de-amorim-52\/\" data-send=\"false\" data-layout=\"box_count\" data-width=\"55\" data-show-faces=\"false\"><\/div><\/span><\/span><span class=\"mr_social_sharing_top\"><fb:share-button type=\"box_count\" href=\"http:\/\/www.blogdopilako.com.br\/wp\/2019\/08\/29\/momento-famam-faculdade-macedo-de-amorim-52\/\"><\/fb:share-button><\/span><span class=\"mr_social_sharing\"><a rel=\"nofollow\" class=\"linksalpha_button linksalpha_link\" href=\"\/\/www.linksalpha.com\/social\/mobile\" data-url=\"http:\/\/www.blogdopilako.com.br\/wp\/2019\/08\/29\/momento-famam-faculdade-macedo-de-amorim-52\/\" data-text=\"Momento FAMAM \u2013 Faculdade Mac\u00eado de Amorim\" data-desc=\"A Especializa\u00e7\u00e3o em Educa\u00e7\u00e3o e Linguagens com \u00eanfase em Leitura e Produ\u00e7\u00e3o Textual foi pensada para professores formados em Letras e Pedagogia, que atuam na educa\u00e7\u00e3o b\u00e1sica, com vistas a promover e garantir o trabalho com as diversas linguagens em ambientes escolares e n\u00e3o-escolares. De\" data-image=\"http:\/\/www.blogdopilako.com.br\/wp\/wp-content\/uploads\/2019\/08\/69497330_512880279447177_2265019705842466816_n.jpg\" data-button=\"none\">\n\t\t\t\t\t<img src=\"\/\/www.linksalpha.com\/images\/social_share_button.png\" alt=\"Share\" class=\"linksalpha_image\" \/>\n\t\t\t\t\t<\/a><script type=\"text\/javascript\" src=\"\/\/www.linksalpha.com\/scripts\/loader_iconbox.js?v=2.4\"><\/script><\/span><\/div>","protected":false},"excerpt":{"rendered":"\n\t\t\t\t<div class=\"mr_social_sharing_wrapper\">\n\t\t\t\t<!-- Social Sharing Toolkit v2.2 --><span class=\"mr_social_sharing_top\"><span style=\"display: inline-block; width: 55px; height: 62px; overflow: hidden;\"><div class=\"fb-like\" data-href=\"http:\/\/www.blogdopilako.com.br\/wp\/2019\/08\/29\/momento-famam-faculdade-macedo-de-amorim-52\/\" data-send=\"false\" data-layout=\"box_count\" data-width=\"55\" data-show-faces=\"false\"><\/div><\/span><\/span><span class=\"mr_social_sharing_top\"><fb:share-button type=\"box_count\" href=\"http:\/\/www.blogdopilako.com.br\/wp\/2019\/08\/29\/momento-famam-faculdade-macedo-de-amorim-52\/\"><\/fb:share-button><\/span><span class=\"mr_social_sharing\"><a rel=\"nofollow\" class=\"linksalpha_button linksalpha_link\" href=\"\/\/www.linksalpha.com\/social\/mobile\" data-url=\"http:\/\/www.blogdopilako.com.br\/wp\/2019\/08\/29\/momento-famam-faculdade-macedo-de-amorim-52\/\" data-text=\"Momento FAMAM \u2013 Faculdade Mac\u00eado de Amorim\" data-desc=\"A Especializa\u00e7\u00e3o em Educa\u00e7\u00e3o e Linguagens com \u00eanfase em Leitura e Produ\u00e7\u00e3o Textual foi pensada para professores formados em Letras e Pedagogia, que atuam na educa\u00e7\u00e3o b\u00e1sica, com vistas a promover e garantir o trabalho com as diversas linguagens em ambientes escolares e n\u00e3o-escolares. De\" data-image=\"\" data-button=\"none\">\n\t\t\t\t\t<img src=\"\/\/www.linksalpha.com\/images\/social_share_button.png\" alt=\"Share\" class=\"linksalpha_image\" \/>\n\t\t\t\t\t<\/a><script type=\"text\/javascript\" src=\"\/\/www.linksalpha.com\/scripts\/loader_iconbox.js?v=2.4\"><\/script><\/span><\/div><p>A Especializa\u00e7\u00e3o em Educa\u00e7\u00e3o e Linguagens com \u00eanfase em Leitura e Produ\u00e7\u00e3o Textual foi pensada para professores formados em Letras e Pedagogia, que atuam na educa\u00e7\u00e3o b\u00e1sica, com vistas a promover e garantir o trabalho com as diversas linguagens em &hellip; <a href=\"http:\/\/www.blogdopilako.com.br\/wp\/2019\/08\/29\/momento-famam-faculdade-macedo-de-amorim-52\/\">Continue lendo <span class=\"meta-nav\">&rarr;<\/span><\/a><\/p>\n\n\t\t\t\t<div class=\"mr_social_sharing_wrapper\">\n\t\t\t\t<!-- Social Sharing Toolkit v2.2 --><span class=\"mr_social_sharing_top\"><span style=\"display: inline-block; width: 55px; height: 62px; overflow: hidden;\"><div class=\"fb-like\" data-href=\"http:\/\/www.blogdopilako.com.br\/wp\/2019\/08\/29\/momento-famam-faculdade-macedo-de-amorim-52\/\" data-send=\"false\" data-layout=\"box_count\" data-width=\"55\" data-show-faces=\"false\"><\/div><\/span><\/span><span class=\"mr_social_sharing_top\"><fb:share-button type=\"box_count\" href=\"http:\/\/www.blogdopilako.com.br\/wp\/2019\/08\/29\/momento-famam-faculdade-macedo-de-amorim-52\/\"><\/fb:share-button><\/span><span class=\"mr_social_sharing\"><a rel=\"nofollow\" class=\"linksalpha_button linksalpha_link\" href=\"\/\/www.linksalpha.com\/social\/mobile\" data-url=\"http:\/\/www.blogdopilako.com.br\/wp\/2019\/08\/29\/momento-famam-faculdade-macedo-de-amorim-52\/\" data-text=\"Momento FAMAM \u2013 Faculdade Mac\u00eado de Amorim\" data-desc=\"A Especializa\u00e7\u00e3o em Educa\u00e7\u00e3o e Linguagens com \u00eanfase em Leitura e Produ\u00e7\u00e3o Textual foi pensada para professores formados em Letras e Pedagogia, que atuam na educa\u00e7\u00e3o b\u00e1sica, com vistas a promover e garantir o trabalho com as diversas linguagens em ambientes escolares e n\u00e3o-escolares. De\" data-image=\"\" data-button=\"none\">\n\t\t\t\t\t<img src=\"\/\/www.linksalpha.com\/images\/social_share_button.png\" alt=\"Share\" class=\"linksalpha_image\" \/>\n\t\t\t\t\t<\/a><script type=\"text\/javascript\" src=\"\/\/www.linksalpha.com\/scripts\/loader_iconbox.js?v=2.4\"><\/script><\/span><\/div>","protected":false},"author":2,"featured_media":0,"comment_status":"open","ping_status":"open","sticky":false,"template":"","format":"standard","meta":[],"categories":[120],"tags":[],"_links":{"self":[{"href":"http:\/\/www.blogdopilako.com.br\/wp\/wp-json\/wp\/v2\/posts\/124937"}],"collection":[{"href":"http:\/\/www.blogdopilako.com.br\/wp\/wp-json\/wp\/v2\/posts"}],"about":[{"href":"http:\/\/www.blogdopilako.com.br\/wp\/wp-json\/wp\/v2\/types\/post"}],"author":[{"embeddable":true,"href":"http:\/\/www.blogdopilako.com.br\/wp\/wp-json\/wp\/v2\/users\/2"}],"replies":[{"embeddable":true,"href":"http:\/\/www.blogdopilako.com.br\/wp\/wp-json\/wp\/v2\/comments?post=124937"}],"version-history":[{"count":1,"href":"http:\/\/www.blogdopilako.com.br\/wp\/wp-json\/wp\/v2\/posts\/124937\/revisions"}],"predecessor-version":[{"id":124939,"href":"http:\/\/www.blogdopilako.com.br\/wp\/wp-json\/wp\/v2\/posts\/124937\/revisions\/124939"}],"wp:attachment":[{"href":"http:\/\/www.blogdopilako.com.br\/wp\/wp-json\/wp\/v2\/media?parent=124937"}],"wp:term":[{"taxonomy":"category","embeddable":true,"href":"http:\/\/www.blogdopilako.com.br\/wp\/wp-json\/wp\/v2\/categories?post=124937"},{"taxonomy":"post_tag","embeddable":true,"href":"http:\/\/www.blogdopilako.com.br\/wp\/wp-json\/wp\/v2\/tags?post=124937"}],"curies":[{"name":"wp","href":"https:\/\/api.w.org\/{rel}","templated":true}]}}