{"id":124427,"date":"2019-08-07T14:30:07","date_gmt":"2019-08-07T17:30:07","guid":{"rendered":"http:\/\/www.blogdopilako.com.br\/wp\/?p=124427"},"modified":"2019-08-07T09:59:16","modified_gmt":"2019-08-07T12:59:16","slug":"4a-festa-da-saudade-super-oara-24-de-agosto-no-leao-8","status":"publish","type":"post","link":"http:\/\/www.blogdopilako.com.br\/wp\/2019\/08\/07\/4a-festa-da-saudade-super-oara-24-de-agosto-no-leao-8\/","title":{"rendered":"4\u00aa Festa da Saudade \u2013 Super Oara \u2013 24 de agosto \u2013 no Le\u00e3o."},"content":{"rendered":"\n\t\t\t\t<div class=\"mr_social_sharing_wrapper\">\n\t\t\t\t<!-- Social Sharing Toolkit v2.2 --><span class=\"mr_social_sharing_top\"><span style=\"display: inline-block; width: 55px; height: 62px; overflow: hidden;\"><div class=\"fb-like\" data-href=\"http:\/\/www.blogdopilako.com.br\/wp\/2019\/08\/07\/4a-festa-da-saudade-super-oara-24-de-agosto-no-leao-8\/\" data-send=\"false\" data-layout=\"box_count\" data-width=\"55\" data-show-faces=\"false\"><\/div><\/span><\/span><span class=\"mr_social_sharing_top\"><fb:share-button type=\"box_count\" href=\"http:\/\/www.blogdopilako.com.br\/wp\/2019\/08\/07\/4a-festa-da-saudade-super-oara-24-de-agosto-no-leao-8\/\"><\/fb:share-button><\/span><span class=\"mr_social_sharing\"><a rel=\"nofollow\" class=\"linksalpha_button linksalpha_link\" href=\"\/\/www.linksalpha.com\/social\/mobile\" data-url=\"http:\/\/www.blogdopilako.com.br\/wp\/2019\/08\/07\/4a-festa-da-saudade-super-oara-24-de-agosto-no-leao-8\/\" data-text=\"4\u00aa Festa da Saudade \u2013 Super Oara \u2013 24 de agosto \u2013 no Le\u00e3o.\" data-desc=\"SERVI\u00c7O: Evento: 4\u00aa FESTA DA SAUDADE - Local: O LE\u00c3O - Dia: 24 DE AGOSTO -Hor\u00e1rio: 22 HORAS - Atra\u00e7\u00f5es Musicais: BANDA MADE IN RECIFE E ORQUESTRA SUPER OARA - Mesa para 4 pessoas R$ 280,00 -\u00a0\u00a0Camarotes para 8 pessoas R$ 450,00.\" data-image=\"http:\/\/www.blogdopilako.com.br\/wp\/wp-content\/uploads\/2019\/08\/58b8ac23-ce20-43d7-b75f-c7e5f1839a1d-3.jpg\" data-button=\"none\">\n\t\t\t\t\t<img src=\"\/\/www.linksalpha.com\/images\/social_share_button.png\" alt=\"Share\" class=\"linksalpha_image\" \/>\n\t\t\t\t\t<\/a><script type=\"text\/javascript\" src=\"\/\/www.linksalpha.com\/scripts\/loader_iconbox.js?v=2.4\"><\/script><\/span><\/div><p><a href=\"http:\/\/www.blogdopilako.com.br\/wp\/wp-content\/uploads\/2019\/08\/58b8ac23-ce20-43d7-b75f-c7e5f1839a1d-3.jpg\"><img loading=\"lazy\" class=\"aligncenter size-full wp-image-124428\" src=\"http:\/\/www.blogdopilako.com.br\/wp\/wp-content\/uploads\/2019\/08\/58b8ac23-ce20-43d7-b75f-c7e5f1839a1d-3.jpg\" alt=\"\" width=\"595\" height=\"611\" srcset=\"http:\/\/www.blogdopilako.com.br\/wp\/wp-content\/uploads\/2019\/08\/58b8ac23-ce20-43d7-b75f-c7e5f1839a1d-3.jpg 595w, http:\/\/www.blogdopilako.com.br\/wp\/wp-content\/uploads\/2019\/08\/58b8ac23-ce20-43d7-b75f-c7e5f1839a1d-3-292x300.jpg 292w\" sizes=\"(max-width: 595px) 100vw, 595px\" \/><\/a><\/p>\n<p style=\"text-align: justify;\"><strong>SERVI\u00c7O:<\/strong><\/p>\n<p style=\"text-align: justify;\"><strong>Evento: 4\u00aa FESTA DA SAUDADE &#8211; Local: O LE\u00c3O &#8211; Dia: 24 DE AGOSTO -Hor\u00e1rio: 22 HORAS &#8211; Atra\u00e7\u00f5es Musicais: BANDA MADE IN RECIFE E ORQUESTRA SUPER OARA &#8211; Mesa para 4 pessoas R$ 280,00 &#8211;\u00a0<\/strong>\u00a0<strong>Camarotes para 8 pessoas R$ 450,00.<\/strong><\/p>\n\n\t\t\t\t<div class=\"mr_social_sharing_wrapper\">\n\t\t\t\t<!-- Social Sharing Toolkit v2.2 --><span class=\"mr_social_sharing_top\"><span style=\"display: inline-block; width: 55px; height: 62px; overflow: hidden;\"><div class=\"fb-like\" data-href=\"http:\/\/www.blogdopilako.com.br\/wp\/2019\/08\/07\/4a-festa-da-saudade-super-oara-24-de-agosto-no-leao-8\/\" data-send=\"false\" data-layout=\"box_count\" data-width=\"55\" data-show-faces=\"false\"><\/div><\/span><\/span><span class=\"mr_social_sharing_top\"><fb:share-button type=\"box_count\" href=\"http:\/\/www.blogdopilako.com.br\/wp\/2019\/08\/07\/4a-festa-da-saudade-super-oara-24-de-agosto-no-leao-8\/\"><\/fb:share-button><\/span><span class=\"mr_social_sharing\"><a rel=\"nofollow\" class=\"linksalpha_button linksalpha_link\" href=\"\/\/www.linksalpha.com\/social\/mobile\" data-url=\"http:\/\/www.blogdopilako.com.br\/wp\/2019\/08\/07\/4a-festa-da-saudade-super-oara-24-de-agosto-no-leao-8\/\" data-text=\"4\u00aa Festa da Saudade \u2013 Super Oara \u2013 24 de agosto \u2013 no Le\u00e3o.\" data-desc=\"SERVI\u00c7O: Evento: 4\u00aa FESTA DA SAUDADE - Local: O LE\u00c3O - Dia: 24 DE AGOSTO -Hor\u00e1rio: 22 HORAS - Atra\u00e7\u00f5es Musicais: BANDA MADE IN RECIFE E ORQUESTRA SUPER OARA - Mesa para 4 pessoas R$ 280,00 -\u00a0\u00a0Camarotes para 8 pessoas R$ 450,00.\" data-image=\"http:\/\/www.blogdopilako.com.br\/wp\/wp-content\/uploads\/2019\/08\/58b8ac23-ce20-43d7-b75f-c7e5f1839a1d-3.jpg\" data-button=\"none\">\n\t\t\t\t\t<img src=\"\/\/www.linksalpha.com\/images\/social_share_button.png\" alt=\"Share\" class=\"linksalpha_image\" \/>\n\t\t\t\t\t<\/a><script type=\"text\/javascript\" src=\"\/\/www.linksalpha.com\/scripts\/loader_iconbox.js?v=2.4\"><\/script><\/span><\/div>","protected":false},"excerpt":{"rendered":"\n\t\t\t\t<div class=\"mr_social_sharing_wrapper\">\n\t\t\t\t<!-- Social Sharing Toolkit v2.2 --><span class=\"mr_social_sharing_top\"><span style=\"display: inline-block; width: 55px; height: 62px; overflow: hidden;\"><div class=\"fb-like\" data-href=\"http:\/\/www.blogdopilako.com.br\/wp\/2019\/08\/07\/4a-festa-da-saudade-super-oara-24-de-agosto-no-leao-8\/\" data-send=\"false\" data-layout=\"box_count\" data-width=\"55\" data-show-faces=\"false\"><\/div><\/span><\/span><span class=\"mr_social_sharing_top\"><fb:share-button type=\"box_count\" href=\"http:\/\/www.blogdopilako.com.br\/wp\/2019\/08\/07\/4a-festa-da-saudade-super-oara-24-de-agosto-no-leao-8\/\"><\/fb:share-button><\/span><span class=\"mr_social_sharing\"><a rel=\"nofollow\" class=\"linksalpha_button linksalpha_link\" href=\"\/\/www.linksalpha.com\/social\/mobile\" data-url=\"http:\/\/www.blogdopilako.com.br\/wp\/2019\/08\/07\/4a-festa-da-saudade-super-oara-24-de-agosto-no-leao-8\/\" data-text=\"4\u00aa Festa da Saudade \u2013 Super Oara \u2013 24 de agosto \u2013 no Le\u00e3o.\" data-desc=\"SERVI\u00c7O: Evento: 4\u00aa FESTA DA SAUDADE - Local: O LE\u00c3O - Dia: 24 DE AGOSTO -Hor\u00e1rio: 22 HORAS - Atra\u00e7\u00f5es Musicais: BANDA MADE IN RECIFE E ORQUESTRA SUPER OARA - Mesa para 4 pessoas R$ 280,00 -\u00a0\u00a0Camarotes para 8 pessoas R$ 450,00.\" data-image=\"\" data-button=\"none\">\n\t\t\t\t\t<img src=\"\/\/www.linksalpha.com\/images\/social_share_button.png\" alt=\"Share\" class=\"linksalpha_image\" \/>\n\t\t\t\t\t<\/a><script type=\"text\/javascript\" src=\"\/\/www.linksalpha.com\/scripts\/loader_iconbox.js?v=2.4\"><\/script><\/span><\/div><p>SERVI\u00c7O: Evento: 4\u00aa FESTA DA SAUDADE &#8211; Local: O LE\u00c3O &#8211; Dia: 24 DE AGOSTO -Hor\u00e1rio: 22 HORAS &#8211; Atra\u00e7\u00f5es Musicais: BANDA MADE IN RECIFE E ORQUESTRA SUPER OARA &#8211; Mesa para 4 pessoas R$ 280,00 &#8211;\u00a0\u00a0Camarotes para 8 pessoas &hellip; <a href=\"http:\/\/www.blogdopilako.com.br\/wp\/2019\/08\/07\/4a-festa-da-saudade-super-oara-24-de-agosto-no-leao-8\/\">Continue lendo <span class=\"meta-nav\">&rarr;<\/span><\/a><\/p>\n\n\t\t\t\t<div class=\"mr_social_sharing_wrapper\">\n\t\t\t\t<!-- Social Sharing Toolkit v2.2 --><span class=\"mr_social_sharing_top\"><span style=\"display: inline-block; width: 55px; height: 62px; overflow: hidden;\"><div class=\"fb-like\" data-href=\"http:\/\/www.blogdopilako.com.br\/wp\/2019\/08\/07\/4a-festa-da-saudade-super-oara-24-de-agosto-no-leao-8\/\" data-send=\"false\" data-layout=\"box_count\" data-width=\"55\" data-show-faces=\"false\"><\/div><\/span><\/span><span class=\"mr_social_sharing_top\"><fb:share-button type=\"box_count\" href=\"http:\/\/www.blogdopilako.com.br\/wp\/2019\/08\/07\/4a-festa-da-saudade-super-oara-24-de-agosto-no-leao-8\/\"><\/fb:share-button><\/span><span class=\"mr_social_sharing\"><a rel=\"nofollow\" class=\"linksalpha_button linksalpha_link\" href=\"\/\/www.linksalpha.com\/social\/mobile\" data-url=\"http:\/\/www.blogdopilako.com.br\/wp\/2019\/08\/07\/4a-festa-da-saudade-super-oara-24-de-agosto-no-leao-8\/\" data-text=\"4\u00aa Festa da Saudade \u2013 Super Oara \u2013 24 de agosto \u2013 no Le\u00e3o.\" data-desc=\"SERVI\u00c7O: Evento: 4\u00aa FESTA DA SAUDADE - Local: O LE\u00c3O - Dia: 24 DE AGOSTO -Hor\u00e1rio: 22 HORAS - Atra\u00e7\u00f5es Musicais: BANDA MADE IN RECIFE E ORQUESTRA SUPER OARA - Mesa para 4 pessoas R$ 280,00 -\u00a0\u00a0Camarotes para 8 pessoas R$ 450,00.\" data-image=\"\" data-button=\"none\">\n\t\t\t\t\t<img src=\"\/\/www.linksalpha.com\/images\/social_share_button.png\" alt=\"Share\" class=\"linksalpha_image\" \/>\n\t\t\t\t\t<\/a><script type=\"text\/javascript\" src=\"\/\/www.linksalpha.com\/scripts\/loader_iconbox.js?v=2.4\"><\/script><\/span><\/div>","protected":false},"author":2,"featured_media":0,"comment_status":"open","ping_status":"open","sticky":false,"template":"","format":"standard","meta":[],"categories":[120],"tags":[],"_links":{"self":[{"href":"http:\/\/www.blogdopilako.com.br\/wp\/wp-json\/wp\/v2\/posts\/124427"}],"collection":[{"href":"http:\/\/www.blogdopilako.com.br\/wp\/wp-json\/wp\/v2\/posts"}],"about":[{"href":"http:\/\/www.blogdopilako.com.br\/wp\/wp-json\/wp\/v2\/types\/post"}],"author":[{"embeddable":true,"href":"http:\/\/www.blogdopilako.com.br\/wp\/wp-json\/wp\/v2\/users\/2"}],"replies":[{"embeddable":true,"href":"http:\/\/www.blogdopilako.com.br\/wp\/wp-json\/wp\/v2\/comments?post=124427"}],"version-history":[{"count":1,"href":"http:\/\/www.blogdopilako.com.br\/wp\/wp-json\/wp\/v2\/posts\/124427\/revisions"}],"predecessor-version":[{"id":124429,"href":"http:\/\/www.blogdopilako.com.br\/wp\/wp-json\/wp\/v2\/posts\/124427\/revisions\/124429"}],"wp:attachment":[{"href":"http:\/\/www.blogdopilako.com.br\/wp\/wp-json\/wp\/v2\/media?parent=124427"}],"wp:term":[{"taxonomy":"category","embeddable":true,"href":"http:\/\/www.blogdopilako.com.br\/wp\/wp-json\/wp\/v2\/categories?post=124427"},{"taxonomy":"post_tag","embeddable":true,"href":"http:\/\/www.blogdopilako.com.br\/wp\/wp-json\/wp\/v2\/tags?post=124427"}],"curies":[{"name":"wp","href":"https:\/\/api.w.org\/{rel}","templated":true}]}}