{"id":124210,"date":"2019-07-30T11:00:14","date_gmt":"2019-07-30T14:00:14","guid":{"rendered":"http:\/\/www.blogdopilako.com.br\/wp\/?p=124210"},"modified":"2019-07-30T09:48:37","modified_gmt":"2019-07-30T12:48:37","slug":"nave-multicor-na-voz-de-pierre-11","status":"publish","type":"post","link":"http:\/\/www.blogdopilako.com.br\/wp\/2019\/07\/30\/nave-multicor-na-voz-de-pierre-11\/","title":{"rendered":"Nave Multicor, na voz de Pierre."},"content":{"rendered":"\n\t\t\t\t<div class=\"mr_social_sharing_wrapper\">\n\t\t\t\t<!-- Social Sharing Toolkit v2.2 --><span class=\"mr_social_sharing_top\"><span style=\"display: inline-block; width: 55px; height: 62px; overflow: hidden;\"><div class=\"fb-like\" data-href=\"http:\/\/www.blogdopilako.com.br\/wp\/2019\/07\/30\/nave-multicor-na-voz-de-pierre-11\/\" data-send=\"false\" data-layout=\"box_count\" data-width=\"55\" data-show-faces=\"false\"><\/div><\/span><\/span><span class=\"mr_social_sharing_top\"><fb:share-button type=\"box_count\" href=\"http:\/\/www.blogdopilako.com.br\/wp\/2019\/07\/30\/nave-multicor-na-voz-de-pierre-11\/\"><\/fb:share-button><\/span><span class=\"mr_social_sharing\"><a rel=\"nofollow\" class=\"linksalpha_button linksalpha_link\" href=\"\/\/www.linksalpha.com\/social\/mobile\" data-url=\"http:\/\/www.blogdopilako.com.br\/wp\/2019\/07\/30\/nave-multicor-na-voz-de-pierre-11\/\" data-text=\"Nave Multicor, na voz de Pierre.\" data-desc=\"M\u00fasica \u201cNAVE MULTICOR\u201c - compositor Aldenisio Tavares - voz de Pierre - CD \u00c9 Mania de Carnaval, produzido por Aldenisio e v\u00e1rios outros compositores vitorienses. Gostou da m\u00fasica? \u2013\u00a0Baixe a MP3 Aldenisio Tavares\" data-image=\"http:\/\/www.blogdopilako.com.br\/wp\/wp-content\/uploads\/2019\/07\/circulando.jpg\" data-button=\"none\">\n\t\t\t\t\t<img src=\"\/\/www.linksalpha.com\/images\/social_share_button.png\" alt=\"Share\" class=\"linksalpha_image\" \/>\n\t\t\t\t\t<\/a><script type=\"text\/javascript\" src=\"\/\/www.linksalpha.com\/scripts\/loader_iconbox.js?v=2.4\"><\/script><\/span><\/div><p><a href=\"http:\/\/www.blogdopilako.com.br\/wp\/wp-content\/uploads\/2019\/07\/circulando.jpg\"><img loading=\"lazy\" class=\"aligncenter size-full wp-image-124211\" src=\"http:\/\/www.blogdopilako.com.br\/wp\/wp-content\/uploads\/2019\/07\/circulando.jpg\" alt=\"\" width=\"488\" height=\"491\" srcset=\"http:\/\/www.blogdopilako.com.br\/wp\/wp-content\/uploads\/2019\/07\/circulando.jpg 488w, http:\/\/www.blogdopilako.com.br\/wp\/wp-content\/uploads\/2019\/07\/circulando-150x150.jpg 150w, http:\/\/www.blogdopilako.com.br\/wp\/wp-content\/uploads\/2019\/07\/circulando-298x300.jpg 298w\" sizes=\"(max-width: 488px) 100vw, 488px\" \/><\/a><\/p>\n<p>M\u00fasica \u201c<em><strong>NAVE MULTICOR<\/strong><\/em>\u201c &#8211; compositor Aldenisio Tavares &#8211; voz de Pierre &#8211; CD <strong>\u00c9 Mania de Carnaval<\/strong>, produzido por Aldenisio e v\u00e1rios outros compositores vitorienses.<\/p>\n<p><strong>[powerpress url=..\/mp3\/reliquias.mp3]<br \/>\n<\/strong><strong>Gostou da m\u00fasica? \u2013\u00a0<a href=\"http:\/\/www.blogdopilako.com.br\/mp3\/reliquias.mp3\" target=\"_blank\" rel=\"noopener noreferrer\">Baixe a MP3<\/a><\/strong><\/p>\n<p><strong>Aldenisio Tavares<\/strong><\/p>\n<div class=\"mr_social_sharing_wrapper\"><\/div>\n\n\t\t\t\t<div class=\"mr_social_sharing_wrapper\">\n\t\t\t\t<!-- Social Sharing Toolkit v2.2 --><span class=\"mr_social_sharing_top\"><span style=\"display: inline-block; width: 55px; height: 62px; overflow: hidden;\"><div class=\"fb-like\" data-href=\"http:\/\/www.blogdopilako.com.br\/wp\/2019\/07\/30\/nave-multicor-na-voz-de-pierre-11\/\" data-send=\"false\" data-layout=\"box_count\" data-width=\"55\" data-show-faces=\"false\"><\/div><\/span><\/span><span class=\"mr_social_sharing_top\"><fb:share-button type=\"box_count\" href=\"http:\/\/www.blogdopilako.com.br\/wp\/2019\/07\/30\/nave-multicor-na-voz-de-pierre-11\/\"><\/fb:share-button><\/span><span class=\"mr_social_sharing\"><a rel=\"nofollow\" class=\"linksalpha_button linksalpha_link\" href=\"\/\/www.linksalpha.com\/social\/mobile\" data-url=\"http:\/\/www.blogdopilako.com.br\/wp\/2019\/07\/30\/nave-multicor-na-voz-de-pierre-11\/\" data-text=\"Nave Multicor, na voz de Pierre.\" data-desc=\"M\u00fasica \u201cNAVE MULTICOR\u201c - compositor Aldenisio Tavares - voz de Pierre - CD \u00c9 Mania de Carnaval, produzido por Aldenisio e v\u00e1rios outros compositores vitorienses. Gostou da m\u00fasica? \u2013\u00a0Baixe a MP3 Aldenisio Tavares\" data-image=\"http:\/\/www.blogdopilako.com.br\/wp\/wp-content\/uploads\/2019\/07\/circulando.jpg\" data-button=\"none\">\n\t\t\t\t\t<img src=\"\/\/www.linksalpha.com\/images\/social_share_button.png\" alt=\"Share\" class=\"linksalpha_image\" \/>\n\t\t\t\t\t<\/a><script type=\"text\/javascript\" src=\"\/\/www.linksalpha.com\/scripts\/loader_iconbox.js?v=2.4\"><\/script><\/span><\/div>","protected":false},"excerpt":{"rendered":"\n\t\t\t\t<div class=\"mr_social_sharing_wrapper\">\n\t\t\t\t<!-- Social Sharing Toolkit v2.2 --><span class=\"mr_social_sharing_top\"><span style=\"display: inline-block; width: 55px; height: 62px; overflow: hidden;\"><div class=\"fb-like\" data-href=\"http:\/\/www.blogdopilako.com.br\/wp\/2019\/07\/30\/nave-multicor-na-voz-de-pierre-11\/\" data-send=\"false\" data-layout=\"box_count\" data-width=\"55\" data-show-faces=\"false\"><\/div><\/span><\/span><span class=\"mr_social_sharing_top\"><fb:share-button type=\"box_count\" href=\"http:\/\/www.blogdopilako.com.br\/wp\/2019\/07\/30\/nave-multicor-na-voz-de-pierre-11\/\"><\/fb:share-button><\/span><span class=\"mr_social_sharing\"><a rel=\"nofollow\" class=\"linksalpha_button linksalpha_link\" href=\"\/\/www.linksalpha.com\/social\/mobile\" data-url=\"http:\/\/www.blogdopilako.com.br\/wp\/2019\/07\/30\/nave-multicor-na-voz-de-pierre-11\/\" data-text=\"Nave Multicor, na voz de Pierre.\" data-desc=\"M\u00fasica \u201cNAVE MULTICOR\u201c - compositor Aldenisio Tavares - voz de Pierre - CD \u00c9 Mania de Carnaval, produzido por Aldenisio e v\u00e1rios outros compositores vitorienses. Gostou da m\u00fasica? \u2013\u00a0Baixe a MP3 Aldenisio Tavares\" data-image=\"\" data-button=\"none\">\n\t\t\t\t\t<img src=\"\/\/www.linksalpha.com\/images\/social_share_button.png\" alt=\"Share\" class=\"linksalpha_image\" \/>\n\t\t\t\t\t<\/a><script type=\"text\/javascript\" src=\"\/\/www.linksalpha.com\/scripts\/loader_iconbox.js?v=2.4\"><\/script><\/span><\/div><p>M\u00fasica \u201cNAVE MULTICOR\u201c &#8211; compositor Aldenisio Tavares &#8211; voz de Pierre &#8211; CD \u00c9 Mania de Carnaval, produzido por Aldenisio e v\u00e1rios outros compositores vitorienses. [powerpress url=..\/mp3\/reliquias.mp3] Gostou da m\u00fasica? \u2013\u00a0Baixe a MP3 Aldenisio Tavares<\/p>\n\n\t\t\t\t<div class=\"mr_social_sharing_wrapper\">\n\t\t\t\t<!-- Social Sharing Toolkit v2.2 --><span class=\"mr_social_sharing_top\"><span style=\"display: inline-block; width: 55px; height: 62px; overflow: hidden;\"><div class=\"fb-like\" data-href=\"http:\/\/www.blogdopilako.com.br\/wp\/2019\/07\/30\/nave-multicor-na-voz-de-pierre-11\/\" data-send=\"false\" data-layout=\"box_count\" data-width=\"55\" data-show-faces=\"false\"><\/div><\/span><\/span><span class=\"mr_social_sharing_top\"><fb:share-button type=\"box_count\" href=\"http:\/\/www.blogdopilako.com.br\/wp\/2019\/07\/30\/nave-multicor-na-voz-de-pierre-11\/\"><\/fb:share-button><\/span><span class=\"mr_social_sharing\"><a rel=\"nofollow\" class=\"linksalpha_button linksalpha_link\" href=\"\/\/www.linksalpha.com\/social\/mobile\" data-url=\"http:\/\/www.blogdopilako.com.br\/wp\/2019\/07\/30\/nave-multicor-na-voz-de-pierre-11\/\" data-text=\"Nave Multicor, na voz de Pierre.\" data-desc=\"M\u00fasica \u201cNAVE MULTICOR\u201c - compositor Aldenisio Tavares - voz de Pierre - CD \u00c9 Mania de Carnaval, produzido por Aldenisio e v\u00e1rios outros compositores vitorienses. Gostou da m\u00fasica? \u2013\u00a0Baixe a MP3 Aldenisio Tavares\" data-image=\"\" data-button=\"none\">\n\t\t\t\t\t<img src=\"\/\/www.linksalpha.com\/images\/social_share_button.png\" alt=\"Share\" class=\"linksalpha_image\" \/>\n\t\t\t\t\t<\/a><script type=\"text\/javascript\" src=\"\/\/www.linksalpha.com\/scripts\/loader_iconbox.js?v=2.4\"><\/script><\/span><\/div>","protected":false},"author":2,"featured_media":0,"comment_status":"open","ping_status":"open","sticky":false,"template":"","format":"standard","meta":[],"categories":[17],"tags":[],"_links":{"self":[{"href":"http:\/\/www.blogdopilako.com.br\/wp\/wp-json\/wp\/v2\/posts\/124210"}],"collection":[{"href":"http:\/\/www.blogdopilako.com.br\/wp\/wp-json\/wp\/v2\/posts"}],"about":[{"href":"http:\/\/www.blogdopilako.com.br\/wp\/wp-json\/wp\/v2\/types\/post"}],"author":[{"embeddable":true,"href":"http:\/\/www.blogdopilako.com.br\/wp\/wp-json\/wp\/v2\/users\/2"}],"replies":[{"embeddable":true,"href":"http:\/\/www.blogdopilako.com.br\/wp\/wp-json\/wp\/v2\/comments?post=124210"}],"version-history":[{"count":1,"href":"http:\/\/www.blogdopilako.com.br\/wp\/wp-json\/wp\/v2\/posts\/124210\/revisions"}],"predecessor-version":[{"id":124212,"href":"http:\/\/www.blogdopilako.com.br\/wp\/wp-json\/wp\/v2\/posts\/124210\/revisions\/124212"}],"wp:attachment":[{"href":"http:\/\/www.blogdopilako.com.br\/wp\/wp-json\/wp\/v2\/media?parent=124210"}],"wp:term":[{"taxonomy":"category","embeddable":true,"href":"http:\/\/www.blogdopilako.com.br\/wp\/wp-json\/wp\/v2\/categories?post=124210"},{"taxonomy":"post_tag","embeddable":true,"href":"http:\/\/www.blogdopilako.com.br\/wp\/wp-json\/wp\/v2\/tags?post=124210"}],"curies":[{"name":"wp","href":"https:\/\/api.w.org\/{rel}","templated":true}]}}