{"id":124187,"date":"2019-07-29T14:00:57","date_gmt":"2019-07-29T17:00:57","guid":{"rendered":"http:\/\/www.blogdopilako.com.br\/wp\/?p=124187"},"modified":"2019-07-29T09:35:16","modified_gmt":"2019-07-29T12:35:16","slug":"o-tempo-voa-colegio-3-de-agosto-9","status":"publish","type":"post","link":"http:\/\/www.blogdopilako.com.br\/wp\/2019\/07\/29\/o-tempo-voa-colegio-3-de-agosto-9\/","title":{"rendered":"O Tempo Voa: Col\u00e9gio 3 de Agosto."},"content":{"rendered":"\n\t\t\t\t<div class=\"mr_social_sharing_wrapper\">\n\t\t\t\t<!-- Social Sharing Toolkit v2.2 --><span class=\"mr_social_sharing_top\"><span style=\"display: inline-block; width: 55px; height: 62px; overflow: hidden;\"><div class=\"fb-like\" data-href=\"http:\/\/www.blogdopilako.com.br\/wp\/2019\/07\/29\/o-tempo-voa-colegio-3-de-agosto-9\/\" data-send=\"false\" data-layout=\"box_count\" data-width=\"55\" data-show-faces=\"false\"><\/div><\/span><\/span><span class=\"mr_social_sharing_top\"><fb:share-button type=\"box_count\" href=\"http:\/\/www.blogdopilako.com.br\/wp\/2019\/07\/29\/o-tempo-voa-colegio-3-de-agosto-9\/\"><\/fb:share-button><\/span><span class=\"mr_social_sharing\"><a rel=\"nofollow\" class=\"linksalpha_button linksalpha_link\" href=\"\/\/www.linksalpha.com\/social\/mobile\" data-url=\"http:\/\/www.blogdopilako.com.br\/wp\/2019\/07\/29\/o-tempo-voa-colegio-3-de-agosto-9\/\" data-text=\"O Tempo Voa: Col\u00e9gio 3 de Agosto.\" data-desc=\"QUADRA DO COL\u00c9GIO MUNICIPAL 3 DE AGOSTO \u2013\u00a0 COMEMORA\u00c7\u00c3O - ANO N\u00c3O REGISTRADO.\" data-image=\"http:\/\/www.blogdopilako.com.br\/wp\/wp-content\/uploads\/2019\/07\/O-TEMPO-VOA-COLEGIO-3-DE-AGOSTO.jpg\" data-button=\"none\">\n\t\t\t\t\t<img src=\"\/\/www.linksalpha.com\/images\/social_share_button.png\" alt=\"Share\" class=\"linksalpha_image\" \/>\n\t\t\t\t\t<\/a><script type=\"text\/javascript\" src=\"\/\/www.linksalpha.com\/scripts\/loader_iconbox.js?v=2.4\"><\/script><\/span><\/div><p><a href=\"http:\/\/www.blogdopilako.com.br\/wp\/wp-content\/uploads\/2019\/07\/O-TEMPO-VOA-COLEGIO-3-DE-AGOSTO.jpg\"><img loading=\"lazy\" class=\"aligncenter size-full wp-image-124188\" src=\"http:\/\/www.blogdopilako.com.br\/wp\/wp-content\/uploads\/2019\/07\/O-TEMPO-VOA-COLEGIO-3-DE-AGOSTO.jpg\" alt=\"\" width=\"563\" height=\"370\" srcset=\"http:\/\/www.blogdopilako.com.br\/wp\/wp-content\/uploads\/2019\/07\/O-TEMPO-VOA-COLEGIO-3-DE-AGOSTO.jpg 563w, http:\/\/www.blogdopilako.com.br\/wp\/wp-content\/uploads\/2019\/07\/O-TEMPO-VOA-COLEGIO-3-DE-AGOSTO-300x197.jpg 300w\" sizes=\"(max-width: 563px) 100vw, 563px\" \/><\/a><\/p>\n<p style=\"text-align: justify;\"><strong>QUADRA DO COL\u00c9GIO MUNICIPAL 3 DE AGOSTO \u2013\u00a0 COMEMORA\u00c7\u00c3O &#8211; ANO N\u00c3O REGISTRADO.<\/strong><\/p>\n\n\t\t\t\t<div class=\"mr_social_sharing_wrapper\">\n\t\t\t\t<!-- Social Sharing Toolkit v2.2 --><span class=\"mr_social_sharing_top\"><span style=\"display: inline-block; width: 55px; height: 62px; overflow: hidden;\"><div class=\"fb-like\" data-href=\"http:\/\/www.blogdopilako.com.br\/wp\/2019\/07\/29\/o-tempo-voa-colegio-3-de-agosto-9\/\" data-send=\"false\" data-layout=\"box_count\" data-width=\"55\" data-show-faces=\"false\"><\/div><\/span><\/span><span class=\"mr_social_sharing_top\"><fb:share-button type=\"box_count\" href=\"http:\/\/www.blogdopilako.com.br\/wp\/2019\/07\/29\/o-tempo-voa-colegio-3-de-agosto-9\/\"><\/fb:share-button><\/span><span class=\"mr_social_sharing\"><a rel=\"nofollow\" class=\"linksalpha_button linksalpha_link\" href=\"\/\/www.linksalpha.com\/social\/mobile\" data-url=\"http:\/\/www.blogdopilako.com.br\/wp\/2019\/07\/29\/o-tempo-voa-colegio-3-de-agosto-9\/\" data-text=\"O Tempo Voa: Col\u00e9gio 3 de Agosto.\" data-desc=\"QUADRA DO COL\u00c9GIO MUNICIPAL 3 DE AGOSTO \u2013\u00a0 COMEMORA\u00c7\u00c3O - ANO N\u00c3O REGISTRADO.\" data-image=\"http:\/\/www.blogdopilako.com.br\/wp\/wp-content\/uploads\/2019\/07\/O-TEMPO-VOA-COLEGIO-3-DE-AGOSTO.jpg\" data-button=\"none\">\n\t\t\t\t\t<img src=\"\/\/www.linksalpha.com\/images\/social_share_button.png\" alt=\"Share\" class=\"linksalpha_image\" \/>\n\t\t\t\t\t<\/a><script type=\"text\/javascript\" src=\"\/\/www.linksalpha.com\/scripts\/loader_iconbox.js?v=2.4\"><\/script><\/span><\/div>","protected":false},"excerpt":{"rendered":"\n\t\t\t\t<div class=\"mr_social_sharing_wrapper\">\n\t\t\t\t<!-- Social Sharing Toolkit v2.2 --><span class=\"mr_social_sharing_top\"><span style=\"display: inline-block; width: 55px; height: 62px; overflow: hidden;\"><div class=\"fb-like\" data-href=\"http:\/\/www.blogdopilako.com.br\/wp\/2019\/07\/29\/o-tempo-voa-colegio-3-de-agosto-9\/\" data-send=\"false\" data-layout=\"box_count\" data-width=\"55\" data-show-faces=\"false\"><\/div><\/span><\/span><span class=\"mr_social_sharing_top\"><fb:share-button type=\"box_count\" href=\"http:\/\/www.blogdopilako.com.br\/wp\/2019\/07\/29\/o-tempo-voa-colegio-3-de-agosto-9\/\"><\/fb:share-button><\/span><span class=\"mr_social_sharing\"><a rel=\"nofollow\" class=\"linksalpha_button linksalpha_link\" href=\"\/\/www.linksalpha.com\/social\/mobile\" data-url=\"http:\/\/www.blogdopilako.com.br\/wp\/2019\/07\/29\/o-tempo-voa-colegio-3-de-agosto-9\/\" data-text=\"O Tempo Voa: Col\u00e9gio 3 de Agosto.\" data-desc=\"QUADRA DO COL\u00c9GIO MUNICIPAL 3 DE AGOSTO \u2013\u00a0 COMEMORA\u00c7\u00c3O - ANO N\u00c3O REGISTRADO.\" data-image=\"\" data-button=\"none\">\n\t\t\t\t\t<img src=\"\/\/www.linksalpha.com\/images\/social_share_button.png\" alt=\"Share\" class=\"linksalpha_image\" \/>\n\t\t\t\t\t<\/a><script type=\"text\/javascript\" src=\"\/\/www.linksalpha.com\/scripts\/loader_iconbox.js?v=2.4\"><\/script><\/span><\/div><p>QUADRA DO COL\u00c9GIO MUNICIPAL 3 DE AGOSTO \u2013\u00a0 COMEMORA\u00c7\u00c3O &#8211; ANO N\u00c3O REGISTRADO.<\/p>\n\n\t\t\t\t<div class=\"mr_social_sharing_wrapper\">\n\t\t\t\t<!-- Social Sharing Toolkit v2.2 --><span class=\"mr_social_sharing_top\"><span style=\"display: inline-block; width: 55px; height: 62px; overflow: hidden;\"><div class=\"fb-like\" data-href=\"http:\/\/www.blogdopilako.com.br\/wp\/2019\/07\/29\/o-tempo-voa-colegio-3-de-agosto-9\/\" data-send=\"false\" data-layout=\"box_count\" data-width=\"55\" data-show-faces=\"false\"><\/div><\/span><\/span><span class=\"mr_social_sharing_top\"><fb:share-button type=\"box_count\" href=\"http:\/\/www.blogdopilako.com.br\/wp\/2019\/07\/29\/o-tempo-voa-colegio-3-de-agosto-9\/\"><\/fb:share-button><\/span><span class=\"mr_social_sharing\"><a rel=\"nofollow\" class=\"linksalpha_button linksalpha_link\" href=\"\/\/www.linksalpha.com\/social\/mobile\" data-url=\"http:\/\/www.blogdopilako.com.br\/wp\/2019\/07\/29\/o-tempo-voa-colegio-3-de-agosto-9\/\" data-text=\"O Tempo Voa: Col\u00e9gio 3 de Agosto.\" data-desc=\"QUADRA DO COL\u00c9GIO MUNICIPAL 3 DE AGOSTO \u2013\u00a0 COMEMORA\u00c7\u00c3O - ANO N\u00c3O REGISTRADO.\" data-image=\"\" data-button=\"none\">\n\t\t\t\t\t<img src=\"\/\/www.linksalpha.com\/images\/social_share_button.png\" alt=\"Share\" class=\"linksalpha_image\" \/>\n\t\t\t\t\t<\/a><script type=\"text\/javascript\" src=\"\/\/www.linksalpha.com\/scripts\/loader_iconbox.js?v=2.4\"><\/script><\/span><\/div>","protected":false},"author":2,"featured_media":0,"comment_status":"open","ping_status":"open","sticky":false,"template":"","format":"standard","meta":[],"categories":[23],"tags":[],"_links":{"self":[{"href":"http:\/\/www.blogdopilako.com.br\/wp\/wp-json\/wp\/v2\/posts\/124187"}],"collection":[{"href":"http:\/\/www.blogdopilako.com.br\/wp\/wp-json\/wp\/v2\/posts"}],"about":[{"href":"http:\/\/www.blogdopilako.com.br\/wp\/wp-json\/wp\/v2\/types\/post"}],"author":[{"embeddable":true,"href":"http:\/\/www.blogdopilako.com.br\/wp\/wp-json\/wp\/v2\/users\/2"}],"replies":[{"embeddable":true,"href":"http:\/\/www.blogdopilako.com.br\/wp\/wp-json\/wp\/v2\/comments?post=124187"}],"version-history":[{"count":1,"href":"http:\/\/www.blogdopilako.com.br\/wp\/wp-json\/wp\/v2\/posts\/124187\/revisions"}],"predecessor-version":[{"id":124189,"href":"http:\/\/www.blogdopilako.com.br\/wp\/wp-json\/wp\/v2\/posts\/124187\/revisions\/124189"}],"wp:attachment":[{"href":"http:\/\/www.blogdopilako.com.br\/wp\/wp-json\/wp\/v2\/media?parent=124187"}],"wp:term":[{"taxonomy":"category","embeddable":true,"href":"http:\/\/www.blogdopilako.com.br\/wp\/wp-json\/wp\/v2\/categories?post=124187"},{"taxonomy":"post_tag","embeddable":true,"href":"http:\/\/www.blogdopilako.com.br\/wp\/wp-json\/wp\/v2\/tags?post=124187"}],"curies":[{"name":"wp","href":"https:\/\/api.w.org\/{rel}","templated":true}]}}