{"id":124155,"date":"2019-07-26T14:20:03","date_gmt":"2019-07-26T17:20:03","guid":{"rendered":"http:\/\/www.blogdopilako.com.br\/wp\/?p=124155"},"modified":"2019-07-26T08:57:07","modified_gmt":"2019-07-26T11:57:07","slug":"fim-de-semana-cultural-so-poesia-por-julio-siqueira","status":"publish","type":"post","link":"http:\/\/www.blogdopilako.com.br\/wp\/2019\/07\/26\/fim-de-semana-cultural-so-poesia-por-julio-siqueira\/","title":{"rendered":"Fim de Semana Cultural: S\u00f3\u2026 (poesia) \u2013 Por J\u00falio Siqueira."},"content":{"rendered":"\n\t\t\t\t<div class=\"mr_social_sharing_wrapper\">\n\t\t\t\t<!-- Social Sharing Toolkit v2.2 --><span class=\"mr_social_sharing_top\"><span style=\"display: inline-block; width: 55px; height: 62px; overflow: hidden;\"><div class=\"fb-like\" data-href=\"http:\/\/www.blogdopilako.com.br\/wp\/2019\/07\/26\/fim-de-semana-cultural-so-poesia-por-julio-siqueira\/\" data-send=\"false\" data-layout=\"box_count\" data-width=\"55\" data-show-faces=\"false\"><\/div><\/span><\/span><span class=\"mr_social_sharing_top\"><fb:share-button type=\"box_count\" href=\"http:\/\/www.blogdopilako.com.br\/wp\/2019\/07\/26\/fim-de-semana-cultural-so-poesia-por-julio-siqueira\/\"><\/fb:share-button><\/span><span class=\"mr_social_sharing\"><a rel=\"nofollow\" class=\"linksalpha_button linksalpha_link\" href=\"\/\/www.linksalpha.com\/social\/mobile\" data-url=\"http:\/\/www.blogdopilako.com.br\/wp\/2019\/07\/26\/fim-de-semana-cultural-so-poesia-por-julio-siqueira\/\" data-text=\"Fim de Semana Cultural: S\u00f3\u2026 (poesia) \u2013 Por J\u00falio Siqueira.\" data-desc=\"Sou, apenas, UM no meio da multid\u00e3o. UM. Apenas um ser que se perde no borborinho da cidade, em meio \u00e0s pessoas que passam em velocidade no vaiv\u00e9m de um mundo louco e que se estiola pouco a pouco!\u2026 \u00d3!\u2026 Como \u00e9 triste ser, apenas, um! UM!\u2026 Um ser que vive, t\u00e3o s\u00f3 a sua vida, sem\" data-image=\"http:\/\/www.blogdopilako.com.br\/wp\/wp-content\/uploads\/2019\/07\/julio.jpg\" data-button=\"none\">\n\t\t\t\t\t<img src=\"\/\/www.linksalpha.com\/images\/social_share_button.png\" alt=\"Share\" class=\"linksalpha_image\" \/>\n\t\t\t\t\t<\/a><script type=\"text\/javascript\" src=\"\/\/www.linksalpha.com\/scripts\/loader_iconbox.js?v=2.4\"><\/script><\/span><\/div><p><a href=\"http:\/\/www.blogdopilako.com.br\/wp\/wp-content\/uploads\/2019\/07\/julio.jpg\"><img loading=\"lazy\" class=\"aligncenter size-full wp-image-124156\" src=\"http:\/\/www.blogdopilako.com.br\/wp\/wp-content\/uploads\/2019\/07\/julio.jpg\" alt=\"\" width=\"246\" height=\"371\" srcset=\"http:\/\/www.blogdopilako.com.br\/wp\/wp-content\/uploads\/2019\/07\/julio.jpg 246w, http:\/\/www.blogdopilako.com.br\/wp\/wp-content\/uploads\/2019\/07\/julio-199x300.jpg 199w\" sizes=\"(max-width: 246px) 100vw, 246px\" \/><\/a><\/p>\n<p style=\"text-align: center;\">Sou, apenas, UM no meio da multid\u00e3o.<br \/>\nUM.<br \/>\nApenas um<br \/>\nser que se perde no borborinho da cidade,<br \/>\nem meio \u00e0s pessoas que passam em velocidade<br \/>\nno vaiv\u00e9m de um mundo louco<br \/>\ne que se estiola pouco a pouco!\u2026<br \/>\n\u00d3!\u2026<br \/>\nComo \u00e9 triste ser, apenas, um!<br \/>\nUM!\u2026<br \/>\nUm ser que vive, t\u00e3o s\u00f3 a sua vida,<br \/>\nsem participa\u00e7\u00e3o,<br \/>\nsem outro cora\u00e7\u00e3o<br \/>\nque divida sua dor ou alegria<br \/>\nnesse mundo t\u00e3o cheio de magia!\u2026<br \/>\nComo \u00e9 triste ser s\u00f3!<br \/>\n\u00d3 Cristo<br \/>\nD\u00e1-me for\u00e7a para saber ser s\u00f3,<br \/>\ne ter consci\u00eancia que existo.<br \/>\nQue sou, apenas, UM<br \/>\nem meio a multid\u00e3o!<br \/>\nTodos passam indiferentes\u2026<\/p>\n<p style=\"text-align: center;\"><em><strong>J\u00falio Siqueira<\/strong><\/em>\u00a0foi escritor e poeta vitoriense.<\/p>\n\n\t\t\t\t<div class=\"mr_social_sharing_wrapper\">\n\t\t\t\t<!-- Social Sharing Toolkit v2.2 --><span class=\"mr_social_sharing_top\"><span style=\"display: inline-block; width: 55px; height: 62px; overflow: hidden;\"><div class=\"fb-like\" data-href=\"http:\/\/www.blogdopilako.com.br\/wp\/2019\/07\/26\/fim-de-semana-cultural-so-poesia-por-julio-siqueira\/\" data-send=\"false\" data-layout=\"box_count\" data-width=\"55\" data-show-faces=\"false\"><\/div><\/span><\/span><span class=\"mr_social_sharing_top\"><fb:share-button type=\"box_count\" href=\"http:\/\/www.blogdopilako.com.br\/wp\/2019\/07\/26\/fim-de-semana-cultural-so-poesia-por-julio-siqueira\/\"><\/fb:share-button><\/span><span class=\"mr_social_sharing\"><a rel=\"nofollow\" class=\"linksalpha_button linksalpha_link\" href=\"\/\/www.linksalpha.com\/social\/mobile\" data-url=\"http:\/\/www.blogdopilako.com.br\/wp\/2019\/07\/26\/fim-de-semana-cultural-so-poesia-por-julio-siqueira\/\" data-text=\"Fim de Semana Cultural: S\u00f3\u2026 (poesia) \u2013 Por J\u00falio Siqueira.\" data-desc=\"Sou, apenas, UM no meio da multid\u00e3o. UM. Apenas um ser que se perde no borborinho da cidade, em meio \u00e0s pessoas que passam em velocidade no vaiv\u00e9m de um mundo louco e que se estiola pouco a pouco!\u2026 \u00d3!\u2026 Como \u00e9 triste ser, apenas, um! UM!\u2026 Um ser que vive, t\u00e3o s\u00f3 a sua vida, sem\" data-image=\"http:\/\/www.blogdopilako.com.br\/wp\/wp-content\/uploads\/2019\/07\/julio.jpg\" data-button=\"none\">\n\t\t\t\t\t<img src=\"\/\/www.linksalpha.com\/images\/social_share_button.png\" alt=\"Share\" class=\"linksalpha_image\" \/>\n\t\t\t\t\t<\/a><script type=\"text\/javascript\" src=\"\/\/www.linksalpha.com\/scripts\/loader_iconbox.js?v=2.4\"><\/script><\/span><\/div>","protected":false},"excerpt":{"rendered":"\n\t\t\t\t<div class=\"mr_social_sharing_wrapper\">\n\t\t\t\t<!-- Social Sharing Toolkit v2.2 --><span class=\"mr_social_sharing_top\"><span style=\"display: inline-block; width: 55px; height: 62px; overflow: hidden;\"><div class=\"fb-like\" data-href=\"http:\/\/www.blogdopilako.com.br\/wp\/2019\/07\/26\/fim-de-semana-cultural-so-poesia-por-julio-siqueira\/\" data-send=\"false\" data-layout=\"box_count\" data-width=\"55\" data-show-faces=\"false\"><\/div><\/span><\/span><span class=\"mr_social_sharing_top\"><fb:share-button type=\"box_count\" href=\"http:\/\/www.blogdopilako.com.br\/wp\/2019\/07\/26\/fim-de-semana-cultural-so-poesia-por-julio-siqueira\/\"><\/fb:share-button><\/span><span class=\"mr_social_sharing\"><a rel=\"nofollow\" class=\"linksalpha_button linksalpha_link\" href=\"\/\/www.linksalpha.com\/social\/mobile\" data-url=\"http:\/\/www.blogdopilako.com.br\/wp\/2019\/07\/26\/fim-de-semana-cultural-so-poesia-por-julio-siqueira\/\" data-text=\"Fim de Semana Cultural: S\u00f3\u2026 (poesia) \u2013 Por J\u00falio Siqueira.\" data-desc=\"Sou, apenas, UM no meio da multid\u00e3o. UM. Apenas um ser que se perde no borborinho da cidade, em meio \u00e0s pessoas que passam em velocidade no vaiv\u00e9m de um mundo louco e que se estiola pouco a pouco!\u2026 \u00d3!\u2026 Como \u00e9 triste ser, apenas, um! UM!\u2026 Um ser que vive, t\u00e3o s\u00f3 a sua vida, sem\" data-image=\"\" data-button=\"none\">\n\t\t\t\t\t<img src=\"\/\/www.linksalpha.com\/images\/social_share_button.png\" alt=\"Share\" class=\"linksalpha_image\" \/>\n\t\t\t\t\t<\/a><script type=\"text\/javascript\" src=\"\/\/www.linksalpha.com\/scripts\/loader_iconbox.js?v=2.4\"><\/script><\/span><\/div><p>Sou, apenas, UM no meio da multid\u00e3o. UM. Apenas um ser que se perde no borborinho da cidade, em meio \u00e0s pessoas que passam em velocidade no vaiv\u00e9m de um mundo louco e que se estiola pouco a pouco!\u2026 \u00d3!\u2026 &hellip; <a href=\"http:\/\/www.blogdopilako.com.br\/wp\/2019\/07\/26\/fim-de-semana-cultural-so-poesia-por-julio-siqueira\/\">Continue lendo <span class=\"meta-nav\">&rarr;<\/span><\/a><\/p>\n\n\t\t\t\t<div class=\"mr_social_sharing_wrapper\">\n\t\t\t\t<!-- Social Sharing Toolkit v2.2 --><span class=\"mr_social_sharing_top\"><span style=\"display: inline-block; width: 55px; height: 62px; overflow: hidden;\"><div class=\"fb-like\" data-href=\"http:\/\/www.blogdopilako.com.br\/wp\/2019\/07\/26\/fim-de-semana-cultural-so-poesia-por-julio-siqueira\/\" data-send=\"false\" data-layout=\"box_count\" data-width=\"55\" data-show-faces=\"false\"><\/div><\/span><\/span><span class=\"mr_social_sharing_top\"><fb:share-button type=\"box_count\" href=\"http:\/\/www.blogdopilako.com.br\/wp\/2019\/07\/26\/fim-de-semana-cultural-so-poesia-por-julio-siqueira\/\"><\/fb:share-button><\/span><span class=\"mr_social_sharing\"><a rel=\"nofollow\" class=\"linksalpha_button linksalpha_link\" href=\"\/\/www.linksalpha.com\/social\/mobile\" data-url=\"http:\/\/www.blogdopilako.com.br\/wp\/2019\/07\/26\/fim-de-semana-cultural-so-poesia-por-julio-siqueira\/\" data-text=\"Fim de Semana Cultural: S\u00f3\u2026 (poesia) \u2013 Por J\u00falio Siqueira.\" data-desc=\"Sou, apenas, UM no meio da multid\u00e3o. UM. Apenas um ser que se perde no borborinho da cidade, em meio \u00e0s pessoas que passam em velocidade no vaiv\u00e9m de um mundo louco e que se estiola pouco a pouco!\u2026 \u00d3!\u2026 Como \u00e9 triste ser, apenas, um! UM!\u2026 Um ser que vive, t\u00e3o s\u00f3 a sua vida, sem\" data-image=\"\" data-button=\"none\">\n\t\t\t\t\t<img src=\"\/\/www.linksalpha.com\/images\/social_share_button.png\" alt=\"Share\" class=\"linksalpha_image\" \/>\n\t\t\t\t\t<\/a><script type=\"text\/javascript\" src=\"\/\/www.linksalpha.com\/scripts\/loader_iconbox.js?v=2.4\"><\/script><\/span><\/div>","protected":false},"author":2,"featured_media":0,"comment_status":"open","ping_status":"open","sticky":false,"template":"","format":"standard","meta":[],"categories":[114],"tags":[],"_links":{"self":[{"href":"http:\/\/www.blogdopilako.com.br\/wp\/wp-json\/wp\/v2\/posts\/124155"}],"collection":[{"href":"http:\/\/www.blogdopilako.com.br\/wp\/wp-json\/wp\/v2\/posts"}],"about":[{"href":"http:\/\/www.blogdopilako.com.br\/wp\/wp-json\/wp\/v2\/types\/post"}],"author":[{"embeddable":true,"href":"http:\/\/www.blogdopilako.com.br\/wp\/wp-json\/wp\/v2\/users\/2"}],"replies":[{"embeddable":true,"href":"http:\/\/www.blogdopilako.com.br\/wp\/wp-json\/wp\/v2\/comments?post=124155"}],"version-history":[{"count":1,"href":"http:\/\/www.blogdopilako.com.br\/wp\/wp-json\/wp\/v2\/posts\/124155\/revisions"}],"predecessor-version":[{"id":124157,"href":"http:\/\/www.blogdopilako.com.br\/wp\/wp-json\/wp\/v2\/posts\/124155\/revisions\/124157"}],"wp:attachment":[{"href":"http:\/\/www.blogdopilako.com.br\/wp\/wp-json\/wp\/v2\/media?parent=124155"}],"wp:term":[{"taxonomy":"category","embeddable":true,"href":"http:\/\/www.blogdopilako.com.br\/wp\/wp-json\/wp\/v2\/categories?post=124155"},{"taxonomy":"post_tag","embeddable":true,"href":"http:\/\/www.blogdopilako.com.br\/wp\/wp-json\/wp\/v2\/tags?post=124155"}],"curies":[{"name":"wp","href":"https:\/\/api.w.org\/{rel}","templated":true}]}}