{"id":123865,"date":"2019-07-16T11:00:37","date_gmt":"2019-07-16T14:00:37","guid":{"rendered":"http:\/\/www.blogdopilako.com.br\/wp\/?p=123865"},"modified":"2019-07-16T09:28:48","modified_gmt":"2019-07-16T12:28:48","slug":"palhaco-ternurinha-canta-a-festa-dos-insetos-16","status":"publish","type":"post","link":"http:\/\/www.blogdopilako.com.br\/wp\/2019\/07\/16\/palhaco-ternurinha-canta-a-festa-dos-insetos-16\/","title":{"rendered":"Palha\u00e7o Ternurinha canta \u201cA Festa dos Insetos\u201d."},"content":{"rendered":"\n\t\t\t\t<div class=\"mr_social_sharing_wrapper\">\n\t\t\t\t<!-- Social Sharing Toolkit v2.2 --><span class=\"mr_social_sharing_top\"><span style=\"display: inline-block; width: 55px; height: 62px; overflow: hidden;\"><div class=\"fb-like\" data-href=\"http:\/\/www.blogdopilako.com.br\/wp\/2019\/07\/16\/palhaco-ternurinha-canta-a-festa-dos-insetos-16\/\" data-send=\"false\" data-layout=\"box_count\" data-width=\"55\" data-show-faces=\"false\"><\/div><\/span><\/span><span class=\"mr_social_sharing_top\"><fb:share-button type=\"box_count\" href=\"http:\/\/www.blogdopilako.com.br\/wp\/2019\/07\/16\/palhaco-ternurinha-canta-a-festa-dos-insetos-16\/\"><\/fb:share-button><\/span><span class=\"mr_social_sharing\"><a rel=\"nofollow\" class=\"linksalpha_button linksalpha_link\" href=\"\/\/www.linksalpha.com\/social\/mobile\" data-url=\"http:\/\/www.blogdopilako.com.br\/wp\/2019\/07\/16\/palhaco-ternurinha-canta-a-festa-dos-insetos-16\/\" data-text=\"Palha\u00e7o Ternurinha canta \u201cA Festa dos Insetos\u201d.\" data-desc=\"PALHA\u00c7O TERNURINHA - m\u00fasica A Festa dos Insetos. Gostou da m\u00fasica? \u2013\u00a0Baixe a MP3 Aldenisio Tavares\" data-image=\"http:\/\/www.blogdopilako.com.br\/wp\/wp-content\/uploads\/2019\/07\/palhaco2.jpg\" data-button=\"none\">\n\t\t\t\t\t<img src=\"\/\/www.linksalpha.com\/images\/social_share_button.png\" alt=\"Share\" class=\"linksalpha_image\" \/>\n\t\t\t\t\t<\/a><script type=\"text\/javascript\" src=\"\/\/www.linksalpha.com\/scripts\/loader_iconbox.js?v=2.4\"><\/script><\/span><\/div><p><a href=\"http:\/\/www.blogdopilako.com.br\/wp\/wp-content\/uploads\/2019\/07\/palhaco2.jpg\"><img loading=\"lazy\" class=\"aligncenter size-full wp-image-123866\" src=\"http:\/\/www.blogdopilako.com.br\/wp\/wp-content\/uploads\/2019\/07\/palhaco2.jpg\" alt=\"\" width=\"480\" height=\"399\" srcset=\"http:\/\/www.blogdopilako.com.br\/wp\/wp-content\/uploads\/2019\/07\/palhaco2.jpg 480w, http:\/\/www.blogdopilako.com.br\/wp\/wp-content\/uploads\/2019\/07\/palhaco2-300x249.jpg 300w\" sizes=\"(max-width: 480px) 100vw, 480px\" \/><\/a><\/p>\n<p><em><strong>PALHA\u00c7O TERNURINHA<\/strong><\/em> &#8211; m\u00fasica <em><strong>A Festa dos Insetos.<\/strong><\/em><\/p>\n<p><strong>[powerpress url=..\/mp3\/ternurinha3.mp3]<br \/>\n<\/strong><strong>Gostou da m\u00fasica? \u2013\u00a0<a href=\"http:\/\/www.blogdopilako.com.br\/mp3\/ternurinha3.mp3\" target=\"_blank\" rel=\"noopener noreferrer\">Baixe a MP3<\/a><\/strong><\/p>\n<p><strong>Aldenisio Tavares<\/strong><\/p>\n\n\t\t\t\t<div class=\"mr_social_sharing_wrapper\">\n\t\t\t\t<!-- Social Sharing Toolkit v2.2 --><span class=\"mr_social_sharing_top\"><span style=\"display: inline-block; width: 55px; height: 62px; overflow: hidden;\"><div class=\"fb-like\" data-href=\"http:\/\/www.blogdopilako.com.br\/wp\/2019\/07\/16\/palhaco-ternurinha-canta-a-festa-dos-insetos-16\/\" data-send=\"false\" data-layout=\"box_count\" data-width=\"55\" data-show-faces=\"false\"><\/div><\/span><\/span><span class=\"mr_social_sharing_top\"><fb:share-button type=\"box_count\" href=\"http:\/\/www.blogdopilako.com.br\/wp\/2019\/07\/16\/palhaco-ternurinha-canta-a-festa-dos-insetos-16\/\"><\/fb:share-button><\/span><span class=\"mr_social_sharing\"><a rel=\"nofollow\" class=\"linksalpha_button linksalpha_link\" href=\"\/\/www.linksalpha.com\/social\/mobile\" data-url=\"http:\/\/www.blogdopilako.com.br\/wp\/2019\/07\/16\/palhaco-ternurinha-canta-a-festa-dos-insetos-16\/\" data-text=\"Palha\u00e7o Ternurinha canta \u201cA Festa dos Insetos\u201d.\" data-desc=\"PALHA\u00c7O TERNURINHA - m\u00fasica A Festa dos Insetos. Gostou da m\u00fasica? \u2013\u00a0Baixe a MP3 Aldenisio Tavares\" data-image=\"http:\/\/www.blogdopilako.com.br\/wp\/wp-content\/uploads\/2019\/07\/palhaco2.jpg\" data-button=\"none\">\n\t\t\t\t\t<img src=\"\/\/www.linksalpha.com\/images\/social_share_button.png\" alt=\"Share\" class=\"linksalpha_image\" \/>\n\t\t\t\t\t<\/a><script type=\"text\/javascript\" src=\"\/\/www.linksalpha.com\/scripts\/loader_iconbox.js?v=2.4\"><\/script><\/span><\/div>","protected":false},"excerpt":{"rendered":"\n\t\t\t\t<div class=\"mr_social_sharing_wrapper\">\n\t\t\t\t<!-- Social Sharing Toolkit v2.2 --><span class=\"mr_social_sharing_top\"><span style=\"display: inline-block; width: 55px; height: 62px; overflow: hidden;\"><div class=\"fb-like\" data-href=\"http:\/\/www.blogdopilako.com.br\/wp\/2019\/07\/16\/palhaco-ternurinha-canta-a-festa-dos-insetos-16\/\" data-send=\"false\" data-layout=\"box_count\" data-width=\"55\" data-show-faces=\"false\"><\/div><\/span><\/span><span class=\"mr_social_sharing_top\"><fb:share-button type=\"box_count\" href=\"http:\/\/www.blogdopilako.com.br\/wp\/2019\/07\/16\/palhaco-ternurinha-canta-a-festa-dos-insetos-16\/\"><\/fb:share-button><\/span><span class=\"mr_social_sharing\"><a rel=\"nofollow\" class=\"linksalpha_button linksalpha_link\" href=\"\/\/www.linksalpha.com\/social\/mobile\" data-url=\"http:\/\/www.blogdopilako.com.br\/wp\/2019\/07\/16\/palhaco-ternurinha-canta-a-festa-dos-insetos-16\/\" data-text=\"Palha\u00e7o Ternurinha canta \u201cA Festa dos Insetos\u201d.\" data-desc=\"PALHA\u00c7O TERNURINHA - m\u00fasica A Festa dos Insetos. Gostou da m\u00fasica? \u2013\u00a0Baixe a MP3 Aldenisio Tavares\" data-image=\"\" data-button=\"none\">\n\t\t\t\t\t<img src=\"\/\/www.linksalpha.com\/images\/social_share_button.png\" alt=\"Share\" class=\"linksalpha_image\" \/>\n\t\t\t\t\t<\/a><script type=\"text\/javascript\" src=\"\/\/www.linksalpha.com\/scripts\/loader_iconbox.js?v=2.4\"><\/script><\/span><\/div><p>PALHA\u00c7O TERNURINHA &#8211; m\u00fasica A Festa dos Insetos. [powerpress url=..\/mp3\/ternurinha3.mp3] Gostou da m\u00fasica? \u2013\u00a0Baixe a MP3 Aldenisio Tavares<\/p>\n\n\t\t\t\t<div class=\"mr_social_sharing_wrapper\">\n\t\t\t\t<!-- Social Sharing Toolkit v2.2 --><span class=\"mr_social_sharing_top\"><span style=\"display: inline-block; width: 55px; height: 62px; overflow: hidden;\"><div class=\"fb-like\" data-href=\"http:\/\/www.blogdopilako.com.br\/wp\/2019\/07\/16\/palhaco-ternurinha-canta-a-festa-dos-insetos-16\/\" data-send=\"false\" data-layout=\"box_count\" data-width=\"55\" data-show-faces=\"false\"><\/div><\/span><\/span><span class=\"mr_social_sharing_top\"><fb:share-button type=\"box_count\" href=\"http:\/\/www.blogdopilako.com.br\/wp\/2019\/07\/16\/palhaco-ternurinha-canta-a-festa-dos-insetos-16\/\"><\/fb:share-button><\/span><span class=\"mr_social_sharing\"><a rel=\"nofollow\" class=\"linksalpha_button linksalpha_link\" href=\"\/\/www.linksalpha.com\/social\/mobile\" data-url=\"http:\/\/www.blogdopilako.com.br\/wp\/2019\/07\/16\/palhaco-ternurinha-canta-a-festa-dos-insetos-16\/\" data-text=\"Palha\u00e7o Ternurinha canta \u201cA Festa dos Insetos\u201d.\" data-desc=\"PALHA\u00c7O TERNURINHA - m\u00fasica A Festa dos Insetos. Gostou da m\u00fasica? \u2013\u00a0Baixe a MP3 Aldenisio Tavares\" data-image=\"\" data-button=\"none\">\n\t\t\t\t\t<img src=\"\/\/www.linksalpha.com\/images\/social_share_button.png\" alt=\"Share\" class=\"linksalpha_image\" \/>\n\t\t\t\t\t<\/a><script type=\"text\/javascript\" src=\"\/\/www.linksalpha.com\/scripts\/loader_iconbox.js?v=2.4\"><\/script><\/span><\/div>","protected":false},"author":2,"featured_media":0,"comment_status":"open","ping_status":"open","sticky":false,"template":"","format":"standard","meta":[],"categories":[23],"tags":[],"_links":{"self":[{"href":"http:\/\/www.blogdopilako.com.br\/wp\/wp-json\/wp\/v2\/posts\/123865"}],"collection":[{"href":"http:\/\/www.blogdopilako.com.br\/wp\/wp-json\/wp\/v2\/posts"}],"about":[{"href":"http:\/\/www.blogdopilako.com.br\/wp\/wp-json\/wp\/v2\/types\/post"}],"author":[{"embeddable":true,"href":"http:\/\/www.blogdopilako.com.br\/wp\/wp-json\/wp\/v2\/users\/2"}],"replies":[{"embeddable":true,"href":"http:\/\/www.blogdopilako.com.br\/wp\/wp-json\/wp\/v2\/comments?post=123865"}],"version-history":[{"count":1,"href":"http:\/\/www.blogdopilako.com.br\/wp\/wp-json\/wp\/v2\/posts\/123865\/revisions"}],"predecessor-version":[{"id":123867,"href":"http:\/\/www.blogdopilako.com.br\/wp\/wp-json\/wp\/v2\/posts\/123865\/revisions\/123867"}],"wp:attachment":[{"href":"http:\/\/www.blogdopilako.com.br\/wp\/wp-json\/wp\/v2\/media?parent=123865"}],"wp:term":[{"taxonomy":"category","embeddable":true,"href":"http:\/\/www.blogdopilako.com.br\/wp\/wp-json\/wp\/v2\/categories?post=123865"},{"taxonomy":"post_tag","embeddable":true,"href":"http:\/\/www.blogdopilako.com.br\/wp\/wp-json\/wp\/v2\/tags?post=123865"}],"curies":[{"name":"wp","href":"https:\/\/api.w.org\/{rel}","templated":true}]}}