{"id":123845,"date":"2019-07-15T14:00:14","date_gmt":"2019-07-15T17:00:14","guid":{"rendered":"http:\/\/www.blogdopilako.com.br\/wp\/?p=123845"},"modified":"2019-07-15T16:15:49","modified_gmt":"2019-07-15T19:15:49","slug":"momento-cultural-governo-do-mundo-por-celio-meira-6","status":"publish","type":"post","link":"http:\/\/www.blogdopilako.com.br\/wp\/2019\/07\/15\/momento-cultural-governo-do-mundo-por-celio-meira-6\/","title":{"rendered":"Momento Cultural: Governo do mundo \u2013 por C\u00e9lio Meira."},"content":{"rendered":"\n\t\t\t\t<div class=\"mr_social_sharing_wrapper\">\n\t\t\t\t<!-- Social Sharing Toolkit v2.2 --><span class=\"mr_social_sharing_top\"><span style=\"display: inline-block; width: 55px; height: 62px; overflow: hidden;\"><div class=\"fb-like\" data-href=\"http:\/\/www.blogdopilako.com.br\/wp\/2019\/07\/15\/momento-cultural-governo-do-mundo-por-celio-meira-6\/\" data-send=\"false\" data-layout=\"box_count\" data-width=\"55\" data-show-faces=\"false\"><\/div><\/span><\/span><span class=\"mr_social_sharing_top\"><fb:share-button type=\"box_count\" href=\"http:\/\/www.blogdopilako.com.br\/wp\/2019\/07\/15\/momento-cultural-governo-do-mundo-por-celio-meira-6\/\"><\/fb:share-button><\/span><span class=\"mr_social_sharing\"><a rel=\"nofollow\" class=\"linksalpha_button linksalpha_link\" href=\"\/\/www.linksalpha.com\/social\/mobile\" data-url=\"http:\/\/www.blogdopilako.com.br\/wp\/2019\/07\/15\/momento-cultural-governo-do-mundo-por-celio-meira-6\/\" data-text=\"Momento Cultural: Governo do mundo \u2013 por C\u00e9lio Meira.\" data-desc=\"\u2013 Aonde vais, companheiro, neste barco, pelo mar? \u2013 Vou ao Reino da Ilus\u00e3o, para o mundo governar. \u2013 Lastimo, deploro, amigo, esta arrojada ambi\u00e7\u00e3o: o governo deste mundo, nunca esteve em nossa m\u00e3o. C\u00e9lio Meira\u00a0\" data-image=\"http:\/\/www.blogdopilako.com.br\/wp\/wp-content\/uploads\/2019\/07\/IMG_8920-2-1-1.jpg\" data-button=\"none\">\n\t\t\t\t\t<img src=\"\/\/www.linksalpha.com\/images\/social_share_button.png\" alt=\"Share\" class=\"linksalpha_image\" \/>\n\t\t\t\t\t<\/a><script type=\"text\/javascript\" src=\"\/\/www.linksalpha.com\/scripts\/loader_iconbox.js?v=2.4\"><\/script><\/span><\/div><p><a href=\"http:\/\/www.blogdopilako.com.br\/wp\/wp-content\/uploads\/2019\/07\/IMG_8920-2-1-1.jpg\"><img loading=\"lazy\" class=\"aligncenter size-full wp-image-123846\" src=\"http:\/\/www.blogdopilako.com.br\/wp\/wp-content\/uploads\/2019\/07\/IMG_8920-2-1-1.jpg\" alt=\"\" width=\"450\" height=\"600\" srcset=\"http:\/\/www.blogdopilako.com.br\/wp\/wp-content\/uploads\/2019\/07\/IMG_8920-2-1-1.jpg 450w, http:\/\/www.blogdopilako.com.br\/wp\/wp-content\/uploads\/2019\/07\/IMG_8920-2-1-1-225x300.jpg 225w\" sizes=\"(max-width: 450px) 100vw, 450px\" \/><\/a><\/p>\n<p style=\"text-align: center;\">\u2013 Aonde vais, companheiro,<\/p>\n<p style=\"text-align: center;\">neste barco, pelo mar?<\/p>\n<p style=\"text-align: center;\">\u2013 Vou ao Reino da Ilus\u00e3o,<\/p>\n<p style=\"text-align: center;\">para o mundo governar.<\/p>\n<p style=\"text-align: center;\">\u2013 Lastimo, deploro, amigo,<\/p>\n<p style=\"text-align: center;\">esta arrojada ambi\u00e7\u00e3o:<\/p>\n<p style=\"text-align: center;\">o governo deste mundo,<\/p>\n<p style=\"text-align: center;\">nunca esteve em nossa m\u00e3o.<\/p>\n<p><strong>C\u00e9lio Meira\u00a0<\/strong><\/p>\n\n\t\t\t\t<div class=\"mr_social_sharing_wrapper\">\n\t\t\t\t<!-- Social Sharing Toolkit v2.2 --><span class=\"mr_social_sharing_top\"><span style=\"display: inline-block; width: 55px; height: 62px; overflow: hidden;\"><div class=\"fb-like\" data-href=\"http:\/\/www.blogdopilako.com.br\/wp\/2019\/07\/15\/momento-cultural-governo-do-mundo-por-celio-meira-6\/\" data-send=\"false\" data-layout=\"box_count\" data-width=\"55\" data-show-faces=\"false\"><\/div><\/span><\/span><span class=\"mr_social_sharing_top\"><fb:share-button type=\"box_count\" href=\"http:\/\/www.blogdopilako.com.br\/wp\/2019\/07\/15\/momento-cultural-governo-do-mundo-por-celio-meira-6\/\"><\/fb:share-button><\/span><span class=\"mr_social_sharing\"><a rel=\"nofollow\" class=\"linksalpha_button linksalpha_link\" href=\"\/\/www.linksalpha.com\/social\/mobile\" data-url=\"http:\/\/www.blogdopilako.com.br\/wp\/2019\/07\/15\/momento-cultural-governo-do-mundo-por-celio-meira-6\/\" data-text=\"Momento Cultural: Governo do mundo \u2013 por C\u00e9lio Meira.\" data-desc=\"\u2013 Aonde vais, companheiro, neste barco, pelo mar? \u2013 Vou ao Reino da Ilus\u00e3o, para o mundo governar. \u2013 Lastimo, deploro, amigo, esta arrojada ambi\u00e7\u00e3o: o governo deste mundo, nunca esteve em nossa m\u00e3o. C\u00e9lio Meira\u00a0\" data-image=\"http:\/\/www.blogdopilako.com.br\/wp\/wp-content\/uploads\/2019\/07\/IMG_8920-2-1-1.jpg\" data-button=\"none\">\n\t\t\t\t\t<img src=\"\/\/www.linksalpha.com\/images\/social_share_button.png\" alt=\"Share\" class=\"linksalpha_image\" \/>\n\t\t\t\t\t<\/a><script type=\"text\/javascript\" src=\"\/\/www.linksalpha.com\/scripts\/loader_iconbox.js?v=2.4\"><\/script><\/span><\/div>","protected":false},"excerpt":{"rendered":"\n\t\t\t\t<div class=\"mr_social_sharing_wrapper\">\n\t\t\t\t<!-- Social Sharing Toolkit v2.2 --><span class=\"mr_social_sharing_top\"><span style=\"display: inline-block; width: 55px; height: 62px; overflow: hidden;\"><div class=\"fb-like\" data-href=\"http:\/\/www.blogdopilako.com.br\/wp\/2019\/07\/15\/momento-cultural-governo-do-mundo-por-celio-meira-6\/\" data-send=\"false\" data-layout=\"box_count\" data-width=\"55\" data-show-faces=\"false\"><\/div><\/span><\/span><span class=\"mr_social_sharing_top\"><fb:share-button type=\"box_count\" href=\"http:\/\/www.blogdopilako.com.br\/wp\/2019\/07\/15\/momento-cultural-governo-do-mundo-por-celio-meira-6\/\"><\/fb:share-button><\/span><span class=\"mr_social_sharing\"><a rel=\"nofollow\" class=\"linksalpha_button linksalpha_link\" href=\"\/\/www.linksalpha.com\/social\/mobile\" data-url=\"http:\/\/www.blogdopilako.com.br\/wp\/2019\/07\/15\/momento-cultural-governo-do-mundo-por-celio-meira-6\/\" data-text=\"Momento Cultural: Governo do mundo \u2013 por C\u00e9lio Meira.\" data-desc=\"\u2013 Aonde vais, companheiro, neste barco, pelo mar? \u2013 Vou ao Reino da Ilus\u00e3o, para o mundo governar. \u2013 Lastimo, deploro, amigo, esta arrojada ambi\u00e7\u00e3o: o governo deste mundo, nunca esteve em nossa m\u00e3o. C\u00e9lio Meira\u00a0\" data-image=\"\" data-button=\"none\">\n\t\t\t\t\t<img src=\"\/\/www.linksalpha.com\/images\/social_share_button.png\" alt=\"Share\" class=\"linksalpha_image\" \/>\n\t\t\t\t\t<\/a><script type=\"text\/javascript\" src=\"\/\/www.linksalpha.com\/scripts\/loader_iconbox.js?v=2.4\"><\/script><\/span><\/div><p>\u2013 Aonde vais, companheiro, neste barco, pelo mar? \u2013 Vou ao Reino da Ilus\u00e3o, para o mundo governar. \u2013 Lastimo, deploro, amigo, esta arrojada ambi\u00e7\u00e3o: o governo deste mundo, nunca esteve em nossa m\u00e3o. C\u00e9lio Meira\u00a0<\/p>\n\n\t\t\t\t<div class=\"mr_social_sharing_wrapper\">\n\t\t\t\t<!-- Social Sharing Toolkit v2.2 --><span class=\"mr_social_sharing_top\"><span style=\"display: inline-block; width: 55px; height: 62px; overflow: hidden;\"><div class=\"fb-like\" data-href=\"http:\/\/www.blogdopilako.com.br\/wp\/2019\/07\/15\/momento-cultural-governo-do-mundo-por-celio-meira-6\/\" data-send=\"false\" data-layout=\"box_count\" data-width=\"55\" data-show-faces=\"false\"><\/div><\/span><\/span><span class=\"mr_social_sharing_top\"><fb:share-button type=\"box_count\" href=\"http:\/\/www.blogdopilako.com.br\/wp\/2019\/07\/15\/momento-cultural-governo-do-mundo-por-celio-meira-6\/\"><\/fb:share-button><\/span><span class=\"mr_social_sharing\"><a rel=\"nofollow\" class=\"linksalpha_button linksalpha_link\" href=\"\/\/www.linksalpha.com\/social\/mobile\" data-url=\"http:\/\/www.blogdopilako.com.br\/wp\/2019\/07\/15\/momento-cultural-governo-do-mundo-por-celio-meira-6\/\" data-text=\"Momento Cultural: Governo do mundo \u2013 por C\u00e9lio Meira.\" data-desc=\"\u2013 Aonde vais, companheiro, neste barco, pelo mar? \u2013 Vou ao Reino da Ilus\u00e3o, para o mundo governar. \u2013 Lastimo, deploro, amigo, esta arrojada ambi\u00e7\u00e3o: o governo deste mundo, nunca esteve em nossa m\u00e3o. C\u00e9lio Meira\u00a0\" data-image=\"\" data-button=\"none\">\n\t\t\t\t\t<img src=\"\/\/www.linksalpha.com\/images\/social_share_button.png\" alt=\"Share\" class=\"linksalpha_image\" \/>\n\t\t\t\t\t<\/a><script type=\"text\/javascript\" src=\"\/\/www.linksalpha.com\/scripts\/loader_iconbox.js?v=2.4\"><\/script><\/span><\/div>","protected":false},"author":2,"featured_media":0,"comment_status":"open","ping_status":"open","sticky":false,"template":"","format":"standard","meta":[],"categories":[114],"tags":[],"_links":{"self":[{"href":"http:\/\/www.blogdopilako.com.br\/wp\/wp-json\/wp\/v2\/posts\/123845"}],"collection":[{"href":"http:\/\/www.blogdopilako.com.br\/wp\/wp-json\/wp\/v2\/posts"}],"about":[{"href":"http:\/\/www.blogdopilako.com.br\/wp\/wp-json\/wp\/v2\/types\/post"}],"author":[{"embeddable":true,"href":"http:\/\/www.blogdopilako.com.br\/wp\/wp-json\/wp\/v2\/users\/2"}],"replies":[{"embeddable":true,"href":"http:\/\/www.blogdopilako.com.br\/wp\/wp-json\/wp\/v2\/comments?post=123845"}],"version-history":[{"count":2,"href":"http:\/\/www.blogdopilako.com.br\/wp\/wp-json\/wp\/v2\/posts\/123845\/revisions"}],"predecessor-version":[{"id":123864,"href":"http:\/\/www.blogdopilako.com.br\/wp\/wp-json\/wp\/v2\/posts\/123845\/revisions\/123864"}],"wp:attachment":[{"href":"http:\/\/www.blogdopilako.com.br\/wp\/wp-json\/wp\/v2\/media?parent=123845"}],"wp:term":[{"taxonomy":"category","embeddable":true,"href":"http:\/\/www.blogdopilako.com.br\/wp\/wp-json\/wp\/v2\/categories?post=123845"},{"taxonomy":"post_tag","embeddable":true,"href":"http:\/\/www.blogdopilako.com.br\/wp\/wp-json\/wp\/v2\/tags?post=123845"}],"curies":[{"name":"wp","href":"https:\/\/api.w.org\/{rel}","templated":true}]}}