{"id":123626,"date":"2019-07-04T15:45:42","date_gmt":"2019-07-04T18:45:42","guid":{"rendered":"http:\/\/www.blogdopilako.com.br\/wp\/?p=123626"},"modified":"2019-07-04T15:45:42","modified_gmt":"2019-07-04T18:45:42","slug":"santa-cruz-do-capibaribe-tambem-e-um-pedacinho-de-brasil","status":"publish","type":"post","link":"http:\/\/www.blogdopilako.com.br\/wp\/2019\/07\/04\/santa-cruz-do-capibaribe-tambem-e-um-pedacinho-de-brasil\/","title":{"rendered":"Santa Cruz do Capibaribe tamb\u00e9m \u00e9 um pedacinho de Brasil&#8230;&#8230;."},"content":{"rendered":"\n\t\t\t\t<div class=\"mr_social_sharing_wrapper\">\n\t\t\t\t<!-- Social Sharing Toolkit v2.2 --><span class=\"mr_social_sharing_top\"><span style=\"display: inline-block; width: 55px; height: 62px; overflow: hidden;\"><div class=\"fb-like\" data-href=\"http:\/\/www.blogdopilako.com.br\/wp\/2019\/07\/04\/santa-cruz-do-capibaribe-tambem-e-um-pedacinho-de-brasil\/\" data-send=\"false\" data-layout=\"box_count\" data-width=\"55\" data-show-faces=\"false\"><\/div><\/span><\/span><span class=\"mr_social_sharing_top\"><fb:share-button type=\"box_count\" href=\"http:\/\/www.blogdopilako.com.br\/wp\/2019\/07\/04\/santa-cruz-do-capibaribe-tambem-e-um-pedacinho-de-brasil\/\"><\/fb:share-button><\/span><span class=\"mr_social_sharing\"><a rel=\"nofollow\" class=\"linksalpha_button linksalpha_link\" href=\"\/\/www.linksalpha.com\/social\/mobile\" data-url=\"http:\/\/www.blogdopilako.com.br\/wp\/2019\/07\/04\/santa-cruz-do-capibaribe-tambem-e-um-pedacinho-de-brasil\/\" data-text=\"Santa Cruz do Capibaribe tamb\u00e9m \u00e9 um pedacinho de Brasil\u2026\u2026.\" data-desc=\"No in\u00edcio da semana eventos tr\u00e1gicos de viol\u00eancia colocou a cidade de Santa Cruz do Capibaribe\u00a0 no centro do debate na nossa regi\u00e3o. Um assalto provocou um rastro de sangue e cenas medievais. No conjunto, segundo informa\u00e7\u00f5es, tivemos o seguinte\u00a0 saldo negativo:\u00a0 um policial morto, outro\" data-image=\"http:\/\/www.blogdopilako.com.br\/wp\/wp-content\/uploads\/2019\/07\/pm-morto-santa-cruz-agreste-violento.jpg\" data-button=\"none\">\n\t\t\t\t\t<img src=\"\/\/www.linksalpha.com\/images\/social_share_button.png\" alt=\"Share\" class=\"linksalpha_image\" \/>\n\t\t\t\t\t<\/a><script type=\"text\/javascript\" src=\"\/\/www.linksalpha.com\/scripts\/loader_iconbox.js?v=2.4\"><\/script><\/span><\/div><p><a href=\"http:\/\/www.blogdopilako.com.br\/wp\/wp-content\/uploads\/2019\/07\/pm-morto-santa-cruz-agreste-violento.jpg\"><img loading=\"lazy\" class=\"aligncenter size-full wp-image-123627\" src=\"http:\/\/www.blogdopilako.com.br\/wp\/wp-content\/uploads\/2019\/07\/pm-morto-santa-cruz-agreste-violento.jpg\" alt=\"\" width=\"730\" height=\"677\" srcset=\"http:\/\/www.blogdopilako.com.br\/wp\/wp-content\/uploads\/2019\/07\/pm-morto-santa-cruz-agreste-violento.jpg 730w, http:\/\/www.blogdopilako.com.br\/wp\/wp-content\/uploads\/2019\/07\/pm-morto-santa-cruz-agreste-violento-300x278.jpg 300w\" sizes=\"(max-width: 730px) 100vw, 730px\" \/><\/a><\/p>\n<p style=\"text-align: justify;\">No in\u00edcio da semana eventos tr\u00e1gicos de viol\u00eancia colocou a cidade de Santa Cruz do Capibaribe\u00a0 no centro do debate na nossa regi\u00e3o. Um assalto provocou um rastro de sangue e cenas medievais. No conjunto, segundo informa\u00e7\u00f5es, tivemos o seguinte\u00a0 saldo negativo:\u00a0 um policial morto, outro ferido e oito bandidos mortos.<\/p>\n<p style=\"text-align: justify;\">Esse debate n\u00e3o simples. De maneira geral a popula\u00e7\u00e3o est\u00e1 cansada de tanta viol\u00eancia. O problema tamb\u00e9m n\u00e3o \u00e9 localizado. O Brasil, nessa quest\u00e3o, como um todo, \u00e9 uma \u201cbomba chiando\u201d. \u00a0No fato aludido v\u00eddeos evidenciam que a popula\u00e7\u00e3o foi para rua aplaudir a pol\u00edcia. Menos mal&#8230;&#8230;Complicado \u00e9 quando a popula\u00e7\u00e3o se solidariza com os bandidos. No entanto, n\u00e3o devemos esquecer\u00a0 que, aqui e acol\u00e1, a pol\u00edcia tamb\u00e9m comete\u00a0 seus desvios e pecados.<\/p>\n<p style=\"text-align: justify;\">Sem o envolvimento emocional, natural para os que de certa forma participaram diretamente da referida trag\u00e9dia, fatos e cenas como essas deveriam nos oportunizar um profundo processo de reflex\u00e3o. Por assim dizer, gostaria, nesse momento, de diferenciar aquilo que entendemos por justi\u00e7a do termo vingan\u00e7a.<\/p>\n<p style=\"text-align: justify;\"><strong>Defini\u00e7\u00e3o:<\/strong><\/p>\n<p style=\"text-align: justify;\"><strong><em>\u201cA\u00a0diferen\u00e7a entre justi\u00e7a e vingan\u00e7a: mesmo quando pune, a\u00a0justi\u00e7a\u00a0age sob o princ\u00edpio da humanidade, respeitando os valores fundamentais do ser humano e d\u00e1 ao culpado aquilo que ele merece de acordo com a lei, enquanto a\u00a0vingan\u00e7a\u00a0possui objetivos destrutivos e quer apenas que o outro sofra em propor\u00e7\u00e3o igual ou maior\u201d.<\/em><\/strong><\/p>\n<p><a href=\"http:\/\/www.blogdopilako.com.br\/wp\/wp-content\/uploads\/2019\/07\/download-1.jpg\"><img loading=\"lazy\" class=\"size-full wp-image-123628 alignleft\" src=\"http:\/\/www.blogdopilako.com.br\/wp\/wp-content\/uploads\/2019\/07\/download-1.jpg\" alt=\"\" width=\"259\" height=\"194\" \/><\/a><\/p>\n<p style=\"text-align: justify;\">Portanto, arrisco-me a dizer que a melhor solu\u00e7\u00e3o para os problemas dessa natureza ainda est\u00e3o na sua raiz. Tratar das consequ\u00eancias, na maioria das vezes, \u00e9 muito mais sofr\u00edvel e pouco eficiente. Como na\u00e7\u00e3o, somos pobres, muito pobre mesmo! Se estivermos no caminho certo, teremos um s\u00e9culo pela frente para melhorarmos&#8230;&#8230;&#8230;..<\/p>\n\n\t\t\t\t<div class=\"mr_social_sharing_wrapper\">\n\t\t\t\t<!-- Social Sharing Toolkit v2.2 --><span class=\"mr_social_sharing_top\"><span style=\"display: inline-block; width: 55px; height: 62px; overflow: hidden;\"><div class=\"fb-like\" data-href=\"http:\/\/www.blogdopilako.com.br\/wp\/2019\/07\/04\/santa-cruz-do-capibaribe-tambem-e-um-pedacinho-de-brasil\/\" data-send=\"false\" data-layout=\"box_count\" data-width=\"55\" data-show-faces=\"false\"><\/div><\/span><\/span><span class=\"mr_social_sharing_top\"><fb:share-button type=\"box_count\" href=\"http:\/\/www.blogdopilako.com.br\/wp\/2019\/07\/04\/santa-cruz-do-capibaribe-tambem-e-um-pedacinho-de-brasil\/\"><\/fb:share-button><\/span><span class=\"mr_social_sharing\"><a rel=\"nofollow\" class=\"linksalpha_button linksalpha_link\" href=\"\/\/www.linksalpha.com\/social\/mobile\" data-url=\"http:\/\/www.blogdopilako.com.br\/wp\/2019\/07\/04\/santa-cruz-do-capibaribe-tambem-e-um-pedacinho-de-brasil\/\" data-text=\"Santa Cruz do Capibaribe tamb\u00e9m \u00e9 um pedacinho de Brasil\u2026\u2026.\" data-desc=\"No in\u00edcio da semana eventos tr\u00e1gicos de viol\u00eancia colocou a cidade de Santa Cruz do Capibaribe\u00a0 no centro do debate na nossa regi\u00e3o. Um assalto provocou um rastro de sangue e cenas medievais. No conjunto, segundo informa\u00e7\u00f5es, tivemos o seguinte\u00a0 saldo negativo:\u00a0 um policial morto, outro\" data-image=\"http:\/\/www.blogdopilako.com.br\/wp\/wp-content\/uploads\/2019\/07\/pm-morto-santa-cruz-agreste-violento.jpg\" data-button=\"none\">\n\t\t\t\t\t<img src=\"\/\/www.linksalpha.com\/images\/social_share_button.png\" alt=\"Share\" class=\"linksalpha_image\" \/>\n\t\t\t\t\t<\/a><script type=\"text\/javascript\" src=\"\/\/www.linksalpha.com\/scripts\/loader_iconbox.js?v=2.4\"><\/script><\/span><\/div>","protected":false},"excerpt":{"rendered":"\n\t\t\t\t<div class=\"mr_social_sharing_wrapper\">\n\t\t\t\t<!-- Social Sharing Toolkit v2.2 --><span class=\"mr_social_sharing_top\"><span style=\"display: inline-block; width: 55px; height: 62px; overflow: hidden;\"><div class=\"fb-like\" data-href=\"http:\/\/www.blogdopilako.com.br\/wp\/2019\/07\/04\/santa-cruz-do-capibaribe-tambem-e-um-pedacinho-de-brasil\/\" data-send=\"false\" data-layout=\"box_count\" data-width=\"55\" data-show-faces=\"false\"><\/div><\/span><\/span><span class=\"mr_social_sharing_top\"><fb:share-button type=\"box_count\" href=\"http:\/\/www.blogdopilako.com.br\/wp\/2019\/07\/04\/santa-cruz-do-capibaribe-tambem-e-um-pedacinho-de-brasil\/\"><\/fb:share-button><\/span><span class=\"mr_social_sharing\"><a rel=\"nofollow\" class=\"linksalpha_button linksalpha_link\" href=\"\/\/www.linksalpha.com\/social\/mobile\" data-url=\"http:\/\/www.blogdopilako.com.br\/wp\/2019\/07\/04\/santa-cruz-do-capibaribe-tambem-e-um-pedacinho-de-brasil\/\" data-text=\"Santa Cruz do Capibaribe tamb\u00e9m \u00e9 um pedacinho de Brasil\u2026\u2026.\" data-desc=\"No in\u00edcio da semana eventos tr\u00e1gicos de viol\u00eancia colocou a cidade de Santa Cruz do Capibaribe\u00a0 no centro do debate na nossa regi\u00e3o. Um assalto provocou um rastro de sangue e cenas medievais. No conjunto, segundo informa\u00e7\u00f5es, tivemos o seguinte\u00a0 saldo negativo:\u00a0 um policial morto, outro\" data-image=\"\" data-button=\"none\">\n\t\t\t\t\t<img src=\"\/\/www.linksalpha.com\/images\/social_share_button.png\" alt=\"Share\" class=\"linksalpha_image\" \/>\n\t\t\t\t\t<\/a><script type=\"text\/javascript\" src=\"\/\/www.linksalpha.com\/scripts\/loader_iconbox.js?v=2.4\"><\/script><\/span><\/div><p>No in\u00edcio da semana eventos tr\u00e1gicos de viol\u00eancia colocou a cidade de Santa Cruz do Capibaribe\u00a0 no centro do debate na nossa regi\u00e3o. Um assalto provocou um rastro de sangue e cenas medievais. No conjunto, segundo informa\u00e7\u00f5es, tivemos o seguinte\u00a0 &hellip; <a href=\"http:\/\/www.blogdopilako.com.br\/wp\/2019\/07\/04\/santa-cruz-do-capibaribe-tambem-e-um-pedacinho-de-brasil\/\">Continue lendo <span class=\"meta-nav\">&rarr;<\/span><\/a><\/p>\n\n\t\t\t\t<div class=\"mr_social_sharing_wrapper\">\n\t\t\t\t<!-- Social Sharing Toolkit v2.2 --><span class=\"mr_social_sharing_top\"><span style=\"display: inline-block; width: 55px; height: 62px; overflow: hidden;\"><div class=\"fb-like\" data-href=\"http:\/\/www.blogdopilako.com.br\/wp\/2019\/07\/04\/santa-cruz-do-capibaribe-tambem-e-um-pedacinho-de-brasil\/\" data-send=\"false\" data-layout=\"box_count\" data-width=\"55\" data-show-faces=\"false\"><\/div><\/span><\/span><span class=\"mr_social_sharing_top\"><fb:share-button type=\"box_count\" href=\"http:\/\/www.blogdopilako.com.br\/wp\/2019\/07\/04\/santa-cruz-do-capibaribe-tambem-e-um-pedacinho-de-brasil\/\"><\/fb:share-button><\/span><span class=\"mr_social_sharing\"><a rel=\"nofollow\" class=\"linksalpha_button linksalpha_link\" href=\"\/\/www.linksalpha.com\/social\/mobile\" data-url=\"http:\/\/www.blogdopilako.com.br\/wp\/2019\/07\/04\/santa-cruz-do-capibaribe-tambem-e-um-pedacinho-de-brasil\/\" data-text=\"Santa Cruz do Capibaribe tamb\u00e9m \u00e9 um pedacinho de Brasil\u2026\u2026.\" data-desc=\"No in\u00edcio da semana eventos tr\u00e1gicos de viol\u00eancia colocou a cidade de Santa Cruz do Capibaribe\u00a0 no centro do debate na nossa regi\u00e3o. Um assalto provocou um rastro de sangue e cenas medievais. No conjunto, segundo informa\u00e7\u00f5es, tivemos o seguinte\u00a0 saldo negativo:\u00a0 um policial morto, outro\" data-image=\"\" data-button=\"none\">\n\t\t\t\t\t<img src=\"\/\/www.linksalpha.com\/images\/social_share_button.png\" alt=\"Share\" class=\"linksalpha_image\" \/>\n\t\t\t\t\t<\/a><script type=\"text\/javascript\" src=\"\/\/www.linksalpha.com\/scripts\/loader_iconbox.js?v=2.4\"><\/script><\/span><\/div>","protected":false},"author":2,"featured_media":0,"comment_status":"open","ping_status":"open","sticky":false,"template":"","format":"standard","meta":[],"categories":[21],"tags":[],"_links":{"self":[{"href":"http:\/\/www.blogdopilako.com.br\/wp\/wp-json\/wp\/v2\/posts\/123626"}],"collection":[{"href":"http:\/\/www.blogdopilako.com.br\/wp\/wp-json\/wp\/v2\/posts"}],"about":[{"href":"http:\/\/www.blogdopilako.com.br\/wp\/wp-json\/wp\/v2\/types\/post"}],"author":[{"embeddable":true,"href":"http:\/\/www.blogdopilako.com.br\/wp\/wp-json\/wp\/v2\/users\/2"}],"replies":[{"embeddable":true,"href":"http:\/\/www.blogdopilako.com.br\/wp\/wp-json\/wp\/v2\/comments?post=123626"}],"version-history":[{"count":1,"href":"http:\/\/www.blogdopilako.com.br\/wp\/wp-json\/wp\/v2\/posts\/123626\/revisions"}],"predecessor-version":[{"id":123629,"href":"http:\/\/www.blogdopilako.com.br\/wp\/wp-json\/wp\/v2\/posts\/123626\/revisions\/123629"}],"wp:attachment":[{"href":"http:\/\/www.blogdopilako.com.br\/wp\/wp-json\/wp\/v2\/media?parent=123626"}],"wp:term":[{"taxonomy":"category","embeddable":true,"href":"http:\/\/www.blogdopilako.com.br\/wp\/wp-json\/wp\/v2\/categories?post=123626"},{"taxonomy":"post_tag","embeddable":true,"href":"http:\/\/www.blogdopilako.com.br\/wp\/wp-json\/wp\/v2\/tags?post=123626"}],"curies":[{"name":"wp","href":"https:\/\/api.w.org\/{rel}","templated":true}]}}