{"id":123544,"date":"2019-07-02T14:20:50","date_gmt":"2019-07-02T17:20:50","guid":{"rendered":"http:\/\/www.blogdopilako.com.br\/wp\/?p=123544"},"modified":"2019-07-02T10:39:48","modified_gmt":"2019-07-02T13:39:48","slug":"momento-cultural-noturno-da-praia-dos-milagres-por-jose-tavares-de-miranda-6","status":"publish","type":"post","link":"http:\/\/www.blogdopilako.com.br\/wp\/2019\/07\/02\/momento-cultural-noturno-da-praia-dos-milagres-por-jose-tavares-de-miranda-6\/","title":{"rendered":"Momento Cultural: NOTURNO DA PRAIA DOS MILAGRES \u2013 por Jos\u00e9 Tavares de Miranda."},"content":{"rendered":"\n\t\t\t\t<div class=\"mr_social_sharing_wrapper\">\n\t\t\t\t<!-- Social Sharing Toolkit v2.2 --><span class=\"mr_social_sharing_top\"><span style=\"display: inline-block; width: 55px; height: 62px; overflow: hidden;\"><div class=\"fb-like\" data-href=\"http:\/\/www.blogdopilako.com.br\/wp\/2019\/07\/02\/momento-cultural-noturno-da-praia-dos-milagres-por-jose-tavares-de-miranda-6\/\" data-send=\"false\" data-layout=\"box_count\" data-width=\"55\" data-show-faces=\"false\"><\/div><\/span><\/span><span class=\"mr_social_sharing_top\"><fb:share-button type=\"box_count\" href=\"http:\/\/www.blogdopilako.com.br\/wp\/2019\/07\/02\/momento-cultural-noturno-da-praia-dos-milagres-por-jose-tavares-de-miranda-6\/\"><\/fb:share-button><\/span><span class=\"mr_social_sharing\"><a rel=\"nofollow\" class=\"linksalpha_button linksalpha_link\" href=\"\/\/www.linksalpha.com\/social\/mobile\" data-url=\"http:\/\/www.blogdopilako.com.br\/wp\/2019\/07\/02\/momento-cultural-noturno-da-praia-dos-milagres-por-jose-tavares-de-miranda-6\/\" data-text=\"Momento Cultural: NOTURNO DA PRAIA DOS MILAGRES \u2013 por Jos\u00e9 Tavares de Miranda.\" data-desc=\"Esses navios, que passam na noite, s\u00e3o navios perdidos no al\u00e9m s\u00e3o navios de piratas, marinheiro, doudas fragatas que v\u00e3o e que v\u00eam. S\u00e3o navios a vela Bergantins, Brigues, Caravelas, velozes, breves, fugazes, perdidos para sempre sem roteiro. Todos passam na amplid\u00e3o do mar, nessa noite\" data-image=\"http:\/\/www.blogdopilako.com.br\/wp\/wp-content\/uploads\/2019\/07\/tavares.jpg\" data-button=\"none\">\n\t\t\t\t\t<img src=\"\/\/www.linksalpha.com\/images\/social_share_button.png\" alt=\"Share\" class=\"linksalpha_image\" \/>\n\t\t\t\t\t<\/a><script type=\"text\/javascript\" src=\"\/\/www.linksalpha.com\/scripts\/loader_iconbox.js?v=2.4\"><\/script><\/span><\/div><p><a href=\"http:\/\/www.blogdopilako.com.br\/wp\/wp-content\/uploads\/2019\/07\/tavares.jpg\"><img loading=\"lazy\" class=\"aligncenter size-full wp-image-123545\" src=\"http:\/\/www.blogdopilako.com.br\/wp\/wp-content\/uploads\/2019\/07\/tavares.jpg\" alt=\"\" width=\"314\" height=\"371\" srcset=\"http:\/\/www.blogdopilako.com.br\/wp\/wp-content\/uploads\/2019\/07\/tavares.jpg 314w, http:\/\/www.blogdopilako.com.br\/wp\/wp-content\/uploads\/2019\/07\/tavares-254x300.jpg 254w\" sizes=\"(max-width: 314px) 100vw, 314px\" \/><\/a><\/p>\n<p style=\"text-align: center;\">Esses navios, que passam na noite,<br \/>\ns\u00e3o navios perdidos no al\u00e9m<br \/>\ns\u00e3o navios de piratas, marinheiro,<br \/>\ndoudas fragatas que v\u00e3o e que v\u00eam.<\/p>\n<p style=\"text-align: center;\">S\u00e3o navios a vela<br \/>\nBergantins, Brigues, Caravelas,<br \/>\nvelozes, breves, fugazes,<br \/>\nperdidos para sempre sem roteiro.<\/p>\n<p style=\"text-align: center;\">Todos passam na amplid\u00e3o do mar,<br \/>\nnessa noite escura de pressentimentos,<br \/>\nfrancamente alumiada por velhos candeeis.<\/p>\n<p style=\"text-align: center;\">L\u00e1 v\u00e3o os piratas heroicos,<br \/>\nos que mancharam de sangue as \u00e1guas com seus alfanjes,<br \/>\nos loucos comandantes abandonados, sem remiss\u00e3o,<br \/>\nalucinados no meio das \u00e1guas,<br \/>\nnessa noite de incr\u00edvel escurid\u00e3o,<br \/>\na procura de marujos naufragados<br \/>\nnoutras noites de abandono, sem perd\u00e3o,<br \/>\npedindo \u00e0 M\u00e3e dos Navegantes<br \/>\no encontro de saudosos irm\u00e3os.<br \/>\nEsses navios que passam, marinheiro,<br \/>\ns\u00e3o navios perdidos na al\u00e9m;<br \/>\ns\u00e3o navios de esquecidos guerreiros<br \/>\nque procuram, que buscam algu\u00e9m.<\/p>\n<p style=\"text-align: center;\">(em TAMPA DE CANASTRA)<\/p>\n<p style=\"text-align: justify;\"><strong>Jos\u00e9 Tavares de Miranda<\/strong>, vitoriense nascido a 16 de novembro de 1919, filho do Prof. Andr\u00e9 Tavares de Miranda. Fez os primeiros estudos na Vit\u00f3ria, sob os cuidados do seu genitor, e transferiu-se para o Recife, onde teve grande atua\u00e7\u00e3o na imprensa. Mudando-se para S\u00e3o Paulo, ali concluiu o seu curso de Direito (iniciado na Faculdade de Direito do Recife) na Faculdade de Direito do Largo S. Francisco, em 1939. Escritor, jornalista e poeta. Teve v\u00e1rios livros publicados inclusive de poesias, sendo estes \u00faltimos reunidos em um s\u00f3 volume: TAMPA DE CANASTRA. Faleceu em S\u00e3o Paulo (Capital) a 20 de agosto de 1992.<\/p>\n\n\t\t\t\t<div class=\"mr_social_sharing_wrapper\">\n\t\t\t\t<!-- Social Sharing Toolkit v2.2 --><span class=\"mr_social_sharing_top\"><span style=\"display: inline-block; width: 55px; height: 62px; overflow: hidden;\"><div class=\"fb-like\" data-href=\"http:\/\/www.blogdopilako.com.br\/wp\/2019\/07\/02\/momento-cultural-noturno-da-praia-dos-milagres-por-jose-tavares-de-miranda-6\/\" data-send=\"false\" data-layout=\"box_count\" data-width=\"55\" data-show-faces=\"false\"><\/div><\/span><\/span><span class=\"mr_social_sharing_top\"><fb:share-button type=\"box_count\" href=\"http:\/\/www.blogdopilako.com.br\/wp\/2019\/07\/02\/momento-cultural-noturno-da-praia-dos-milagres-por-jose-tavares-de-miranda-6\/\"><\/fb:share-button><\/span><span class=\"mr_social_sharing\"><a rel=\"nofollow\" class=\"linksalpha_button linksalpha_link\" href=\"\/\/www.linksalpha.com\/social\/mobile\" data-url=\"http:\/\/www.blogdopilako.com.br\/wp\/2019\/07\/02\/momento-cultural-noturno-da-praia-dos-milagres-por-jose-tavares-de-miranda-6\/\" data-text=\"Momento Cultural: NOTURNO DA PRAIA DOS MILAGRES \u2013 por Jos\u00e9 Tavares de Miranda.\" data-desc=\"Esses navios, que passam na noite, s\u00e3o navios perdidos no al\u00e9m s\u00e3o navios de piratas, marinheiro, doudas fragatas que v\u00e3o e que v\u00eam. S\u00e3o navios a vela Bergantins, Brigues, Caravelas, velozes, breves, fugazes, perdidos para sempre sem roteiro. Todos passam na amplid\u00e3o do mar, nessa noite\" data-image=\"http:\/\/www.blogdopilako.com.br\/wp\/wp-content\/uploads\/2019\/07\/tavares.jpg\" data-button=\"none\">\n\t\t\t\t\t<img src=\"\/\/www.linksalpha.com\/images\/social_share_button.png\" alt=\"Share\" class=\"linksalpha_image\" \/>\n\t\t\t\t\t<\/a><script type=\"text\/javascript\" src=\"\/\/www.linksalpha.com\/scripts\/loader_iconbox.js?v=2.4\"><\/script><\/span><\/div>","protected":false},"excerpt":{"rendered":"\n\t\t\t\t<div class=\"mr_social_sharing_wrapper\">\n\t\t\t\t<!-- Social Sharing Toolkit v2.2 --><span class=\"mr_social_sharing_top\"><span style=\"display: inline-block; width: 55px; height: 62px; overflow: hidden;\"><div class=\"fb-like\" data-href=\"http:\/\/www.blogdopilako.com.br\/wp\/2019\/07\/02\/momento-cultural-noturno-da-praia-dos-milagres-por-jose-tavares-de-miranda-6\/\" data-send=\"false\" data-layout=\"box_count\" data-width=\"55\" data-show-faces=\"false\"><\/div><\/span><\/span><span class=\"mr_social_sharing_top\"><fb:share-button type=\"box_count\" href=\"http:\/\/www.blogdopilako.com.br\/wp\/2019\/07\/02\/momento-cultural-noturno-da-praia-dos-milagres-por-jose-tavares-de-miranda-6\/\"><\/fb:share-button><\/span><span class=\"mr_social_sharing\"><a rel=\"nofollow\" class=\"linksalpha_button linksalpha_link\" href=\"\/\/www.linksalpha.com\/social\/mobile\" data-url=\"http:\/\/www.blogdopilako.com.br\/wp\/2019\/07\/02\/momento-cultural-noturno-da-praia-dos-milagres-por-jose-tavares-de-miranda-6\/\" data-text=\"Momento Cultural: NOTURNO DA PRAIA DOS MILAGRES \u2013 por Jos\u00e9 Tavares de Miranda.\" data-desc=\"Esses navios, que passam na noite, s\u00e3o navios perdidos no al\u00e9m s\u00e3o navios de piratas, marinheiro, doudas fragatas que v\u00e3o e que v\u00eam. S\u00e3o navios a vela Bergantins, Brigues, Caravelas, velozes, breves, fugazes, perdidos para sempre sem roteiro. Todos passam na amplid\u00e3o do mar, nessa noite\" data-image=\"\" data-button=\"none\">\n\t\t\t\t\t<img src=\"\/\/www.linksalpha.com\/images\/social_share_button.png\" alt=\"Share\" class=\"linksalpha_image\" \/>\n\t\t\t\t\t<\/a><script type=\"text\/javascript\" src=\"\/\/www.linksalpha.com\/scripts\/loader_iconbox.js?v=2.4\"><\/script><\/span><\/div><p>Esses navios, que passam na noite, s\u00e3o navios perdidos no al\u00e9m s\u00e3o navios de piratas, marinheiro, doudas fragatas que v\u00e3o e que v\u00eam. S\u00e3o navios a vela Bergantins, Brigues, Caravelas, velozes, breves, fugazes, perdidos para sempre sem roteiro. Todos passam &hellip; <a href=\"http:\/\/www.blogdopilako.com.br\/wp\/2019\/07\/02\/momento-cultural-noturno-da-praia-dos-milagres-por-jose-tavares-de-miranda-6\/\">Continue lendo <span class=\"meta-nav\">&rarr;<\/span><\/a><\/p>\n\n\t\t\t\t<div class=\"mr_social_sharing_wrapper\">\n\t\t\t\t<!-- Social Sharing Toolkit v2.2 --><span class=\"mr_social_sharing_top\"><span style=\"display: inline-block; width: 55px; height: 62px; overflow: hidden;\"><div class=\"fb-like\" data-href=\"http:\/\/www.blogdopilako.com.br\/wp\/2019\/07\/02\/momento-cultural-noturno-da-praia-dos-milagres-por-jose-tavares-de-miranda-6\/\" data-send=\"false\" data-layout=\"box_count\" data-width=\"55\" data-show-faces=\"false\"><\/div><\/span><\/span><span class=\"mr_social_sharing_top\"><fb:share-button type=\"box_count\" href=\"http:\/\/www.blogdopilako.com.br\/wp\/2019\/07\/02\/momento-cultural-noturno-da-praia-dos-milagres-por-jose-tavares-de-miranda-6\/\"><\/fb:share-button><\/span><span class=\"mr_social_sharing\"><a rel=\"nofollow\" class=\"linksalpha_button linksalpha_link\" href=\"\/\/www.linksalpha.com\/social\/mobile\" data-url=\"http:\/\/www.blogdopilako.com.br\/wp\/2019\/07\/02\/momento-cultural-noturno-da-praia-dos-milagres-por-jose-tavares-de-miranda-6\/\" data-text=\"Momento Cultural: NOTURNO DA PRAIA DOS MILAGRES \u2013 por Jos\u00e9 Tavares de Miranda.\" data-desc=\"Esses navios, que passam na noite, s\u00e3o navios perdidos no al\u00e9m s\u00e3o navios de piratas, marinheiro, doudas fragatas que v\u00e3o e que v\u00eam. S\u00e3o navios a vela Bergantins, Brigues, Caravelas, velozes, breves, fugazes, perdidos para sempre sem roteiro. Todos passam na amplid\u00e3o do mar, nessa noite\" data-image=\"\" data-button=\"none\">\n\t\t\t\t\t<img src=\"\/\/www.linksalpha.com\/images\/social_share_button.png\" alt=\"Share\" class=\"linksalpha_image\" \/>\n\t\t\t\t\t<\/a><script type=\"text\/javascript\" src=\"\/\/www.linksalpha.com\/scripts\/loader_iconbox.js?v=2.4\"><\/script><\/span><\/div>","protected":false},"author":2,"featured_media":0,"comment_status":"open","ping_status":"open","sticky":false,"template":"","format":"standard","meta":[],"categories":[114],"tags":[],"_links":{"self":[{"href":"http:\/\/www.blogdopilako.com.br\/wp\/wp-json\/wp\/v2\/posts\/123544"}],"collection":[{"href":"http:\/\/www.blogdopilako.com.br\/wp\/wp-json\/wp\/v2\/posts"}],"about":[{"href":"http:\/\/www.blogdopilako.com.br\/wp\/wp-json\/wp\/v2\/types\/post"}],"author":[{"embeddable":true,"href":"http:\/\/www.blogdopilako.com.br\/wp\/wp-json\/wp\/v2\/users\/2"}],"replies":[{"embeddable":true,"href":"http:\/\/www.blogdopilako.com.br\/wp\/wp-json\/wp\/v2\/comments?post=123544"}],"version-history":[{"count":1,"href":"http:\/\/www.blogdopilako.com.br\/wp\/wp-json\/wp\/v2\/posts\/123544\/revisions"}],"predecessor-version":[{"id":123546,"href":"http:\/\/www.blogdopilako.com.br\/wp\/wp-json\/wp\/v2\/posts\/123544\/revisions\/123546"}],"wp:attachment":[{"href":"http:\/\/www.blogdopilako.com.br\/wp\/wp-json\/wp\/v2\/media?parent=123544"}],"wp:term":[{"taxonomy":"category","embeddable":true,"href":"http:\/\/www.blogdopilako.com.br\/wp\/wp-json\/wp\/v2\/categories?post=123544"},{"taxonomy":"post_tag","embeddable":true,"href":"http:\/\/www.blogdopilako.com.br\/wp\/wp-json\/wp\/v2\/tags?post=123544"}],"curies":[{"name":"wp","href":"https:\/\/api.w.org\/{rel}","templated":true}]}}