{"id":123508,"date":"2019-07-01T14:20:04","date_gmt":"2019-07-01T17:20:04","guid":{"rendered":"http:\/\/www.blogdopilako.com.br\/wp\/?p=123508"},"modified":"2019-07-01T10:45:38","modified_gmt":"2019-07-01T13:45:38","slug":"momento-cultural-ser-filha-de-maria-por-corina-de-holanda-5","status":"publish","type":"post","link":"http:\/\/www.blogdopilako.com.br\/wp\/2019\/07\/01\/momento-cultural-ser-filha-de-maria-por-corina-de-holanda-5\/","title":{"rendered":"Momento Cultural: Ser Filha de Maria \u2013 por Corina de Holanda."},"content":{"rendered":"\n\t\t\t\t<div class=\"mr_social_sharing_wrapper\">\n\t\t\t\t<!-- Social Sharing Toolkit v2.2 --><span class=\"mr_social_sharing_top\"><span style=\"display: inline-block; width: 55px; height: 62px; overflow: hidden;\"><div class=\"fb-like\" data-href=\"http:\/\/www.blogdopilako.com.br\/wp\/2019\/07\/01\/momento-cultural-ser-filha-de-maria-por-corina-de-holanda-5\/\" data-send=\"false\" data-layout=\"box_count\" data-width=\"55\" data-show-faces=\"false\"><\/div><\/span><\/span><span class=\"mr_social_sharing_top\"><fb:share-button type=\"box_count\" href=\"http:\/\/www.blogdopilako.com.br\/wp\/2019\/07\/01\/momento-cultural-ser-filha-de-maria-por-corina-de-holanda-5\/\"><\/fb:share-button><\/span><span class=\"mr_social_sharing\"><a rel=\"nofollow\" class=\"linksalpha_button linksalpha_link\" href=\"\/\/www.linksalpha.com\/social\/mobile\" data-url=\"http:\/\/www.blogdopilako.com.br\/wp\/2019\/07\/01\/momento-cultural-ser-filha-de-maria-por-corina-de-holanda-5\/\" data-text=\"Momento Cultural: Ser Filha de Maria \u2013 por Corina de Holanda.\" data-desc=\"Ser \u201cFilha de Maria\u201d \u00e9 ser na terra, Quase aquilo que os anjos s\u00e3o no c\u00e9u; Viver do amor que s\u00f3 pureza encerra Contemplando a Jesus quase sem v\u00e9u\u2026 Ser d\u2019Ele irm\u00e3, viver ao lado seu Na intimidade que o pavor desterra; Dizer: Meu bom Jesus, sois todo meu! Ao pecado eu declaro guerra. \u00c9\" data-image=\"http:\/\/www.blogdopilako.com.br\/wp\/wp-content\/uploads\/2019\/07\/Corina-de-Holanda.jpg\" data-button=\"none\">\n\t\t\t\t\t<img src=\"\/\/www.linksalpha.com\/images\/social_share_button.png\" alt=\"Share\" class=\"linksalpha_image\" \/>\n\t\t\t\t\t<\/a><script type=\"text\/javascript\" src=\"\/\/www.linksalpha.com\/scripts\/loader_iconbox.js?v=2.4\"><\/script><\/span><\/div><p><a href=\"http:\/\/www.blogdopilako.com.br\/wp\/wp-content\/uploads\/2019\/07\/Corina-de-Holanda.jpg\"><img loading=\"lazy\" class=\"aligncenter size-full wp-image-123509\" src=\"http:\/\/www.blogdopilako.com.br\/wp\/wp-content\/uploads\/2019\/07\/Corina-de-Holanda.jpg\" alt=\"\" width=\"655\" height=\"1007\" srcset=\"http:\/\/www.blogdopilako.com.br\/wp\/wp-content\/uploads\/2019\/07\/Corina-de-Holanda.jpg 655w, http:\/\/www.blogdopilako.com.br\/wp\/wp-content\/uploads\/2019\/07\/Corina-de-Holanda-195x300.jpg 195w\" sizes=\"(max-width: 655px) 100vw, 655px\" \/><\/a><\/p>\n<p style=\"text-align: center;\">Ser \u201cFilha de Maria\u201d \u00e9 ser na terra,<br \/>\nQuase aquilo que os anjos s\u00e3o no c\u00e9u;<br \/>\nViver do amor que s\u00f3 pureza encerra<br \/>\nContemplando a Jesus quase sem v\u00e9u\u2026<\/p>\n<p style=\"text-align: center;\">Ser d\u2019Ele irm\u00e3, viver ao lado seu<br \/>\nNa intimidade que o pavor desterra;<br \/>\nDizer: Meu bom Jesus, sois todo meu!<br \/>\nAo pecado eu declaro guerra.<\/p>\n<p style=\"text-align: center;\">\u00c9 possuir dos t\u00edtulos o mais belo.<br \/>\n\u00c9 ter, num tra\u00e7o azul, puro e singelo,<br \/>\nFonte perene de eternal poesia\u2026<\/p>\n<p style=\"text-align: center;\">Ser \u201cFilha de Maria\u201d, \u00e9 tanta cousa<br \/>\nSublime, tanta, que dizer n\u00e3o ousa,<br \/>\nPor ser bem pobre a minha fantasia.<\/p>\n<p style=\"text-align: center;\">(Entre o c\u00e9u e a Terra \u2013 1972 \u2013 Corina de Holanda \u2013 p\u00e1g. 37).<\/p>\n\n\t\t\t\t<div class=\"mr_social_sharing_wrapper\">\n\t\t\t\t<!-- Social Sharing Toolkit v2.2 --><span class=\"mr_social_sharing_top\"><span style=\"display: inline-block; width: 55px; height: 62px; overflow: hidden;\"><div class=\"fb-like\" data-href=\"http:\/\/www.blogdopilako.com.br\/wp\/2019\/07\/01\/momento-cultural-ser-filha-de-maria-por-corina-de-holanda-5\/\" data-send=\"false\" data-layout=\"box_count\" data-width=\"55\" data-show-faces=\"false\"><\/div><\/span><\/span><span class=\"mr_social_sharing_top\"><fb:share-button type=\"box_count\" href=\"http:\/\/www.blogdopilako.com.br\/wp\/2019\/07\/01\/momento-cultural-ser-filha-de-maria-por-corina-de-holanda-5\/\"><\/fb:share-button><\/span><span class=\"mr_social_sharing\"><a rel=\"nofollow\" class=\"linksalpha_button linksalpha_link\" href=\"\/\/www.linksalpha.com\/social\/mobile\" data-url=\"http:\/\/www.blogdopilako.com.br\/wp\/2019\/07\/01\/momento-cultural-ser-filha-de-maria-por-corina-de-holanda-5\/\" data-text=\"Momento Cultural: Ser Filha de Maria \u2013 por Corina de Holanda.\" data-desc=\"Ser \u201cFilha de Maria\u201d \u00e9 ser na terra, Quase aquilo que os anjos s\u00e3o no c\u00e9u; Viver do amor que s\u00f3 pureza encerra Contemplando a Jesus quase sem v\u00e9u\u2026 Ser d\u2019Ele irm\u00e3, viver ao lado seu Na intimidade que o pavor desterra; Dizer: Meu bom Jesus, sois todo meu! Ao pecado eu declaro guerra. \u00c9\" data-image=\"http:\/\/www.blogdopilako.com.br\/wp\/wp-content\/uploads\/2019\/07\/Corina-de-Holanda.jpg\" data-button=\"none\">\n\t\t\t\t\t<img src=\"\/\/www.linksalpha.com\/images\/social_share_button.png\" alt=\"Share\" class=\"linksalpha_image\" \/>\n\t\t\t\t\t<\/a><script type=\"text\/javascript\" src=\"\/\/www.linksalpha.com\/scripts\/loader_iconbox.js?v=2.4\"><\/script><\/span><\/div>","protected":false},"excerpt":{"rendered":"\n\t\t\t\t<div class=\"mr_social_sharing_wrapper\">\n\t\t\t\t<!-- Social Sharing Toolkit v2.2 --><span class=\"mr_social_sharing_top\"><span style=\"display: inline-block; width: 55px; height: 62px; overflow: hidden;\"><div class=\"fb-like\" data-href=\"http:\/\/www.blogdopilako.com.br\/wp\/2019\/07\/01\/momento-cultural-ser-filha-de-maria-por-corina-de-holanda-5\/\" data-send=\"false\" data-layout=\"box_count\" data-width=\"55\" data-show-faces=\"false\"><\/div><\/span><\/span><span class=\"mr_social_sharing_top\"><fb:share-button type=\"box_count\" href=\"http:\/\/www.blogdopilako.com.br\/wp\/2019\/07\/01\/momento-cultural-ser-filha-de-maria-por-corina-de-holanda-5\/\"><\/fb:share-button><\/span><span class=\"mr_social_sharing\"><a rel=\"nofollow\" class=\"linksalpha_button linksalpha_link\" href=\"\/\/www.linksalpha.com\/social\/mobile\" data-url=\"http:\/\/www.blogdopilako.com.br\/wp\/2019\/07\/01\/momento-cultural-ser-filha-de-maria-por-corina-de-holanda-5\/\" data-text=\"Momento Cultural: Ser Filha de Maria \u2013 por Corina de Holanda.\" data-desc=\"Ser \u201cFilha de Maria\u201d \u00e9 ser na terra, Quase aquilo que os anjos s\u00e3o no c\u00e9u; Viver do amor que s\u00f3 pureza encerra Contemplando a Jesus quase sem v\u00e9u\u2026 Ser d\u2019Ele irm\u00e3, viver ao lado seu Na intimidade que o pavor desterra; Dizer: Meu bom Jesus, sois todo meu! Ao pecado eu declaro guerra. \u00c9\" data-image=\"\" data-button=\"none\">\n\t\t\t\t\t<img src=\"\/\/www.linksalpha.com\/images\/social_share_button.png\" alt=\"Share\" class=\"linksalpha_image\" \/>\n\t\t\t\t\t<\/a><script type=\"text\/javascript\" src=\"\/\/www.linksalpha.com\/scripts\/loader_iconbox.js?v=2.4\"><\/script><\/span><\/div><p>Ser \u201cFilha de Maria\u201d \u00e9 ser na terra, Quase aquilo que os anjos s\u00e3o no c\u00e9u; Viver do amor que s\u00f3 pureza encerra Contemplando a Jesus quase sem v\u00e9u\u2026 Ser d\u2019Ele irm\u00e3, viver ao lado seu Na intimidade que o &hellip; <a href=\"http:\/\/www.blogdopilako.com.br\/wp\/2019\/07\/01\/momento-cultural-ser-filha-de-maria-por-corina-de-holanda-5\/\">Continue lendo <span class=\"meta-nav\">&rarr;<\/span><\/a><\/p>\n\n\t\t\t\t<div class=\"mr_social_sharing_wrapper\">\n\t\t\t\t<!-- Social Sharing Toolkit v2.2 --><span class=\"mr_social_sharing_top\"><span style=\"display: inline-block; width: 55px; height: 62px; overflow: hidden;\"><div class=\"fb-like\" data-href=\"http:\/\/www.blogdopilako.com.br\/wp\/2019\/07\/01\/momento-cultural-ser-filha-de-maria-por-corina-de-holanda-5\/\" data-send=\"false\" data-layout=\"box_count\" data-width=\"55\" data-show-faces=\"false\"><\/div><\/span><\/span><span class=\"mr_social_sharing_top\"><fb:share-button type=\"box_count\" href=\"http:\/\/www.blogdopilako.com.br\/wp\/2019\/07\/01\/momento-cultural-ser-filha-de-maria-por-corina-de-holanda-5\/\"><\/fb:share-button><\/span><span class=\"mr_social_sharing\"><a rel=\"nofollow\" class=\"linksalpha_button linksalpha_link\" href=\"\/\/www.linksalpha.com\/social\/mobile\" data-url=\"http:\/\/www.blogdopilako.com.br\/wp\/2019\/07\/01\/momento-cultural-ser-filha-de-maria-por-corina-de-holanda-5\/\" data-text=\"Momento Cultural: Ser Filha de Maria \u2013 por Corina de Holanda.\" data-desc=\"Ser \u201cFilha de Maria\u201d \u00e9 ser na terra, Quase aquilo que os anjos s\u00e3o no c\u00e9u; Viver do amor que s\u00f3 pureza encerra Contemplando a Jesus quase sem v\u00e9u\u2026 Ser d\u2019Ele irm\u00e3, viver ao lado seu Na intimidade que o pavor desterra; Dizer: Meu bom Jesus, sois todo meu! Ao pecado eu declaro guerra. \u00c9\" data-image=\"\" data-button=\"none\">\n\t\t\t\t\t<img src=\"\/\/www.linksalpha.com\/images\/social_share_button.png\" alt=\"Share\" class=\"linksalpha_image\" \/>\n\t\t\t\t\t<\/a><script type=\"text\/javascript\" src=\"\/\/www.linksalpha.com\/scripts\/loader_iconbox.js?v=2.4\"><\/script><\/span><\/div>","protected":false},"author":2,"featured_media":0,"comment_status":"open","ping_status":"open","sticky":false,"template":"","format":"standard","meta":[],"categories":[114],"tags":[],"_links":{"self":[{"href":"http:\/\/www.blogdopilako.com.br\/wp\/wp-json\/wp\/v2\/posts\/123508"}],"collection":[{"href":"http:\/\/www.blogdopilako.com.br\/wp\/wp-json\/wp\/v2\/posts"}],"about":[{"href":"http:\/\/www.blogdopilako.com.br\/wp\/wp-json\/wp\/v2\/types\/post"}],"author":[{"embeddable":true,"href":"http:\/\/www.blogdopilako.com.br\/wp\/wp-json\/wp\/v2\/users\/2"}],"replies":[{"embeddable":true,"href":"http:\/\/www.blogdopilako.com.br\/wp\/wp-json\/wp\/v2\/comments?post=123508"}],"version-history":[{"count":1,"href":"http:\/\/www.blogdopilako.com.br\/wp\/wp-json\/wp\/v2\/posts\/123508\/revisions"}],"predecessor-version":[{"id":123510,"href":"http:\/\/www.blogdopilako.com.br\/wp\/wp-json\/wp\/v2\/posts\/123508\/revisions\/123510"}],"wp:attachment":[{"href":"http:\/\/www.blogdopilako.com.br\/wp\/wp-json\/wp\/v2\/media?parent=123508"}],"wp:term":[{"taxonomy":"category","embeddable":true,"href":"http:\/\/www.blogdopilako.com.br\/wp\/wp-json\/wp\/v2\/categories?post=123508"},{"taxonomy":"post_tag","embeddable":true,"href":"http:\/\/www.blogdopilako.com.br\/wp\/wp-json\/wp\/v2\/tags?post=123508"}],"curies":[{"name":"wp","href":"https:\/\/api.w.org\/{rel}","templated":true}]}}