{"id":123448,"date":"2019-06-27T14:20:47","date_gmt":"2019-06-27T17:20:47","guid":{"rendered":"http:\/\/www.blogdopilako.com.br\/wp\/?p=123448"},"modified":"2019-06-27T10:08:40","modified_gmt":"2019-06-27T13:08:40","slug":"momento-cultural-terceiro-ser-por-henrique-de-holanda","status":"publish","type":"post","link":"http:\/\/www.blogdopilako.com.br\/wp\/2019\/06\/27\/momento-cultural-terceiro-ser-por-henrique-de-holanda\/","title":{"rendered":"MOMENTO CULTURAL: Terceiro Ser \u2013 por Henrique de Holanda"},"content":{"rendered":"\n\t\t\t\t<div class=\"mr_social_sharing_wrapper\">\n\t\t\t\t<!-- Social Sharing Toolkit v2.2 --><span class=\"mr_social_sharing_top\"><span style=\"display: inline-block; width: 55px; height: 62px; overflow: hidden;\"><div class=\"fb-like\" data-href=\"http:\/\/www.blogdopilako.com.br\/wp\/2019\/06\/27\/momento-cultural-terceiro-ser-por-henrique-de-holanda\/\" data-send=\"false\" data-layout=\"box_count\" data-width=\"55\" data-show-faces=\"false\"><\/div><\/span><\/span><span class=\"mr_social_sharing_top\"><fb:share-button type=\"box_count\" href=\"http:\/\/www.blogdopilako.com.br\/wp\/2019\/06\/27\/momento-cultural-terceiro-ser-por-henrique-de-holanda\/\"><\/fb:share-button><\/span><span class=\"mr_social_sharing\"><a rel=\"nofollow\" class=\"linksalpha_button linksalpha_link\" href=\"\/\/www.linksalpha.com\/social\/mobile\" data-url=\"http:\/\/www.blogdopilako.com.br\/wp\/2019\/06\/27\/momento-cultural-terceiro-ser-por-henrique-de-holanda\/\" data-text=\"MOMENTO CULTURAL: Terceiro Ser \u2013 por Henrique de Holanda\" data-desc=\"Eu, que me quis bem contigo, Tu, que te quiseste bem comigo\u2026 Tu\u2026 Eu\u2026 Esses dois seres que se foram vida a dentro, passo a passo, \u00e2nsia a \u00e2nsia, hora a hora, onde \u00e9 que est\u00e3o? onde nos encontramos?! em qual espa\u00e7o? em que dist\u00e2ncia agora?! . . . . . . . . . . . . . . . . . . . . . . . .\" data-image=\"http:\/\/www.blogdopilako.com.br\/wp\/wp-content\/uploads\/2019\/06\/Henrique-de-Holanda-Cavalcanti-31-1.jpg\" data-button=\"none\">\n\t\t\t\t\t<img src=\"\/\/www.linksalpha.com\/images\/social_share_button.png\" alt=\"Share\" class=\"linksalpha_image\" \/>\n\t\t\t\t\t<\/a><script type=\"text\/javascript\" src=\"\/\/www.linksalpha.com\/scripts\/loader_iconbox.js?v=2.4\"><\/script><\/span><\/div><p><a href=\"http:\/\/www.blogdopilako.com.br\/wp\/wp-content\/uploads\/2019\/06\/Henrique-de-Holanda-Cavalcanti-31-1.jpg\"><img loading=\"lazy\" class=\"aligncenter size-full wp-image-123449\" src=\"http:\/\/www.blogdopilako.com.br\/wp\/wp-content\/uploads\/2019\/06\/Henrique-de-Holanda-Cavalcanti-31-1.jpg\" alt=\"\" width=\"300\" height=\"376\" srcset=\"http:\/\/www.blogdopilako.com.br\/wp\/wp-content\/uploads\/2019\/06\/Henrique-de-Holanda-Cavalcanti-31-1.jpg 300w, http:\/\/www.blogdopilako.com.br\/wp\/wp-content\/uploads\/2019\/06\/Henrique-de-Holanda-Cavalcanti-31-1-239x300.jpg 239w\" sizes=\"(max-width: 300px) 100vw, 300px\" \/><\/a><\/p>\n<p style=\"text-align: center;\">Eu, que me quis bem contigo,<br \/>\nTu, que te quiseste bem comigo\u2026<br \/>\nTu\u2026<br \/>\nEu\u2026<br \/>\nEsses dois seres que se foram<br \/>\nvida a dentro,<br \/>\npasso a passo,<br \/>\n\u00e2nsia a \u00e2nsia,<br \/>\nhora a hora,<br \/>\nonde \u00e9 que est\u00e3o?<br \/>\nonde nos encontramos?!<br \/>\nem qual espa\u00e7o?<br \/>\nem que dist\u00e2ncia<br \/>\nagora?!<br \/>\n. . . . . . . . . . . . . . . . . . . . . . . . . . . . .<br \/>\nPassaram as folhas,<br \/>\npassaram as r\u00e9stias,<br \/>\nas sombras passaram\u2026<br \/>\n\u2026e passamos, tamb\u00e9m!<br \/>\nMas, como as hastes que se renovaram,<br \/>\ntamb\u00e9m nos renovamos\u2026<br \/>\n\u00e0 miragem mais calma,<br \/>\n\u00e0s mais encantadoras flora\u00e7\u00f5es.<\/p>\n<p style=\"text-align: center;\">Somos um sangue s\u00f3; uma s\u00f3 alma;<br \/>\nfundimos, num, os nossos cora\u00e7\u00f5es;<br \/>\nestamos UM!\u2026<br \/>\nUm todo em tudo,<br \/>\nneste terceiro ser, que contemplamos!\u2026<br \/>\nNele nos encontramos, mais que dois,<br \/>\nmais que vivos,<br \/>\nmais que n\u00f3s\u2026<br \/>\nNele nos ajustamos.<br \/>\nNele, as gl\u00f3rias poss\u00edveis s\u00e3o sentidas<br \/>\ne \u00e9 onde embaralhamos,<br \/>\nindivisivelmente,<br \/>\neternamente,<br \/>\nquase divinamente,<br \/>\nas nossas vidas.<\/p>\n<p style=\"text-align: center;\">(Muitas rosas sobre o ch\u00e3o \u2013 Henrique de Holanda \u2013 p\u00e1g. 2 e 3)<\/p>\n\n\t\t\t\t<div class=\"mr_social_sharing_wrapper\">\n\t\t\t\t<!-- Social Sharing Toolkit v2.2 --><span class=\"mr_social_sharing_top\"><span style=\"display: inline-block; width: 55px; height: 62px; overflow: hidden;\"><div class=\"fb-like\" data-href=\"http:\/\/www.blogdopilako.com.br\/wp\/2019\/06\/27\/momento-cultural-terceiro-ser-por-henrique-de-holanda\/\" data-send=\"false\" data-layout=\"box_count\" data-width=\"55\" data-show-faces=\"false\"><\/div><\/span><\/span><span class=\"mr_social_sharing_top\"><fb:share-button type=\"box_count\" href=\"http:\/\/www.blogdopilako.com.br\/wp\/2019\/06\/27\/momento-cultural-terceiro-ser-por-henrique-de-holanda\/\"><\/fb:share-button><\/span><span class=\"mr_social_sharing\"><a rel=\"nofollow\" class=\"linksalpha_button linksalpha_link\" href=\"\/\/www.linksalpha.com\/social\/mobile\" data-url=\"http:\/\/www.blogdopilako.com.br\/wp\/2019\/06\/27\/momento-cultural-terceiro-ser-por-henrique-de-holanda\/\" data-text=\"MOMENTO CULTURAL: Terceiro Ser \u2013 por Henrique de Holanda\" data-desc=\"Eu, que me quis bem contigo, Tu, que te quiseste bem comigo\u2026 Tu\u2026 Eu\u2026 Esses dois seres que se foram vida a dentro, passo a passo, \u00e2nsia a \u00e2nsia, hora a hora, onde \u00e9 que est\u00e3o? onde nos encontramos?! em qual espa\u00e7o? em que dist\u00e2ncia agora?! . . . . . . . . . . . . . . . . . . . . . . . .\" data-image=\"http:\/\/www.blogdopilako.com.br\/wp\/wp-content\/uploads\/2019\/06\/Henrique-de-Holanda-Cavalcanti-31-1.jpg\" data-button=\"none\">\n\t\t\t\t\t<img src=\"\/\/www.linksalpha.com\/images\/social_share_button.png\" alt=\"Share\" class=\"linksalpha_image\" \/>\n\t\t\t\t\t<\/a><script type=\"text\/javascript\" src=\"\/\/www.linksalpha.com\/scripts\/loader_iconbox.js?v=2.4\"><\/script><\/span><\/div>","protected":false},"excerpt":{"rendered":"\n\t\t\t\t<div class=\"mr_social_sharing_wrapper\">\n\t\t\t\t<!-- Social Sharing Toolkit v2.2 --><span class=\"mr_social_sharing_top\"><span style=\"display: inline-block; width: 55px; height: 62px; overflow: hidden;\"><div class=\"fb-like\" data-href=\"http:\/\/www.blogdopilako.com.br\/wp\/2019\/06\/27\/momento-cultural-terceiro-ser-por-henrique-de-holanda\/\" data-send=\"false\" data-layout=\"box_count\" data-width=\"55\" data-show-faces=\"false\"><\/div><\/span><\/span><span class=\"mr_social_sharing_top\"><fb:share-button type=\"box_count\" href=\"http:\/\/www.blogdopilako.com.br\/wp\/2019\/06\/27\/momento-cultural-terceiro-ser-por-henrique-de-holanda\/\"><\/fb:share-button><\/span><span class=\"mr_social_sharing\"><a rel=\"nofollow\" class=\"linksalpha_button linksalpha_link\" href=\"\/\/www.linksalpha.com\/social\/mobile\" data-url=\"http:\/\/www.blogdopilako.com.br\/wp\/2019\/06\/27\/momento-cultural-terceiro-ser-por-henrique-de-holanda\/\" data-text=\"MOMENTO CULTURAL: Terceiro Ser \u2013 por Henrique de Holanda\" data-desc=\"Eu, que me quis bem contigo, Tu, que te quiseste bem comigo\u2026 Tu\u2026 Eu\u2026 Esses dois seres que se foram vida a dentro, passo a passo, \u00e2nsia a \u00e2nsia, hora a hora, onde \u00e9 que est\u00e3o? onde nos encontramos?! em qual espa\u00e7o? em que dist\u00e2ncia agora?! . . . . . . . . . . . . . . . . . . . . . . . .\" data-image=\"\" data-button=\"none\">\n\t\t\t\t\t<img src=\"\/\/www.linksalpha.com\/images\/social_share_button.png\" alt=\"Share\" class=\"linksalpha_image\" \/>\n\t\t\t\t\t<\/a><script type=\"text\/javascript\" src=\"\/\/www.linksalpha.com\/scripts\/loader_iconbox.js?v=2.4\"><\/script><\/span><\/div><p>Eu, que me quis bem contigo, Tu, que te quiseste bem comigo\u2026 Tu\u2026 Eu\u2026 Esses dois seres que se foram vida a dentro, passo a passo, \u00e2nsia a \u00e2nsia, hora a hora, onde \u00e9 que est\u00e3o? onde nos encontramos?! em &hellip; <a href=\"http:\/\/www.blogdopilako.com.br\/wp\/2019\/06\/27\/momento-cultural-terceiro-ser-por-henrique-de-holanda\/\">Continue lendo <span class=\"meta-nav\">&rarr;<\/span><\/a><\/p>\n\n\t\t\t\t<div class=\"mr_social_sharing_wrapper\">\n\t\t\t\t<!-- Social Sharing Toolkit v2.2 --><span class=\"mr_social_sharing_top\"><span style=\"display: inline-block; width: 55px; height: 62px; overflow: hidden;\"><div class=\"fb-like\" data-href=\"http:\/\/www.blogdopilako.com.br\/wp\/2019\/06\/27\/momento-cultural-terceiro-ser-por-henrique-de-holanda\/\" data-send=\"false\" data-layout=\"box_count\" data-width=\"55\" data-show-faces=\"false\"><\/div><\/span><\/span><span class=\"mr_social_sharing_top\"><fb:share-button type=\"box_count\" href=\"http:\/\/www.blogdopilako.com.br\/wp\/2019\/06\/27\/momento-cultural-terceiro-ser-por-henrique-de-holanda\/\"><\/fb:share-button><\/span><span class=\"mr_social_sharing\"><a rel=\"nofollow\" class=\"linksalpha_button linksalpha_link\" href=\"\/\/www.linksalpha.com\/social\/mobile\" data-url=\"http:\/\/www.blogdopilako.com.br\/wp\/2019\/06\/27\/momento-cultural-terceiro-ser-por-henrique-de-holanda\/\" data-text=\"MOMENTO CULTURAL: Terceiro Ser \u2013 por Henrique de Holanda\" data-desc=\"Eu, que me quis bem contigo, Tu, que te quiseste bem comigo\u2026 Tu\u2026 Eu\u2026 Esses dois seres que se foram vida a dentro, passo a passo, \u00e2nsia a \u00e2nsia, hora a hora, onde \u00e9 que est\u00e3o? onde nos encontramos?! em qual espa\u00e7o? em que dist\u00e2ncia agora?! . . . . . . . . . . . . . . . . . . . . . . . .\" data-image=\"\" data-button=\"none\">\n\t\t\t\t\t<img src=\"\/\/www.linksalpha.com\/images\/social_share_button.png\" alt=\"Share\" class=\"linksalpha_image\" \/>\n\t\t\t\t\t<\/a><script type=\"text\/javascript\" src=\"\/\/www.linksalpha.com\/scripts\/loader_iconbox.js?v=2.4\"><\/script><\/span><\/div>","protected":false},"author":2,"featured_media":0,"comment_status":"open","ping_status":"open","sticky":false,"template":"","format":"standard","meta":[],"categories":[114],"tags":[],"_links":{"self":[{"href":"http:\/\/www.blogdopilako.com.br\/wp\/wp-json\/wp\/v2\/posts\/123448"}],"collection":[{"href":"http:\/\/www.blogdopilako.com.br\/wp\/wp-json\/wp\/v2\/posts"}],"about":[{"href":"http:\/\/www.blogdopilako.com.br\/wp\/wp-json\/wp\/v2\/types\/post"}],"author":[{"embeddable":true,"href":"http:\/\/www.blogdopilako.com.br\/wp\/wp-json\/wp\/v2\/users\/2"}],"replies":[{"embeddable":true,"href":"http:\/\/www.blogdopilako.com.br\/wp\/wp-json\/wp\/v2\/comments?post=123448"}],"version-history":[{"count":1,"href":"http:\/\/www.blogdopilako.com.br\/wp\/wp-json\/wp\/v2\/posts\/123448\/revisions"}],"predecessor-version":[{"id":123450,"href":"http:\/\/www.blogdopilako.com.br\/wp\/wp-json\/wp\/v2\/posts\/123448\/revisions\/123450"}],"wp:attachment":[{"href":"http:\/\/www.blogdopilako.com.br\/wp\/wp-json\/wp\/v2\/media?parent=123448"}],"wp:term":[{"taxonomy":"category","embeddable":true,"href":"http:\/\/www.blogdopilako.com.br\/wp\/wp-json\/wp\/v2\/categories?post=123448"},{"taxonomy":"post_tag","embeddable":true,"href":"http:\/\/www.blogdopilako.com.br\/wp\/wp-json\/wp\/v2\/tags?post=123448"}],"curies":[{"name":"wp","href":"https:\/\/api.w.org\/{rel}","templated":true}]}}