{"id":123275,"date":"2019-06-18T15:00:03","date_gmt":"2019-06-18T18:00:03","guid":{"rendered":"http:\/\/www.blogdopilako.com.br\/wp\/?p=123275"},"modified":"2019-06-18T12:29:32","modified_gmt":"2019-06-18T15:29:32","slug":"mercado-de-gravata-x-mercado-de-vitoria-e-o-mesmo-que-comparar-a-suecia-com-a-venezuela","status":"publish","type":"post","link":"http:\/\/www.blogdopilako.com.br\/wp\/2019\/06\/18\/mercado-de-gravata-x-mercado-de-vitoria-e-o-mesmo-que-comparar-a-suecia-com-a-venezuela\/","title":{"rendered":"Mercado de Gravat\u00e1 X Mercado de Vit\u00f3ria:  \u00e9 o mesmo que comparar a Su\u00e9cia com a Venezuela!!!"},"content":{"rendered":"\n\t\t\t\t<div class=\"mr_social_sharing_wrapper\">\n\t\t\t\t<!-- Social Sharing Toolkit v2.2 --><span class=\"mr_social_sharing_top\"><span style=\"display: inline-block; width: 55px; height: 62px; overflow: hidden;\"><div class=\"fb-like\" data-href=\"http:\/\/www.blogdopilako.com.br\/wp\/2019\/06\/18\/mercado-de-gravata-x-mercado-de-vitoria-e-o-mesmo-que-comparar-a-suecia-com-a-venezuela\/\" data-send=\"false\" data-layout=\"box_count\" data-width=\"55\" data-show-faces=\"false\"><\/div><\/span><\/span><span class=\"mr_social_sharing_top\"><fb:share-button type=\"box_count\" href=\"http:\/\/www.blogdopilako.com.br\/wp\/2019\/06\/18\/mercado-de-gravata-x-mercado-de-vitoria-e-o-mesmo-que-comparar-a-suecia-com-a-venezuela\/\"><\/fb:share-button><\/span><span class=\"mr_social_sharing\"><a rel=\"nofollow\" class=\"linksalpha_button linksalpha_link\" href=\"\/\/www.linksalpha.com\/social\/mobile\" data-url=\"http:\/\/www.blogdopilako.com.br\/wp\/2019\/06\/18\/mercado-de-gravata-x-mercado-de-vitoria-e-o-mesmo-que-comparar-a-suecia-com-a-venezuela\/\" data-text=\"Mercado de Gravat\u00e1 X Mercado de Vit\u00f3ria: \u00e9 o mesmo que comparar a Su\u00e9cia com a Venezuela!!!\" data-desc=\"Acompanhado de amigos, dias atr\u00e1s, mais uma vez estive no Mercado P\u00fablico da vizinha cidade de Gravat\u00e1. No intervalo da prosa, da boa m\u00fasica, do petisco e de algumas doses de \u00e1gua que passarinho n\u00e3o bebe circulei pelo entorno do referido equipamento p\u00fablico. Antes, por\u00e9m, devo lembrar que a\" data-image=\"http:\/\/www.blogdopilako.com.br\/wp\/wp-content\/uploads\/2019\/06\/4312e53a-8c67-4b8a-bc36-7b6bf5b82ce5-1024x768.jpg\" data-button=\"none\">\n\t\t\t\t\t<img src=\"\/\/www.linksalpha.com\/images\/social_share_button.png\" alt=\"Share\" class=\"linksalpha_image\" \/>\n\t\t\t\t\t<\/a><script type=\"text\/javascript\" src=\"\/\/www.linksalpha.com\/scripts\/loader_iconbox.js?v=2.4\"><\/script><\/span><\/div><p><a href=\"http:\/\/www.blogdopilako.com.br\/wp\/wp-content\/uploads\/2019\/06\/4312e53a-8c67-4b8a-bc36-7b6bf5b82ce5.jpg\"><img loading=\"lazy\" class=\"aligncenter size-large wp-image-123276\" src=\"http:\/\/www.blogdopilako.com.br\/wp\/wp-content\/uploads\/2019\/06\/4312e53a-8c67-4b8a-bc36-7b6bf5b82ce5-1024x768.jpg\" alt=\"\" width=\"640\" height=\"480\" srcset=\"http:\/\/www.blogdopilako.com.br\/wp\/wp-content\/uploads\/2019\/06\/4312e53a-8c67-4b8a-bc36-7b6bf5b82ce5-1024x768.jpg 1024w, http:\/\/www.blogdopilako.com.br\/wp\/wp-content\/uploads\/2019\/06\/4312e53a-8c67-4b8a-bc36-7b6bf5b82ce5-300x225.jpg 300w, http:\/\/www.blogdopilako.com.br\/wp\/wp-content\/uploads\/2019\/06\/4312e53a-8c67-4b8a-bc36-7b6bf5b82ce5-768x576.jpg 768w, http:\/\/www.blogdopilako.com.br\/wp\/wp-content\/uploads\/2019\/06\/4312e53a-8c67-4b8a-bc36-7b6bf5b82ce5.jpg 1280w\" sizes=\"(max-width: 640px) 100vw, 640px\" \/><\/a><\/p>\n<p style=\"text-align: justify;\">Acompanhado de amigos, dias atr\u00e1s, mais uma vez estive no Mercado P\u00fablico da vizinha cidade de Gravat\u00e1. No intervalo da prosa, da boa m\u00fasica, do petisco e de algumas doses de \u00e1gua que passarinho n\u00e3o bebe circulei pelo entorno do referido equipamento p\u00fablico.<\/p>\n<p style=\"text-align: justify;\">Antes, por\u00e9m, devo lembrar que a circunscri\u00e7\u00e3o territorial que hoje chamamos de Gravat\u00e1 foi parida pela ent\u00e3o Vila de Santo Ant\u00e3o. \u00c0 \u00e9poca, 1833, por decis\u00e3o do governo provincial, perdemos as terras que v\u00e3o de Gravat\u00e1 at\u00e9 Bonito e, como forma de compensa\u00e7\u00e3o, recebemos parcela das terras que pertencia ao Cabo, ou seja: incorporamos o ent\u00e3o distrito de Escada. \u00a0O tempo passou e tudo virou cidade independente. Dito isto, portando, quero dizer que, em boa medida, somos partes de um mesmo corpo, isto \u00e9: a compara\u00e7\u00e3o \u00e9 pertinente.<\/p>\n<p style=\"text-align: justify;\">Por mais que incomode, sobretudo aos mais velhos, somos obrigados a reconhecer que cidade de Gravat\u00e1, no que se refere \u00e0 educa\u00e7\u00e3o coletiva e civilidade, avan\u00e7ou muito mais que a protegida pelo Glorioso Santo Ant\u00e3o. Ficando apenas no quesito organiza\u00e7\u00e3o dos espa\u00e7os na feira-livre, Vit\u00f3ria, em rela\u00e7\u00e3o \u00e0 Gravat\u00e1, \u00e9 o mesmo que comparar <strong>a Su\u00e9cia com a Venezuela.<\/strong><\/p>\n<p><a href=\"http:\/\/www.blogdopilako.com.br\/wp\/wp-content\/uploads\/2019\/06\/bf1d41a7-d430-41d3-8c8a-8c5e7e74d218.jpg\"><img loading=\"lazy\" class=\"aligncenter size-large wp-image-123278\" src=\"http:\/\/www.blogdopilako.com.br\/wp\/wp-content\/uploads\/2019\/06\/bf1d41a7-d430-41d3-8c8a-8c5e7e74d218-1024x768.jpg\" alt=\"\" width=\"640\" height=\"480\" srcset=\"http:\/\/www.blogdopilako.com.br\/wp\/wp-content\/uploads\/2019\/06\/bf1d41a7-d430-41d3-8c8a-8c5e7e74d218-1024x768.jpg 1024w, http:\/\/www.blogdopilako.com.br\/wp\/wp-content\/uploads\/2019\/06\/bf1d41a7-d430-41d3-8c8a-8c5e7e74d218-300x225.jpg 300w, http:\/\/www.blogdopilako.com.br\/wp\/wp-content\/uploads\/2019\/06\/bf1d41a7-d430-41d3-8c8a-8c5e7e74d218-768x576.jpg 768w, http:\/\/www.blogdopilako.com.br\/wp\/wp-content\/uploads\/2019\/06\/bf1d41a7-d430-41d3-8c8a-8c5e7e74d218.jpg 1280w\" sizes=\"(max-width: 640px) 100vw, 640px\" \/><\/a><\/p>\n<p style=\"text-align: justify;\">Bancos padronizados, espa\u00e7o para circula\u00e7\u00e3o, feirantes cadastrados e pagando seus respectivos valores com regularidade,\u00a0 \u00a0mercados limpos e organizados, dignos de receber visitantes de qualquer parte do planeta para entender o verdadeiro DNA do Nordeste Brasileiro.\u00a0 A feira-livre da cidade de Gravat\u00e1, al\u00e9m de um agrad\u00e1vel espa\u00e7o de compras, \u00e9, tamb\u00e9m,\u00a0 \u00a0um cart\u00e3o postal\u00a0 dedicado ao turista.<\/p>\n<p><a href=\"http:\/\/www.blogdopilako.com.br\/wp\/wp-content\/uploads\/2019\/06\/4e3d3fea-c540-4c08-a202-9af65cf3fb26.jpg\"><img loading=\"lazy\" class=\"aligncenter size-large wp-image-123277\" src=\"http:\/\/www.blogdopilako.com.br\/wp\/wp-content\/uploads\/2019\/06\/4e3d3fea-c540-4c08-a202-9af65cf3fb26-1024x768.jpg\" alt=\"\" width=\"640\" height=\"480\" srcset=\"http:\/\/www.blogdopilako.com.br\/wp\/wp-content\/uploads\/2019\/06\/4e3d3fea-c540-4c08-a202-9af65cf3fb26-1024x768.jpg 1024w, http:\/\/www.blogdopilako.com.br\/wp\/wp-content\/uploads\/2019\/06\/4e3d3fea-c540-4c08-a202-9af65cf3fb26-300x225.jpg 300w, http:\/\/www.blogdopilako.com.br\/wp\/wp-content\/uploads\/2019\/06\/4e3d3fea-c540-4c08-a202-9af65cf3fb26-768x576.jpg 768w, http:\/\/www.blogdopilako.com.br\/wp\/wp-content\/uploads\/2019\/06\/4e3d3fea-c540-4c08-a202-9af65cf3fb26.jpg 1280w\" sizes=\"(max-width: 640px) 100vw, 640px\" \/><\/a><\/p>\n<p style=\"text-align: justify;\">Tanto no entorno quanto na parte interna dos\u00a0 referidos equipamentos p\u00fablicos &#8211; Mercado Cultural &#8211;\u00a0 que foi constru\u00eddo em 1919, \u00a0ou seja, \u00a0depois do nosso (1913), existe organiza\u00e7\u00e3o, limpeza e ordem. L\u00e1, tem programa\u00e7\u00e3o festiva \u00a0para o ano inteiro. A gastronomia \u00e9 outra atra\u00e7\u00e3o \u00e0 parte. Al\u00e9m do bode, da tanajura e da tripa de porco o camarada ainda pode saborear rapadura e mel de engenho, sem esquecer de tomar umas lapadas de aguardente &#8211; express\u00f5es aut\u00eanticas do Nordeste Brasileiro.<\/p>\n<p><iframe loading=\"lazy\" title=\"Blog do Pilako: MERCADO CULTURAL DE GRAVAT\u00c1 - 15-06-2019\" width=\"584\" height=\"329\" src=\"https:\/\/www.youtube.com\/embed\/v0LdtgCSNhc?feature=oembed\" frameborder=\"0\" allow=\"accelerometer; autoplay; clipboard-write; encrypted-media; gyroscope; picture-in-picture\" allowfullscreen><\/iframe><\/p>\n<p style=\"text-align: justify;\">Pois bem, fico me perguntando: o qu\u00ea Gravat\u00e1 tem e n\u00f3s n\u00e3o temos? Porque Gravat\u00e1 pode e n\u00f3s n\u00e3o podemos? De quem \u00e9 a culpa? Ser\u00e1 que somos t\u00e3o mal educados assim que n\u00e3o conseguimos sequer manter um espa\u00e7o p\u00fablico saud\u00e1vel?<\/p>\n<p><a href=\"http:\/\/www.blogdopilako.com.br\/wp\/wp-content\/uploads\/2019\/06\/Mercado-de-Farinha-1.png\"><img loading=\"lazy\" class=\"aligncenter size-full wp-image-123280\" src=\"http:\/\/www.blogdopilako.com.br\/wp\/wp-content\/uploads\/2019\/06\/Mercado-de-Farinha-1.png\" alt=\"\" width=\"750\" height=\"313\" srcset=\"http:\/\/www.blogdopilako.com.br\/wp\/wp-content\/uploads\/2019\/06\/Mercado-de-Farinha-1.png 750w, http:\/\/www.blogdopilako.com.br\/wp\/wp-content\/uploads\/2019\/06\/Mercado-de-Farinha-1-300x125.png 300w\" sizes=\"(max-width: 750px) 100vw, 750px\" \/><\/a><\/p>\n<p style=\"text-align: justify;\"><strong>Com rela\u00e7\u00e3o ao estado f\u00edsico do nosso Mercado de Farinha poder\u00edamos, facilmente, apontar os culpados. Mas, hoje, irei fazer diferente, dizendo:\u00a0 imagino que se continuarmos elegendo os mesmos administradores para tomar conta dos destinos do nosso munic\u00edpio, dificilmente teremos\u00a0 alguma modifica\u00e7\u00e3o,\u00a0 tanto no conceito quanto\u00a0 na forma. Isso,\u00a0 j\u00e1 t\u00e1 mais do que provado!!!<\/strong><\/p>\n<p style=\"text-align: justify;\">\n\n\t\t\t\t<div class=\"mr_social_sharing_wrapper\">\n\t\t\t\t<!-- Social Sharing Toolkit v2.2 --><span class=\"mr_social_sharing_top\"><span style=\"display: inline-block; width: 55px; height: 62px; overflow: hidden;\"><div class=\"fb-like\" data-href=\"http:\/\/www.blogdopilako.com.br\/wp\/2019\/06\/18\/mercado-de-gravata-x-mercado-de-vitoria-e-o-mesmo-que-comparar-a-suecia-com-a-venezuela\/\" data-send=\"false\" data-layout=\"box_count\" data-width=\"55\" data-show-faces=\"false\"><\/div><\/span><\/span><span class=\"mr_social_sharing_top\"><fb:share-button type=\"box_count\" href=\"http:\/\/www.blogdopilako.com.br\/wp\/2019\/06\/18\/mercado-de-gravata-x-mercado-de-vitoria-e-o-mesmo-que-comparar-a-suecia-com-a-venezuela\/\"><\/fb:share-button><\/span><span class=\"mr_social_sharing\"><a rel=\"nofollow\" class=\"linksalpha_button linksalpha_link\" href=\"\/\/www.linksalpha.com\/social\/mobile\" data-url=\"http:\/\/www.blogdopilako.com.br\/wp\/2019\/06\/18\/mercado-de-gravata-x-mercado-de-vitoria-e-o-mesmo-que-comparar-a-suecia-com-a-venezuela\/\" data-text=\"Mercado de Gravat\u00e1 X Mercado de Vit\u00f3ria: \u00e9 o mesmo que comparar a Su\u00e9cia com a Venezuela!!!\" data-desc=\"Acompanhado de amigos, dias atr\u00e1s, mais uma vez estive no Mercado P\u00fablico da vizinha cidade de Gravat\u00e1. No intervalo da prosa, da boa m\u00fasica, do petisco e de algumas doses de \u00e1gua que passarinho n\u00e3o bebe circulei pelo entorno do referido equipamento p\u00fablico. Antes, por\u00e9m, devo lembrar que a\" data-image=\"http:\/\/www.blogdopilako.com.br\/wp\/wp-content\/uploads\/2019\/06\/4312e53a-8c67-4b8a-bc36-7b6bf5b82ce5-1024x768.jpg\" data-button=\"none\">\n\t\t\t\t\t<img src=\"\/\/www.linksalpha.com\/images\/social_share_button.png\" alt=\"Share\" class=\"linksalpha_image\" \/>\n\t\t\t\t\t<\/a><script type=\"text\/javascript\" src=\"\/\/www.linksalpha.com\/scripts\/loader_iconbox.js?v=2.4\"><\/script><\/span><\/div>","protected":false},"excerpt":{"rendered":"\n\t\t\t\t<div class=\"mr_social_sharing_wrapper\">\n\t\t\t\t<!-- Social Sharing Toolkit v2.2 --><span class=\"mr_social_sharing_top\"><span style=\"display: inline-block; width: 55px; height: 62px; overflow: hidden;\"><div class=\"fb-like\" data-href=\"http:\/\/www.blogdopilako.com.br\/wp\/2019\/06\/18\/mercado-de-gravata-x-mercado-de-vitoria-e-o-mesmo-que-comparar-a-suecia-com-a-venezuela\/\" data-send=\"false\" data-layout=\"box_count\" data-width=\"55\" data-show-faces=\"false\"><\/div><\/span><\/span><span class=\"mr_social_sharing_top\"><fb:share-button type=\"box_count\" href=\"http:\/\/www.blogdopilako.com.br\/wp\/2019\/06\/18\/mercado-de-gravata-x-mercado-de-vitoria-e-o-mesmo-que-comparar-a-suecia-com-a-venezuela\/\"><\/fb:share-button><\/span><span class=\"mr_social_sharing\"><a rel=\"nofollow\" class=\"linksalpha_button linksalpha_link\" href=\"\/\/www.linksalpha.com\/social\/mobile\" data-url=\"http:\/\/www.blogdopilako.com.br\/wp\/2019\/06\/18\/mercado-de-gravata-x-mercado-de-vitoria-e-o-mesmo-que-comparar-a-suecia-com-a-venezuela\/\" data-text=\"Mercado de Gravat\u00e1 X Mercado de Vit\u00f3ria: \u00e9 o mesmo que comparar a Su\u00e9cia com a Venezuela!!!\" data-desc=\"Acompanhado de amigos, dias atr\u00e1s, mais uma vez estive no Mercado P\u00fablico da vizinha cidade de Gravat\u00e1. No intervalo da prosa, da boa m\u00fasica, do petisco e de algumas doses de \u00e1gua que passarinho n\u00e3o bebe circulei pelo entorno do referido equipamento p\u00fablico. Antes, por\u00e9m, devo lembrar que a\" data-image=\"\" data-button=\"none\">\n\t\t\t\t\t<img src=\"\/\/www.linksalpha.com\/images\/social_share_button.png\" alt=\"Share\" class=\"linksalpha_image\" \/>\n\t\t\t\t\t<\/a><script type=\"text\/javascript\" src=\"\/\/www.linksalpha.com\/scripts\/loader_iconbox.js?v=2.4\"><\/script><\/span><\/div><p>Acompanhado de amigos, dias atr\u00e1s, mais uma vez estive no Mercado P\u00fablico da vizinha cidade de Gravat\u00e1. No intervalo da prosa, da boa m\u00fasica, do petisco e de algumas doses de \u00e1gua que passarinho n\u00e3o bebe circulei pelo entorno do &hellip; <a href=\"http:\/\/www.blogdopilako.com.br\/wp\/2019\/06\/18\/mercado-de-gravata-x-mercado-de-vitoria-e-o-mesmo-que-comparar-a-suecia-com-a-venezuela\/\">Continue lendo <span class=\"meta-nav\">&rarr;<\/span><\/a><\/p>\n\n\t\t\t\t<div class=\"mr_social_sharing_wrapper\">\n\t\t\t\t<!-- Social Sharing Toolkit v2.2 --><span class=\"mr_social_sharing_top\"><span style=\"display: inline-block; width: 55px; height: 62px; overflow: hidden;\"><div class=\"fb-like\" data-href=\"http:\/\/www.blogdopilako.com.br\/wp\/2019\/06\/18\/mercado-de-gravata-x-mercado-de-vitoria-e-o-mesmo-que-comparar-a-suecia-com-a-venezuela\/\" data-send=\"false\" data-layout=\"box_count\" data-width=\"55\" data-show-faces=\"false\"><\/div><\/span><\/span><span class=\"mr_social_sharing_top\"><fb:share-button type=\"box_count\" href=\"http:\/\/www.blogdopilako.com.br\/wp\/2019\/06\/18\/mercado-de-gravata-x-mercado-de-vitoria-e-o-mesmo-que-comparar-a-suecia-com-a-venezuela\/\"><\/fb:share-button><\/span><span class=\"mr_social_sharing\"><a rel=\"nofollow\" class=\"linksalpha_button linksalpha_link\" href=\"\/\/www.linksalpha.com\/social\/mobile\" data-url=\"http:\/\/www.blogdopilako.com.br\/wp\/2019\/06\/18\/mercado-de-gravata-x-mercado-de-vitoria-e-o-mesmo-que-comparar-a-suecia-com-a-venezuela\/\" data-text=\"Mercado de Gravat\u00e1 X Mercado de Vit\u00f3ria: \u00e9 o mesmo que comparar a Su\u00e9cia com a Venezuela!!!\" data-desc=\"Acompanhado de amigos, dias atr\u00e1s, mais uma vez estive no Mercado P\u00fablico da vizinha cidade de Gravat\u00e1. No intervalo da prosa, da boa m\u00fasica, do petisco e de algumas doses de \u00e1gua que passarinho n\u00e3o bebe circulei pelo entorno do referido equipamento p\u00fablico. Antes, por\u00e9m, devo lembrar que a\" data-image=\"\" data-button=\"none\">\n\t\t\t\t\t<img src=\"\/\/www.linksalpha.com\/images\/social_share_button.png\" alt=\"Share\" class=\"linksalpha_image\" \/>\n\t\t\t\t\t<\/a><script type=\"text\/javascript\" src=\"\/\/www.linksalpha.com\/scripts\/loader_iconbox.js?v=2.4\"><\/script><\/span><\/div>","protected":false},"author":2,"featured_media":0,"comment_status":"open","ping_status":"open","sticky":false,"template":"","format":"standard","meta":[],"categories":[21],"tags":[],"_links":{"self":[{"href":"http:\/\/www.blogdopilako.com.br\/wp\/wp-json\/wp\/v2\/posts\/123275"}],"collection":[{"href":"http:\/\/www.blogdopilako.com.br\/wp\/wp-json\/wp\/v2\/posts"}],"about":[{"href":"http:\/\/www.blogdopilako.com.br\/wp\/wp-json\/wp\/v2\/types\/post"}],"author":[{"embeddable":true,"href":"http:\/\/www.blogdopilako.com.br\/wp\/wp-json\/wp\/v2\/users\/2"}],"replies":[{"embeddable":true,"href":"http:\/\/www.blogdopilako.com.br\/wp\/wp-json\/wp\/v2\/comments?post=123275"}],"version-history":[{"count":2,"href":"http:\/\/www.blogdopilako.com.br\/wp\/wp-json\/wp\/v2\/posts\/123275\/revisions"}],"predecessor-version":[{"id":123282,"href":"http:\/\/www.blogdopilako.com.br\/wp\/wp-json\/wp\/v2\/posts\/123275\/revisions\/123282"}],"wp:attachment":[{"href":"http:\/\/www.blogdopilako.com.br\/wp\/wp-json\/wp\/v2\/media?parent=123275"}],"wp:term":[{"taxonomy":"category","embeddable":true,"href":"http:\/\/www.blogdopilako.com.br\/wp\/wp-json\/wp\/v2\/categories?post=123275"},{"taxonomy":"post_tag","embeddable":true,"href":"http:\/\/www.blogdopilako.com.br\/wp\/wp-json\/wp\/v2\/tags?post=123275"}],"curies":[{"name":"wp","href":"https:\/\/api.w.org\/{rel}","templated":true}]}}