{"id":123185,"date":"2019-06-14T11:10:33","date_gmt":"2019-06-14T14:10:33","guid":{"rendered":"http:\/\/www.blogdopilako.com.br\/wp\/?p=123185"},"modified":"2019-06-14T08:26:09","modified_gmt":"2019-06-14T11:26:09","slug":"zeze-do-forro-canta-querida-de-aldenisio-tavares-36","status":"publish","type":"post","link":"http:\/\/www.blogdopilako.com.br\/wp\/2019\/06\/14\/zeze-do-forro-canta-querida-de-aldenisio-tavares-36\/","title":{"rendered":"Zez\u00e9 do Forr\u00f3 canta \u201cQuerida\u201d de Aldenisio Tavares."},"content":{"rendered":"\n\t\t\t\t<div class=\"mr_social_sharing_wrapper\">\n\t\t\t\t<!-- Social Sharing Toolkit v2.2 --><span class=\"mr_social_sharing_top\"><span style=\"display: inline-block; width: 55px; height: 62px; overflow: hidden;\"><div class=\"fb-like\" data-href=\"http:\/\/www.blogdopilako.com.br\/wp\/2019\/06\/14\/zeze-do-forro-canta-querida-de-aldenisio-tavares-36\/\" data-send=\"false\" data-layout=\"box_count\" data-width=\"55\" data-show-faces=\"false\"><\/div><\/span><\/span><span class=\"mr_social_sharing_top\"><fb:share-button type=\"box_count\" href=\"http:\/\/www.blogdopilako.com.br\/wp\/2019\/06\/14\/zeze-do-forro-canta-querida-de-aldenisio-tavares-36\/\"><\/fb:share-button><\/span><span class=\"mr_social_sharing\"><a rel=\"nofollow\" class=\"linksalpha_button linksalpha_link\" href=\"\/\/www.linksalpha.com\/social\/mobile\" data-url=\"http:\/\/www.blogdopilako.com.br\/wp\/2019\/06\/14\/zeze-do-forro-canta-querida-de-aldenisio-tavares-36\/\" data-text=\"Zez\u00e9 do Forr\u00f3 canta \u201cQuerida\u201d de Aldenisio Tavares.\" data-desc=\"CD de Zez\u00e9 do Forr\u00f3 - \u00a0m\u00fasica QUERIDA - autoria Aldenisio Tavares. Querida - Zez\u00e9 do Forr\u00f3 Aldenisio Tavares\" data-image=\"http:\/\/www.blogdopilako.com.br\/wp\/wp-content\/uploads\/2019\/06\/zeze2-1.jpg\" data-button=\"none\">\n\t\t\t\t\t<img src=\"\/\/www.linksalpha.com\/images\/social_share_button.png\" alt=\"Share\" class=\"linksalpha_image\" \/>\n\t\t\t\t\t<\/a><script type=\"text\/javascript\" src=\"\/\/www.linksalpha.com\/scripts\/loader_iconbox.js?v=2.4\"><\/script><\/span><\/div><p><a href=\"http:\/\/www.blogdopilako.com.br\/wp\/wp-content\/uploads\/2019\/06\/zeze2-1.jpg\"><img loading=\"lazy\" class=\"aligncenter size-full wp-image-123186\" src=\"http:\/\/www.blogdopilako.com.br\/wp\/wp-content\/uploads\/2019\/06\/zeze2-1.jpg\" alt=\"\" width=\"343\" height=\"343\" srcset=\"http:\/\/www.blogdopilako.com.br\/wp\/wp-content\/uploads\/2019\/06\/zeze2-1.jpg 343w, http:\/\/www.blogdopilako.com.br\/wp\/wp-content\/uploads\/2019\/06\/zeze2-1-150x150.jpg 150w, http:\/\/www.blogdopilako.com.br\/wp\/wp-content\/uploads\/2019\/06\/zeze2-1-300x300.jpg 300w\" sizes=\"(max-width: 343px) 100vw, 343px\" \/><\/a><\/p>\n<p>CD de <strong>Zez\u00e9 do Forr\u00f3 &#8211; <\/strong>\u00a0m\u00fasica <strong>QUERIDA &#8211; <\/strong>autoria <strong>Aldenisio Tavares<\/strong>.<\/p>\n<p><strong><span class=\"wpaudio-container\"><a id=\"wpaudio-5d0383db8601d\" class=\"wpaudio wpaudio-enc\" href=\"http:\/\/www.blogdopilako.com.br\/wp\/wp-content\/uploads\/Querida-Zeze-do-Forro.mp3\"><img class=\"wpaudio-play\" src=\"http:\/\/www.blogdopilako.com.br\/wp\/wp-content\/plugins\/wpaudio-mp3-player\/wpaudio-play.png\" \/>Querida &#8211; Zez\u00e9 do Forr\u00f3<\/a><\/span><\/strong><\/p>\n<p>Aldenisio Tavares<\/p>\n\n\t\t\t\t<div class=\"mr_social_sharing_wrapper\">\n\t\t\t\t<!-- Social Sharing Toolkit v2.2 --><span class=\"mr_social_sharing_top\"><span style=\"display: inline-block; width: 55px; height: 62px; overflow: hidden;\"><div class=\"fb-like\" data-href=\"http:\/\/www.blogdopilako.com.br\/wp\/2019\/06\/14\/zeze-do-forro-canta-querida-de-aldenisio-tavares-36\/\" data-send=\"false\" data-layout=\"box_count\" data-width=\"55\" data-show-faces=\"false\"><\/div><\/span><\/span><span class=\"mr_social_sharing_top\"><fb:share-button type=\"box_count\" href=\"http:\/\/www.blogdopilako.com.br\/wp\/2019\/06\/14\/zeze-do-forro-canta-querida-de-aldenisio-tavares-36\/\"><\/fb:share-button><\/span><span class=\"mr_social_sharing\"><a rel=\"nofollow\" class=\"linksalpha_button linksalpha_link\" href=\"\/\/www.linksalpha.com\/social\/mobile\" data-url=\"http:\/\/www.blogdopilako.com.br\/wp\/2019\/06\/14\/zeze-do-forro-canta-querida-de-aldenisio-tavares-36\/\" data-text=\"Zez\u00e9 do Forr\u00f3 canta \u201cQuerida\u201d de Aldenisio Tavares.\" data-desc=\"CD de Zez\u00e9 do Forr\u00f3 - \u00a0m\u00fasica QUERIDA - autoria Aldenisio Tavares. Querida - Zez\u00e9 do Forr\u00f3 Aldenisio Tavares\" data-image=\"http:\/\/www.blogdopilako.com.br\/wp\/wp-content\/uploads\/2019\/06\/zeze2-1.jpg\" data-button=\"none\">\n\t\t\t\t\t<img src=\"\/\/www.linksalpha.com\/images\/social_share_button.png\" alt=\"Share\" class=\"linksalpha_image\" \/>\n\t\t\t\t\t<\/a><script type=\"text\/javascript\" src=\"\/\/www.linksalpha.com\/scripts\/loader_iconbox.js?v=2.4\"><\/script><\/span><\/div>","protected":false},"excerpt":{"rendered":"\n\t\t\t\t<div class=\"mr_social_sharing_wrapper\">\n\t\t\t\t<!-- Social Sharing Toolkit v2.2 --><span class=\"mr_social_sharing_top\"><span style=\"display: inline-block; width: 55px; height: 62px; overflow: hidden;\"><div class=\"fb-like\" data-href=\"http:\/\/www.blogdopilako.com.br\/wp\/2019\/06\/14\/zeze-do-forro-canta-querida-de-aldenisio-tavares-36\/\" data-send=\"false\" data-layout=\"box_count\" data-width=\"55\" data-show-faces=\"false\"><\/div><\/span><\/span><span class=\"mr_social_sharing_top\"><fb:share-button type=\"box_count\" href=\"http:\/\/www.blogdopilako.com.br\/wp\/2019\/06\/14\/zeze-do-forro-canta-querida-de-aldenisio-tavares-36\/\"><\/fb:share-button><\/span><span class=\"mr_social_sharing\"><a rel=\"nofollow\" class=\"linksalpha_button linksalpha_link\" href=\"\/\/www.linksalpha.com\/social\/mobile\" data-url=\"http:\/\/www.blogdopilako.com.br\/wp\/2019\/06\/14\/zeze-do-forro-canta-querida-de-aldenisio-tavares-36\/\" data-text=\"Zez\u00e9 do Forr\u00f3 canta \u201cQuerida\u201d de Aldenisio Tavares.\" data-desc=\"CD de Zez\u00e9 do Forr\u00f3 - \u00a0m\u00fasica QUERIDA - autoria Aldenisio Tavares. Querida - Zez\u00e9 do Forr\u00f3 Aldenisio Tavares\" data-image=\"\" data-button=\"none\">\n\t\t\t\t\t<img src=\"\/\/www.linksalpha.com\/images\/social_share_button.png\" alt=\"Share\" class=\"linksalpha_image\" \/>\n\t\t\t\t\t<\/a><script type=\"text\/javascript\" src=\"\/\/www.linksalpha.com\/scripts\/loader_iconbox.js?v=2.4\"><\/script><\/span><\/div><p>CD de Zez\u00e9 do Forr\u00f3 &#8211; \u00a0m\u00fasica QUERIDA &#8211; autoria Aldenisio Tavares. Querida &#8211; Zez\u00e9 do Forr\u00f3 Aldenisio Tavares<\/p>\n\n\t\t\t\t<div class=\"mr_social_sharing_wrapper\">\n\t\t\t\t<!-- Social Sharing Toolkit v2.2 --><span class=\"mr_social_sharing_top\"><span style=\"display: inline-block; width: 55px; height: 62px; overflow: hidden;\"><div class=\"fb-like\" data-href=\"http:\/\/www.blogdopilako.com.br\/wp\/2019\/06\/14\/zeze-do-forro-canta-querida-de-aldenisio-tavares-36\/\" data-send=\"false\" data-layout=\"box_count\" data-width=\"55\" data-show-faces=\"false\"><\/div><\/span><\/span><span class=\"mr_social_sharing_top\"><fb:share-button type=\"box_count\" href=\"http:\/\/www.blogdopilako.com.br\/wp\/2019\/06\/14\/zeze-do-forro-canta-querida-de-aldenisio-tavares-36\/\"><\/fb:share-button><\/span><span class=\"mr_social_sharing\"><a rel=\"nofollow\" class=\"linksalpha_button linksalpha_link\" href=\"\/\/www.linksalpha.com\/social\/mobile\" data-url=\"http:\/\/www.blogdopilako.com.br\/wp\/2019\/06\/14\/zeze-do-forro-canta-querida-de-aldenisio-tavares-36\/\" data-text=\"Zez\u00e9 do Forr\u00f3 canta \u201cQuerida\u201d de Aldenisio Tavares.\" data-desc=\"CD de Zez\u00e9 do Forr\u00f3 - \u00a0m\u00fasica QUERIDA - autoria Aldenisio Tavares. Querida - Zez\u00e9 do Forr\u00f3 Aldenisio Tavares\" data-image=\"\" data-button=\"none\">\n\t\t\t\t\t<img src=\"\/\/www.linksalpha.com\/images\/social_share_button.png\" alt=\"Share\" class=\"linksalpha_image\" \/>\n\t\t\t\t\t<\/a><script type=\"text\/javascript\" src=\"\/\/www.linksalpha.com\/scripts\/loader_iconbox.js?v=2.4\"><\/script><\/span><\/div>","protected":false},"author":2,"featured_media":0,"comment_status":"open","ping_status":"open","sticky":false,"template":"","format":"standard","meta":[],"categories":[17],"tags":[],"_links":{"self":[{"href":"http:\/\/www.blogdopilako.com.br\/wp\/wp-json\/wp\/v2\/posts\/123185"}],"collection":[{"href":"http:\/\/www.blogdopilako.com.br\/wp\/wp-json\/wp\/v2\/posts"}],"about":[{"href":"http:\/\/www.blogdopilako.com.br\/wp\/wp-json\/wp\/v2\/types\/post"}],"author":[{"embeddable":true,"href":"http:\/\/www.blogdopilako.com.br\/wp\/wp-json\/wp\/v2\/users\/2"}],"replies":[{"embeddable":true,"href":"http:\/\/www.blogdopilako.com.br\/wp\/wp-json\/wp\/v2\/comments?post=123185"}],"version-history":[{"count":1,"href":"http:\/\/www.blogdopilako.com.br\/wp\/wp-json\/wp\/v2\/posts\/123185\/revisions"}],"predecessor-version":[{"id":123187,"href":"http:\/\/www.blogdopilako.com.br\/wp\/wp-json\/wp\/v2\/posts\/123185\/revisions\/123187"}],"wp:attachment":[{"href":"http:\/\/www.blogdopilako.com.br\/wp\/wp-json\/wp\/v2\/media?parent=123185"}],"wp:term":[{"taxonomy":"category","embeddable":true,"href":"http:\/\/www.blogdopilako.com.br\/wp\/wp-json\/wp\/v2\/categories?post=123185"},{"taxonomy":"post_tag","embeddable":true,"href":"http:\/\/www.blogdopilako.com.br\/wp\/wp-json\/wp\/v2\/tags?post=123185"}],"curies":[{"name":"wp","href":"https:\/\/api.w.org\/{rel}","templated":true}]}}