{"id":123172,"date":"2019-06-13T14:20:55","date_gmt":"2019-06-13T17:20:55","guid":{"rendered":"http:\/\/www.blogdopilako.com.br\/wp\/?p=123172"},"modified":"2019-06-13T10:13:41","modified_gmt":"2019-06-13T13:13:41","slug":"momento-cultural-beijo-proibido-por-gustavo-ferrer-carneiro-5","status":"publish","type":"post","link":"http:\/\/www.blogdopilako.com.br\/wp\/2019\/06\/13\/momento-cultural-beijo-proibido-por-gustavo-ferrer-carneiro-5\/","title":{"rendered":"Momento Cultural: Beijo proibido \u2013 por GUSTAVO FERRER CARNEIRO."},"content":{"rendered":"\n\t\t\t\t<div class=\"mr_social_sharing_wrapper\">\n\t\t\t\t<!-- Social Sharing Toolkit v2.2 --><span class=\"mr_social_sharing_top\"><span style=\"display: inline-block; width: 55px; height: 62px; overflow: hidden;\"><div class=\"fb-like\" data-href=\"http:\/\/www.blogdopilako.com.br\/wp\/2019\/06\/13\/momento-cultural-beijo-proibido-por-gustavo-ferrer-carneiro-5\/\" data-send=\"false\" data-layout=\"box_count\" data-width=\"55\" data-show-faces=\"false\"><\/div><\/span><\/span><span class=\"mr_social_sharing_top\"><fb:share-button type=\"box_count\" href=\"http:\/\/www.blogdopilako.com.br\/wp\/2019\/06\/13\/momento-cultural-beijo-proibido-por-gustavo-ferrer-carneiro-5\/\"><\/fb:share-button><\/span><span class=\"mr_social_sharing\"><a rel=\"nofollow\" class=\"linksalpha_button linksalpha_link\" href=\"\/\/www.linksalpha.com\/social\/mobile\" data-url=\"http:\/\/www.blogdopilako.com.br\/wp\/2019\/06\/13\/momento-cultural-beijo-proibido-por-gustavo-ferrer-carneiro-5\/\" data-text=\"Momento Cultural: Beijo proibido \u2013 por GUSTAVO FERRER CARNEIRO.\" data-desc=\"A for\u00e7a do poder Ou n\u00e3o poder A d\u00favida do n\u00e3o querer Querendo\u2026 Um simples aperto de m\u00e3o Fascina\u00e7\u00e3o abstrata Mera ilus\u00e3o caricata Provocando certo arrepio Cora\u00e7\u00e3o chegando na boca O corpo sentindo frio A pele de pulso branco, Indefeso C\u00fatis macia, membro ileso Magro e azulado Latejando\" data-image=\"http:\/\/www.blogdopilako.com.br\/wp\/wp-content\/uploads\/2019\/06\/Gustavo-Ferrer-Carneiro.jpg\" data-button=\"none\">\n\t\t\t\t\t<img src=\"\/\/www.linksalpha.com\/images\/social_share_button.png\" alt=\"Share\" class=\"linksalpha_image\" \/>\n\t\t\t\t\t<\/a><script type=\"text\/javascript\" src=\"\/\/www.linksalpha.com\/scripts\/loader_iconbox.js?v=2.4\"><\/script><\/span><\/div><p><a href=\"http:\/\/www.blogdopilako.com.br\/wp\/wp-content\/uploads\/2019\/06\/Gustavo-Ferrer-Carneiro.jpg\"><img loading=\"lazy\" class=\"aligncenter size-full wp-image-123173\" src=\"http:\/\/www.blogdopilako.com.br\/wp\/wp-content\/uploads\/2019\/06\/Gustavo-Ferrer-Carneiro.jpg\" alt=\"\" width=\"311\" height=\"463\" srcset=\"http:\/\/www.blogdopilako.com.br\/wp\/wp-content\/uploads\/2019\/06\/Gustavo-Ferrer-Carneiro.jpg 311w, http:\/\/www.blogdopilako.com.br\/wp\/wp-content\/uploads\/2019\/06\/Gustavo-Ferrer-Carneiro-202x300.jpg 202w\" sizes=\"(max-width: 311px) 100vw, 311px\" \/><\/a><\/p>\n<p style=\"text-align: center;\">A for\u00e7a do poder<\/p>\n<p style=\"text-align: center;\">Ou n\u00e3o poder<\/p>\n<p style=\"text-align: center;\">A d\u00favida do n\u00e3o querer<\/p>\n<p style=\"text-align: center;\">Querendo\u2026<\/p>\n<p style=\"text-align: center;\">Um simples aperto de m\u00e3o<\/p>\n<p style=\"text-align: center;\">Fascina\u00e7\u00e3o abstrata<\/p>\n<p style=\"text-align: center;\">Mera ilus\u00e3o caricata<\/p>\n<p style=\"text-align: center;\">Provocando certo arrepio<\/p>\n<p style=\"text-align: center;\">Cora\u00e7\u00e3o chegando na boca<\/p>\n<p style=\"text-align: center;\">O corpo sentindo frio<\/p>\n<p style=\"text-align: center;\">A pele de pulso branco,<\/p>\n<p style=\"text-align: center;\">Indefeso<\/p>\n<p style=\"text-align: center;\">C\u00fatis macia, membro ileso<\/p>\n<p style=\"text-align: center;\">Magro e azulado<\/p>\n<p style=\"text-align: center;\">Latejando sob o polegar<\/p>\n<p style=\"text-align: center;\">Em outro lugar<\/p>\n<p style=\"text-align: center;\">Mais profundo<\/p>\n<p style=\"text-align: center;\">Mais secreto<\/p>\n<p style=\"text-align: center;\">Imposs\u00edvel de ser alcan\u00e7ado\u2026<\/p>\n<p style=\"text-align: center;\">Frustra\u00e7\u00e3o exacerbada<\/p>\n<p style=\"text-align: center;\">Perto bastante para ser tocada,<\/p>\n<p style=\"text-align: center;\">Sentida e enxergada<\/p>\n<p style=\"text-align: center;\">Com perfume exalante<\/p>\n<p style=\"text-align: center;\">Um olhar excitante<\/p>\n<p style=\"text-align: center;\">Que s\u00f3 desperta desejo<\/p>\n<p style=\"text-align: center;\">Traz a \u00e2nsia de um beijo<\/p>\n<p style=\"text-align: center;\">Beijo roubado<\/p>\n<p style=\"text-align: center;\">Beijo querido<\/p>\n<p style=\"text-align: center;\">Beijo de carinho e paix\u00e3o<\/p>\n<p style=\"text-align: center;\">Beijo com fervor<\/p>\n<p style=\"text-align: center;\">Quase adora\u00e7\u00e3o<\/p>\n<p style=\"text-align: center;\">Beijo de amor<\/p>\n<p style=\"text-align: center;\">Com gosto de veludo<\/p>\n<p style=\"text-align: center;\">Beijo concebido<\/p>\n<p style=\"text-align: center;\">Acima de tudo<\/p>\n<p style=\"text-align: center;\">Beijo desejado<\/p>\n<p style=\"text-align: center;\">Beijo proibido<\/p>\n<p>(MOSAICO DE REFLEX\u00d5ES \u2013 GUSTAVO FERRER CARNEIRO \u2013 p\u00e1g. 29).<\/p>\n\n\t\t\t\t<div class=\"mr_social_sharing_wrapper\">\n\t\t\t\t<!-- Social Sharing Toolkit v2.2 --><span class=\"mr_social_sharing_top\"><span style=\"display: inline-block; width: 55px; height: 62px; overflow: hidden;\"><div class=\"fb-like\" data-href=\"http:\/\/www.blogdopilako.com.br\/wp\/2019\/06\/13\/momento-cultural-beijo-proibido-por-gustavo-ferrer-carneiro-5\/\" data-send=\"false\" data-layout=\"box_count\" data-width=\"55\" data-show-faces=\"false\"><\/div><\/span><\/span><span class=\"mr_social_sharing_top\"><fb:share-button type=\"box_count\" href=\"http:\/\/www.blogdopilako.com.br\/wp\/2019\/06\/13\/momento-cultural-beijo-proibido-por-gustavo-ferrer-carneiro-5\/\"><\/fb:share-button><\/span><span class=\"mr_social_sharing\"><a rel=\"nofollow\" class=\"linksalpha_button linksalpha_link\" href=\"\/\/www.linksalpha.com\/social\/mobile\" data-url=\"http:\/\/www.blogdopilako.com.br\/wp\/2019\/06\/13\/momento-cultural-beijo-proibido-por-gustavo-ferrer-carneiro-5\/\" data-text=\"Momento Cultural: Beijo proibido \u2013 por GUSTAVO FERRER CARNEIRO.\" data-desc=\"A for\u00e7a do poder Ou n\u00e3o poder A d\u00favida do n\u00e3o querer Querendo\u2026 Um simples aperto de m\u00e3o Fascina\u00e7\u00e3o abstrata Mera ilus\u00e3o caricata Provocando certo arrepio Cora\u00e7\u00e3o chegando na boca O corpo sentindo frio A pele de pulso branco, Indefeso C\u00fatis macia, membro ileso Magro e azulado Latejando\" data-image=\"http:\/\/www.blogdopilako.com.br\/wp\/wp-content\/uploads\/2019\/06\/Gustavo-Ferrer-Carneiro.jpg\" data-button=\"none\">\n\t\t\t\t\t<img src=\"\/\/www.linksalpha.com\/images\/social_share_button.png\" alt=\"Share\" class=\"linksalpha_image\" \/>\n\t\t\t\t\t<\/a><script type=\"text\/javascript\" src=\"\/\/www.linksalpha.com\/scripts\/loader_iconbox.js?v=2.4\"><\/script><\/span><\/div>","protected":false},"excerpt":{"rendered":"\n\t\t\t\t<div class=\"mr_social_sharing_wrapper\">\n\t\t\t\t<!-- Social Sharing Toolkit v2.2 --><span class=\"mr_social_sharing_top\"><span style=\"display: inline-block; width: 55px; height: 62px; overflow: hidden;\"><div class=\"fb-like\" data-href=\"http:\/\/www.blogdopilako.com.br\/wp\/2019\/06\/13\/momento-cultural-beijo-proibido-por-gustavo-ferrer-carneiro-5\/\" data-send=\"false\" data-layout=\"box_count\" data-width=\"55\" data-show-faces=\"false\"><\/div><\/span><\/span><span class=\"mr_social_sharing_top\"><fb:share-button type=\"box_count\" href=\"http:\/\/www.blogdopilako.com.br\/wp\/2019\/06\/13\/momento-cultural-beijo-proibido-por-gustavo-ferrer-carneiro-5\/\"><\/fb:share-button><\/span><span class=\"mr_social_sharing\"><a rel=\"nofollow\" class=\"linksalpha_button linksalpha_link\" href=\"\/\/www.linksalpha.com\/social\/mobile\" data-url=\"http:\/\/www.blogdopilako.com.br\/wp\/2019\/06\/13\/momento-cultural-beijo-proibido-por-gustavo-ferrer-carneiro-5\/\" data-text=\"Momento Cultural: Beijo proibido \u2013 por GUSTAVO FERRER CARNEIRO.\" data-desc=\"A for\u00e7a do poder Ou n\u00e3o poder A d\u00favida do n\u00e3o querer Querendo\u2026 Um simples aperto de m\u00e3o Fascina\u00e7\u00e3o abstrata Mera ilus\u00e3o caricata Provocando certo arrepio Cora\u00e7\u00e3o chegando na boca O corpo sentindo frio A pele de pulso branco, Indefeso C\u00fatis macia, membro ileso Magro e azulado Latejando\" data-image=\"\" data-button=\"none\">\n\t\t\t\t\t<img src=\"\/\/www.linksalpha.com\/images\/social_share_button.png\" alt=\"Share\" class=\"linksalpha_image\" \/>\n\t\t\t\t\t<\/a><script type=\"text\/javascript\" src=\"\/\/www.linksalpha.com\/scripts\/loader_iconbox.js?v=2.4\"><\/script><\/span><\/div><p>A for\u00e7a do poder Ou n\u00e3o poder A d\u00favida do n\u00e3o querer Querendo\u2026 Um simples aperto de m\u00e3o Fascina\u00e7\u00e3o abstrata Mera ilus\u00e3o caricata Provocando certo arrepio Cora\u00e7\u00e3o chegando na boca O corpo sentindo frio A pele de pulso branco, Indefeso &hellip; <a href=\"http:\/\/www.blogdopilako.com.br\/wp\/2019\/06\/13\/momento-cultural-beijo-proibido-por-gustavo-ferrer-carneiro-5\/\">Continue lendo <span class=\"meta-nav\">&rarr;<\/span><\/a><\/p>\n\n\t\t\t\t<div class=\"mr_social_sharing_wrapper\">\n\t\t\t\t<!-- Social Sharing Toolkit v2.2 --><span class=\"mr_social_sharing_top\"><span style=\"display: inline-block; width: 55px; height: 62px; overflow: hidden;\"><div class=\"fb-like\" data-href=\"http:\/\/www.blogdopilako.com.br\/wp\/2019\/06\/13\/momento-cultural-beijo-proibido-por-gustavo-ferrer-carneiro-5\/\" data-send=\"false\" data-layout=\"box_count\" data-width=\"55\" data-show-faces=\"false\"><\/div><\/span><\/span><span class=\"mr_social_sharing_top\"><fb:share-button type=\"box_count\" href=\"http:\/\/www.blogdopilako.com.br\/wp\/2019\/06\/13\/momento-cultural-beijo-proibido-por-gustavo-ferrer-carneiro-5\/\"><\/fb:share-button><\/span><span class=\"mr_social_sharing\"><a rel=\"nofollow\" class=\"linksalpha_button linksalpha_link\" href=\"\/\/www.linksalpha.com\/social\/mobile\" data-url=\"http:\/\/www.blogdopilako.com.br\/wp\/2019\/06\/13\/momento-cultural-beijo-proibido-por-gustavo-ferrer-carneiro-5\/\" data-text=\"Momento Cultural: Beijo proibido \u2013 por GUSTAVO FERRER CARNEIRO.\" data-desc=\"A for\u00e7a do poder Ou n\u00e3o poder A d\u00favida do n\u00e3o querer Querendo\u2026 Um simples aperto de m\u00e3o Fascina\u00e7\u00e3o abstrata Mera ilus\u00e3o caricata Provocando certo arrepio Cora\u00e7\u00e3o chegando na boca O corpo sentindo frio A pele de pulso branco, Indefeso C\u00fatis macia, membro ileso Magro e azulado Latejando\" data-image=\"\" data-button=\"none\">\n\t\t\t\t\t<img src=\"\/\/www.linksalpha.com\/images\/social_share_button.png\" alt=\"Share\" class=\"linksalpha_image\" \/>\n\t\t\t\t\t<\/a><script type=\"text\/javascript\" src=\"\/\/www.linksalpha.com\/scripts\/loader_iconbox.js?v=2.4\"><\/script><\/span><\/div>","protected":false},"author":2,"featured_media":0,"comment_status":"open","ping_status":"open","sticky":false,"template":"","format":"standard","meta":[],"categories":[114],"tags":[],"_links":{"self":[{"href":"http:\/\/www.blogdopilako.com.br\/wp\/wp-json\/wp\/v2\/posts\/123172"}],"collection":[{"href":"http:\/\/www.blogdopilako.com.br\/wp\/wp-json\/wp\/v2\/posts"}],"about":[{"href":"http:\/\/www.blogdopilako.com.br\/wp\/wp-json\/wp\/v2\/types\/post"}],"author":[{"embeddable":true,"href":"http:\/\/www.blogdopilako.com.br\/wp\/wp-json\/wp\/v2\/users\/2"}],"replies":[{"embeddable":true,"href":"http:\/\/www.blogdopilako.com.br\/wp\/wp-json\/wp\/v2\/comments?post=123172"}],"version-history":[{"count":1,"href":"http:\/\/www.blogdopilako.com.br\/wp\/wp-json\/wp\/v2\/posts\/123172\/revisions"}],"predecessor-version":[{"id":123174,"href":"http:\/\/www.blogdopilako.com.br\/wp\/wp-json\/wp\/v2\/posts\/123172\/revisions\/123174"}],"wp:attachment":[{"href":"http:\/\/www.blogdopilako.com.br\/wp\/wp-json\/wp\/v2\/media?parent=123172"}],"wp:term":[{"taxonomy":"category","embeddable":true,"href":"http:\/\/www.blogdopilako.com.br\/wp\/wp-json\/wp\/v2\/categories?post=123172"},{"taxonomy":"post_tag","embeddable":true,"href":"http:\/\/www.blogdopilako.com.br\/wp\/wp-json\/wp\/v2\/tags?post=123172"}],"curies":[{"name":"wp","href":"https:\/\/api.w.org\/{rel}","templated":true}]}}